{"id":123903,"date":"2025-01-21T09:34:23","date_gmt":"2025-01-21T06:34:23","guid":{"rendered":"https:\/\/www.tgrthaber.com\/mavikadin\/?p=123903"},"modified":"2025-01-21T09:34:23","modified_gmt":"2025-01-21T06:34:23","slug":"ibni-sina-gokce-hatun-kimdir-kac-yasinda-ve-asil-memleketi-neresi","status":"publish","type":"post","link":"https:\/\/www.tgrthaber.com\/mavikadin\/ibni-sina-gokce-hatun-kimdir-kac-yasinda-ve-asil-memleketi-neresi\/","title":{"rendered":"\u0130bni Sina &#8220;G\u00f6k\u00e7e Hatun&#8221; kimdir? Ka\u00e7 ya\u015f\u0131nda ve as\u0131l memleketi neresi?"},"content":{"rendered":"<p>TRT&#8217;nin dijital platformu Tabii&#8217;de yay\u0131nlanan &#8220;K\u00fc\u00e7\u00fck Dahi \u0130bn-i Sina&#8221; dizisi hem tarihin \u00f6nemli bilginlerinden birini hem de d\u00f6nemin toplumsal yap\u0131s\u0131n\u0131 ele alarak dikkatleri \u00fczerine \u00e7ekiyor. \u0130bn-i Sina&#8217;n\u0131n \u00e7ocukluk y\u0131llar\u0131n\u0131 ve onun bilgiye olan a\u00e7l\u0131\u011f\u0131n\u0131 konu alan bu yap\u0131m, tarih merakl\u0131lar\u0131n\u0131 ve dram severleri ekran ba\u015f\u0131na topluyor. Dizinin dikkat \u00e7eken karakterlerinden biri ise, \u0130bni Sina&#8217;n\u0131n abisi Haris&#8217;in a\u015f\u0131k oldu\u011fu G\u00f6k\u00e7e Hatun. G\u00f6k\u00e7e Hatun&#8217;un. G\u00f6k\u00e7e Hatun&#8217;un hikayesi , dizide hem d\u00f6nemin toplumsal normlar\u0131n\u0131 hem de bireysel duygusal \u00e7at\u0131\u015fmalar\u0131 g\u00f6zler \u00f6n\u00fcne seriyor.<\/p>\n<p><img loading=\"lazy\" decoding=\"async\" class=\"alignnone wp-image-123908\" src=\"https:\/\/www.tgrthaber.com\/mavikadin\/wp-content\/uploads\/Purple-Aesthetic-Watercolor-Zoom-Virtual-Background-4-28.png\" alt=\"\" width=\"1208\" height=\"680\" title=\"\" srcset=\"https:\/\/www.tgrthaber.com\/mavikadin\/wp-content\/uploads\/Purple-Aesthetic-Watercolor-Zoom-Virtual-Background-4-28.png 1280w, https:\/\/www.tgrthaber.com\/mavikadin\/wp-content\/uploads\/Purple-Aesthetic-Watercolor-Zoom-Virtual-Background-4-28-300x169.png 300w, https:\/\/www.tgrthaber.com\/mavikadin\/wp-content\/uploads\/Purple-Aesthetic-Watercolor-Zoom-Virtual-Background-4-28-1024x576.png 1024w, https:\/\/www.tgrthaber.com\/mavikadin\/wp-content\/uploads\/Purple-Aesthetic-Watercolor-Zoom-Virtual-Background-4-28-768x432.png 768w\" sizes=\"(max-width: 1208px) 100vw, 1208px\" \/><\/p>\n<hr \/>\n<h3>G\u00d6K\u00c7E HATUN K\u0130MD\u0130R?<\/h3>\n<p>G\u00f6k\u00e7e Hatun, &#8220;K\u00fc\u00e7\u00fck Dahi \u0130bn-i Sina&#8221; dizisinde \u0130bni-i Sina&#8217;n\u0131n abisi olan Haris&#8217;in g\u00f6nl\u00fcn\u00fc kapt\u0131rd\u0131\u011f\u0131 gen\u00e7 ve g\u00fczel bir kad\u0131nd\u0131r. G\u00fczelli\u011fi ve zarifli\u011fiyle dikkat \u00e7eken G\u00f6k\u00e7e Hatun&#8217;un o d\u00f6nemi sosyal yap\u0131s\u0131nda \u00f6zel bir yeri vard\u0131r. Varl\u0131\u011f\u0131yla Haris&#8217;in ticaret dolu zekas\u0131 i\u00e7in bir denge unsuru olurken, duygusal d\u00fcnyas\u0131n\u0131 da g\u00f6zler \u00f6n\u00fcne seriyor.<\/p>\n<p><img loading=\"lazy\" decoding=\"async\" class=\"alignnone wp-image-123909\" src=\"https:\/\/www.tgrthaber.com\/mavikadin\/wp-content\/uploads\/Purple-Aesthetic-Watercolor-Zoom-Virtual-Background-2-28.png\" alt=\"\" width=\"1209\" height=\"680\" title=\"\" srcset=\"https:\/\/www.tgrthaber.com\/mavikadin\/wp-content\/uploads\/Purple-Aesthetic-Watercolor-Zoom-Virtual-Background-2-28.png 1280w, https:\/\/www.tgrthaber.com\/mavikadin\/wp-content\/uploads\/Purple-Aesthetic-Watercolor-Zoom-Virtual-Background-2-28-300x169.png 300w, https:\/\/www.tgrthaber.com\/mavikadin\/wp-content\/uploads\/Purple-Aesthetic-Watercolor-Zoom-Virtual-Background-2-28-1024x576.png 1024w, https:\/\/www.tgrthaber.com\/mavikadin\/wp-content\/uploads\/Purple-Aesthetic-Watercolor-Zoom-Virtual-Background-2-28-768x432.png 768w\" sizes=\"(max-width: 1209px) 100vw, 1209px\" \/><\/p>\n<hr \/>\n<h3>D\u0130Z\u0130DE G\u00d6K\u00c7E VE HAR\u0130S&#8217;\u0130N \u0130L\u0130\u015eK\u0130S\u0130<\/h3>\n<p>Dizide G\u00f6k\u00e7e Hatun ve Haris&#8217;in ili\u015fkisi, dramatik \u00e7at\u0131\u015fmalarla doludur. Haris&#8217;in ticaret ve maddi kazan\u00e7la olan h\u0131rslar\u0131, G\u00f6k\u00e7e&#8217;ye olan sevgisiyle s\u00fcrekli \u00e7eli\u015fiyor. Bu iki karakterin ya\u015fad\u0131\u011f\u0131 ili\u015fki bize, d\u00f6nemin toplumsal de\u011ferleriyle bireylerin arzular\u0131n\u0131n \u00e7at\u0131\u015fmas\u0131n\u0131 yans\u0131t\u0131yor. \u0130zleyiciler de, bu karma\u015f\u0131k ili\u015fkide a\u015fk\u0131n s\u0131navlar\u0131n\u0131 ve fedakarl\u0131klar\u0131n\u0131 g\u00f6rme f\u0131rsat\u0131 buluyor.<\/p>\n<p><img loading=\"lazy\" decoding=\"async\" class=\"alignnone wp-image-123911\" src=\"https:\/\/www.tgrthaber.com\/mavikadin\/wp-content\/uploads\/Purple-Aesthetic-Watercolor-Zoom-Virtual-Background-3-27.png\" alt=\"\" width=\"1208\" height=\"680\" title=\"\" srcset=\"https:\/\/www.tgrthaber.com\/mavikadin\/wp-content\/uploads\/Purple-Aesthetic-Watercolor-Zoom-Virtual-Background-3-27.png 1280w, https:\/\/www.tgrthaber.com\/mavikadin\/wp-content\/uploads\/Purple-Aesthetic-Watercolor-Zoom-Virtual-Background-3-27-300x169.png 300w, https:\/\/www.tgrthaber.com\/mavikadin\/wp-content\/uploads\/Purple-Aesthetic-Watercolor-Zoom-Virtual-Background-3-27-1024x576.png 1024w, https:\/\/www.tgrthaber.com\/mavikadin\/wp-content\/uploads\/Purple-Aesthetic-Watercolor-Zoom-Virtual-Background-3-27-768x432.png 768w\" sizes=\"(max-width: 1208px) 100vw, 1208px\" \/><\/p>\n<hr \/>\n<h3>G\u00d6K\u00c7E HATUN&#8217;U K\u0130M OYNUYOR<\/h3>\n<p>G\u00f6k\u00e7e Hatun karakterini gen\u00e7 ve g\u00fczel oyuncu ayn\u0131 zamanda sosyal medya fenomeni olan Ece Bi\u00e7ici oynuyor. Daha \u00f6nce sosyal medya platformlar\u0131 Tiktok ve Instagram&#8217;da aktif olan fenomen, G\u00f6k\u00e7e Hatun karakteriyle dikkatleri \u00fcst\u00fcne \u00e7ekiyor. 2006 do\u011fumlu Ece Bi\u00e7ici, bu projeyle oyunculuktan tam not ald\u0131. Zarafeti ve oyunculu\u011fundaki performans\u0131 sayesinde be\u011fenilen Bi\u00e7ici, izleyicilerden tam not alarak oyunculuk kariyerine h\u0131zl\u0131 bir giri\u015f yapt\u0131. \u0130stanbul do\u011fumlu olan oyuncunun aslen nereli oldu\u011funa dair bilgiler yer alm\u0131yor.<\/p>\n<p><img loading=\"lazy\" decoding=\"async\" class=\"alignnone wp-image-123915\" src=\"https:\/\/www.tgrthaber.com\/mavikadin\/wp-content\/uploads\/Purple-Aesthetic-Watercolor-Zoom-Virtual-Background-5-29.png\" alt=\"\" width=\"1208\" height=\"680\" title=\"\" srcset=\"https:\/\/www.tgrthaber.com\/mavikadin\/wp-content\/uploads\/Purple-Aesthetic-Watercolor-Zoom-Virtual-Background-5-29.png 1280w, https:\/\/www.tgrthaber.com\/mavikadin\/wp-content\/uploads\/Purple-Aesthetic-Watercolor-Zoom-Virtual-Background-5-29-300x169.png 300w, https:\/\/www.tgrthaber.com\/mavikadin\/wp-content\/uploads\/Purple-Aesthetic-Watercolor-Zoom-Virtual-Background-5-29-1024x576.png 1024w, https:\/\/www.tgrthaber.com\/mavikadin\/wp-content\/uploads\/Purple-Aesthetic-Watercolor-Zoom-Virtual-Background-5-29-768x432.png 768w\" sizes=\"(max-width: 1208px) 100vw, 1208px\" \/><\/p>\n<hr \/>\n<h3>D\u0130Z\u0130 TAR\u0130H\u0130<\/h3>\n<p>&#8220;K\u00fc\u00e7\u00fck Dahi \u0130bn-i Sina&#8221; dizisi, yaln\u0131zca b\u00fcy\u00fck dahi ibn-i Sina&#8217;n\u0131n t\u0131p alan\u0131ndaki ba\u015far\u0131lar\u0131n\u0131n ba\u015flang\u0131c\u0131ndan de\u011fil, ayn\u0131 zamandan o d\u00f6nemin k\u00fclt\u00fcrel ve sosyal yap\u0131lar\u0131n\u0131 da izleyicilere sunuyor. Haris ve G\u00f6k\u00e7e&#8217;nin hikayesi ise dizinin dram y\u00f6n\u00fcn\u00fc g\u00fc\u00e7lendiren unsurlar aras\u0131nda yer al\u0131yor. \u0130bn-i Sina&#8217;n\u0131n zekas\u0131 ve \u00f6\u011frenmeye olan tutkusuyla beraber Haris&#8217;in hayat\u0131ndaki duygusal \u00e7at\u0131\u015fmalar, izleyicilerle bulu\u015fuyor.<\/p>\n","protected":false},"excerpt":{"rendered":"<p>TRT&#8217;nin dijital platformu Tabii&#8217;de yay\u0131nlanan &#8220;K\u00fc\u00e7\u00fck Dahi \u0130bn-i Sina&#8221; dizisi hem tarihin \u00f6nemli bilginlerinden birini hem de d\u00f6nemin toplumsal yap\u0131s\u0131n\u0131 ele alarak dikkatleri \u00fczerine \u00e7ekiyor. Dizinin dikkat \u00e7eken karakterlerinden biri ise, \u0130bni Sina&#8217;n\u0131n abisi Haris&#8217;in a\u015f\u0131k oldu\u011fu G\u00f6k\u00e7e Hatun. G\u00f6k\u00e7e Hatun&#8217;un. G\u00f6k\u00e7e Hatun&#8217;un hikayesi , dizide hem d\u00f6nemin toplumsal normlar\u0131n\u0131 hem de bireysel duygusal \u00e7at\u0131\u015fmalar\u0131 g\u00f6zler \u00f6n\u00fcne seriyor.<\/p>\n","protected":false},"author":28,"featured_media":123907,"comment_status":"closed","ping_status":"closed","sticky":false,"template":"","format":"standard","meta":{"rank_math_lock_modified_date":false,"footnotes":""},"categories":[491],"tags":[8651,8650],"class_list":["post-123903","post","type-post","status-publish","format-standard","has-post-thumbnail","hentry","category-biyografi","tag-ece-bicici","tag-gokce-hatun"],"_links":{"self":[{"href":"https:\/\/www.tgrthaber.com\/mavikadin\/wp-json\/wp\/v2\/posts\/123903"}],"collection":[{"href":"https:\/\/www.tgrthaber.com\/mavikadin\/wp-json\/wp\/v2\/posts"}],"about":[{"href":"https:\/\/www.tgrthaber.com\/mavikadin\/wp-json\/wp\/v2\/types\/post"}],"author":[{"embeddable":true,"href":"https:\/\/www.tgrthaber.com\/mavikadin\/wp-json\/wp\/v2\/users\/28"}],"replies":[{"embeddable":true,"href":"https:\/\/www.tgrthaber.com\/mavikadin\/wp-json\/wp\/v2\/comments?post=123903"}],"version-history":[{"count":2,"href":"https:\/\/www.tgrthaber.com\/mavikadin\/wp-json\/wp\/v2\/posts\/123903\/revisions"}],"predecessor-version":[{"id":123919,"href":"https:\/\/www.tgrthaber.com\/mavikadin\/wp-json\/wp\/v2\/posts\/123903\/revisions\/123919"}],"wp:featuredmedia":[{"embeddable":true,"href":"https:\/\/www.tgrthaber.com\/mavikadin\/wp-json\/wp\/v2\/media\/123907"}],"wp:attachment":[{"href":"https:\/\/www.tgrthaber.com\/mavikadin\/wp-json\/wp\/v2\/media?parent=123903"}],"wp:term":[{"taxonomy":"category","embeddable":true,"href":"https:\/\/www.tgrthaber.com\/mavikadin\/wp-json\/wp\/v2\/categories?post=123903"},{"taxonomy":"post_tag","embeddable":true,"href":"https:\/\/www.tgrthaber.com\/mavikadin\/wp-json\/wp\/v2\/tags?post=123903"}],"curies":[{"name":"wp","href":"https:\/\/api.w.org\/{rel}","templated":true}]}}