{"id":124004,"date":"2025-01-21T12:37:55","date_gmt":"2025-01-21T09:37:55","guid":{"rendered":"https:\/\/www.tgrthaber.com\/mavikadin\/?p=124004"},"modified":"2025-01-21T12:37:55","modified_gmt":"2025-01-21T09:37:55","slug":"deniz-isin-nasil-unlu-oldu-kiminle-sevgili-kariyeri-ve-oyunculuk-hayati-arastiriliyor","status":"publish","type":"post","link":"https:\/\/www.tgrthaber.com\/mavikadin\/deniz-isin-nasil-unlu-oldu-kiminle-sevgili-kariyeri-ve-oyunculuk-hayati-arastiriliyor\/","title":{"rendered":"Deniz I\u015f\u0131n nas\u0131l \u00fcnl\u00fc oldu, kiminle sevgili? Kariyeri ve oyunculuk hayat\u0131 ara\u015ft\u0131r\u0131l\u0131yor"},"content":{"rendered":"<p>Son zamanlarda Ay\u015fe Bar\u0131m hakk\u0131ndaki a\u00e7\u0131klamalar\u0131yla g\u00fcndeme gelen Deniz I\u015f\u0131n\u2019\u0131n kim oldu\u011fu merak ediliyor. Ba\u015far\u0131l\u0131 oyunculu\u011fuyla tan\u0131nan Deniz I\u015f\u0131n\u2019\u0131n \u00f6zel hayat\u0131 da merak edilenler aras\u0131nda yer al\u0131yor. Peki, Deniz I\u015f\u0131n kimdir? Deniz I\u015f\u0131n ka\u00e7 ya\u015f\u0131nda, nerede ya\u015f\u0131yor? Deniz I\u015f\u0131n nas\u0131l \u00fcnl\u00fc oldu, ne mezunu, kiminle sevgili? Deniz I\u015f\u0131n hakk\u0131nda merak edilenleri sizin i\u00e7in ara\u015ft\u0131rd\u0131k. \u0130\u015fte Deniz I\u015f\u0131n hakk\u0131nda bilinmeyenler\u2026<\/p>\n<hr \/>\n<h3>DEN\u0130Z I\u015eIN K\u0130MD\u0130R, NE MEZUNUDUR?<\/h3>\n<p>Deniz I\u015f\u0131n, 28 May\u0131s 1992 tarihinde \u0130zmir\u2019de d\u00fcnyaya geldi. \u0130lkokul, ortaokul ve lise e\u011fitimini ba\u015far\u0131yla tamamlayan I\u015f\u0131n, y\u00fcksek\u00f6\u011frenimini Ege \u00dcniversitesi Kimya M\u00fchendisli\u011fi b\u00f6l\u00fcm\u00fcnde tamamlayarak mezun oldu. E\u011fitimine devam eden I\u015f\u0131n, y\u00fcksek lisans\u0131n\u0131 ise Ege \u00dcniversitesi Malzeme Bilimi ve M\u00fchendisli\u011fi b\u00f6l\u00fcm\u00fcnde tamamlad\u0131.<\/p>\n<p><img loading=\"lazy\" decoding=\"async\" class=\"alignnone wp-image-124006\" src=\"https:\/\/www.tgrthaber.com\/mavikadin\/wp-content\/uploads\/Deniz-Isin-4-1024x576.jpg\" alt=\"Deniz I\u015f\u0131n nas\u0131l \u00fcnl\u00fc oldu, kiminle sevgili? \" width=\"1208\" height=\"680\" title=\"\" srcset=\"https:\/\/www.tgrthaber.com\/mavikadin\/wp-content\/uploads\/Deniz-Isin-4-1024x576.jpg 1024w, https:\/\/www.tgrthaber.com\/mavikadin\/wp-content\/uploads\/Deniz-Isin-4-300x169.jpg 300w, https:\/\/www.tgrthaber.com\/mavikadin\/wp-content\/uploads\/Deniz-Isin-4-768x432.jpg 768w, https:\/\/www.tgrthaber.com\/mavikadin\/wp-content\/uploads\/Deniz-Isin-4-1536x864.jpg 1536w, https:\/\/www.tgrthaber.com\/mavikadin\/wp-content\/uploads\/Deniz-Isin-4.jpg 1600w\" sizes=\"(max-width: 1208px) 100vw, 1208px\" \/><\/p>\n<hr \/>\n<p>Deniz I\u015f\u0131n, y\u00fcksek lisans e\u011fitimini tamamlad\u0131ktan sonra \u0130stanbul\u2019a ta\u015f\u0131nd\u0131. Kendi mesle\u011finin d\u0131\u015f\u0131na \u00e7\u0131karak oyunculuk sekt\u00f6r\u00fcne merak salan I\u015f\u0131n, \u0130zmir\u2019de iki y\u0131l \u201cSahne Tozu Tiyatrosu\u2019nda\u201d oyunculuk e\u011fitimi g\u00f6rd\u00fc. Daha sonra bir y\u0131l \u0130stanbul\u2019da oyunculuk alan\u0131nda e\u011fitim g\u00f6rd\u00fc. Oyunculuk alan\u0131nda kendini geli\u015ftirmek isteyen I\u015f\u0131n, 2017 y\u0131l\u0131nda \u201cLysistrata\u201d oyununda Lysistrata, 2028 y\u0131l\u0131nda ise \u201cYou Can\u2019t Take\u00a0 It With You\u201d oyununda Alice karakterini oynayarak oyunculuk kariyerine h\u0131zl\u0131 bir giri\u015f yapt\u0131.<\/p>\n<p><img loading=\"lazy\" decoding=\"async\" class=\"alignnone wp-image-124007\" src=\"https:\/\/www.tgrthaber.com\/mavikadin\/wp-content\/uploads\/Deniz-Isin-2-1024x576.jpg\" alt=\"Deniz I\u015f\u0131n nas\u0131l \u00fcnl\u00fc oldu, kiminle sevgili? \" width=\"1208\" height=\"680\" title=\"\" srcset=\"https:\/\/www.tgrthaber.com\/mavikadin\/wp-content\/uploads\/Deniz-Isin-2-1024x576.jpg 1024w, https:\/\/www.tgrthaber.com\/mavikadin\/wp-content\/uploads\/Deniz-Isin-2-300x169.jpg 300w, https:\/\/www.tgrthaber.com\/mavikadin\/wp-content\/uploads\/Deniz-Isin-2-768x432.jpg 768w, https:\/\/www.tgrthaber.com\/mavikadin\/wp-content\/uploads\/Deniz-Isin-2-1536x864.jpg 1536w, https:\/\/www.tgrthaber.com\/mavikadin\/wp-content\/uploads\/Deniz-Isin-2.jpg 1600w\" sizes=\"(max-width: 1208px) 100vw, 1208px\" \/><\/p>\n<hr \/>\n<h3>DEN\u0130Z I\u015eIN NASIL \u00dcNL\u00dc OLDU?<\/h3>\n<p>Oyunculuk hayat\u0131na \u00e7e\u015fitli e\u011fitimler alarak ba\u015flayan Deniz I\u015f\u0131n, tiyatro oyunlar\u0131yla kendini geli\u015ftirdi. Sadece tiyatro alan\u0131nda de\u011fil ayn\u0131 zamanda sosyal medya platformlarda da \u00e7e\u015fitli i\u00e7erikler \u00fcreten I\u015f\u0131n, bir\u00e7ok reklam filminde de yer ald\u0131. Sosyal medyaya \u00fcretti\u011fi i\u00e7eriklerle ad\u0131ndan s\u00f6z ettiren I\u015f\u0131n, Teknosa ve Coca Cola gibi b\u00fcy\u00fck \u015firketlerin reklam filmlerinde boy g\u00f6sterdi.<\/p>\n<p><img loading=\"lazy\" decoding=\"async\" class=\"alignnone wp-image-124008\" src=\"https:\/\/www.tgrthaber.com\/mavikadin\/wp-content\/uploads\/Deniz-Isin-1-1-1024x576.jpg\" alt=\"Deniz I\u015f\u0131n nas\u0131l \u00fcnl\u00fc oldu, kiminle sevgili? \" width=\"1208\" height=\"680\" title=\"\" srcset=\"https:\/\/www.tgrthaber.com\/mavikadin\/wp-content\/uploads\/Deniz-Isin-1-1-1024x576.jpg 1024w, https:\/\/www.tgrthaber.com\/mavikadin\/wp-content\/uploads\/Deniz-Isin-1-1-300x169.jpg 300w, https:\/\/www.tgrthaber.com\/mavikadin\/wp-content\/uploads\/Deniz-Isin-1-1-768x432.jpg 768w, https:\/\/www.tgrthaber.com\/mavikadin\/wp-content\/uploads\/Deniz-Isin-1-1-1536x864.jpg 1536w, https:\/\/www.tgrthaber.com\/mavikadin\/wp-content\/uploads\/Deniz-Isin-1-1.jpg 1600w\" sizes=\"(max-width: 1208px) 100vw, 1208px\" \/><\/p>\n<hr \/>\n<p>Oyunculuk alan\u0131nda kendini bir hayli geli\u015ftiren Deniz I\u015f\u0131n, ilk profesyonel oyunculuk deneyimini 2019 y\u0131l\u0131nda FOX TV\u2019de yay\u0131nlanan \u201cHer Yerde Sen\u201d adl\u0131 dizisiyle ad\u0131n\u0131 duyurdu. Ba\u015far\u0131l\u0131 oyuncu I\u015f\u0131n, sadece televizyon dizileriyle de\u011fil ayn\u0131 zamanda dijital platformlarla da kendini g\u00f6sterdi. Yine 2019 y\u0131l\u0131nda Netflix dijital platformunda yay\u0131nlanan \u201cAtiye\u201d dizisinde rol ald\u0131. Bir\u00e7ok ba\u015far\u0131l\u0131 projede yer alan I\u015f\u0131n, \u201cLeyla ile Mecnun\u201d dizisiyle pop\u00fclerli\u011fini art\u0131rd\u0131. Bu projedeki rol\u00fcyle herkes taraf\u0131ndan b\u00fcy\u00fck bir be\u011feni toplayan I\u015f\u0131n, ba\u015far\u0131l\u0131 projelere imza atmaya devam ediyor.<\/p>\n<p><img loading=\"lazy\" decoding=\"async\" class=\"alignnone wp-image-124009\" src=\"https:\/\/www.tgrthaber.com\/mavikadin\/wp-content\/uploads\/Deniz-Isin-5-1024x576.jpg\" alt=\"Deniz I\u015f\u0131n nas\u0131l \u00fcnl\u00fc oldu, kiminle sevgili? \" width=\"1208\" height=\"680\" title=\"\" srcset=\"https:\/\/www.tgrthaber.com\/mavikadin\/wp-content\/uploads\/Deniz-Isin-5-1024x576.jpg 1024w, https:\/\/www.tgrthaber.com\/mavikadin\/wp-content\/uploads\/Deniz-Isin-5-300x169.jpg 300w, https:\/\/www.tgrthaber.com\/mavikadin\/wp-content\/uploads\/Deniz-Isin-5-768x432.jpg 768w, https:\/\/www.tgrthaber.com\/mavikadin\/wp-content\/uploads\/Deniz-Isin-5-1536x864.jpg 1536w, https:\/\/www.tgrthaber.com\/mavikadin\/wp-content\/uploads\/Deniz-Isin-5.jpg 1600w\" sizes=\"(max-width: 1208px) 100vw, 1208px\" \/><\/p>\n<hr \/>\n<h3>DEN\u0130Z I\u015eIN K\u0130M\u0130NLE SEVG\u0130L\u0130?<\/h3>\n<p>Ba\u015far\u0131l\u0131 oyunculu\u011fu kadar \u00f6zel hayat\u0131yla da merak konusu olan Deniz I\u015f\u0131n\u2019\u0131n kiminle sevgili oldu\u011fu merak ediliyor. Hem tiyatro alan\u0131nda hem de oyunculuk alan\u0131nda ad\u0131ndan s\u0131k\u00e7a s\u00f6z ettiren I\u015f\u0131n, son zamanlarda \u00f6zel hayat\u0131yla g\u00fcndeme geliyor. Sosyal medyada yapt\u0131\u011f\u0131 e\u011flenceli payla\u015f\u0131mlarla da dikkat \u00e7eken I\u015f\u0131n\u2019\u0131n \u00f6zel hayat\u0131 merak ediliyor.<\/p>\n<p><img loading=\"lazy\" decoding=\"async\" class=\"alignnone wp-image-124010\" src=\"https:\/\/www.tgrthaber.com\/mavikadin\/wp-content\/uploads\/Deniz-Isin-7-1024x576.jpg\" alt=\"Deniz I\u015f\u0131n nas\u0131l \u00fcnl\u00fc oldu, kiminle sevgili? \" width=\"1208\" height=\"680\" title=\"\" srcset=\"https:\/\/www.tgrthaber.com\/mavikadin\/wp-content\/uploads\/Deniz-Isin-7-1024x576.jpg 1024w, https:\/\/www.tgrthaber.com\/mavikadin\/wp-content\/uploads\/Deniz-Isin-7-300x169.jpg 300w, https:\/\/www.tgrthaber.com\/mavikadin\/wp-content\/uploads\/Deniz-Isin-7-768x432.jpg 768w, https:\/\/www.tgrthaber.com\/mavikadin\/wp-content\/uploads\/Deniz-Isin-7-1536x864.jpg 1536w, https:\/\/www.tgrthaber.com\/mavikadin\/wp-content\/uploads\/Deniz-Isin-7.jpg 1600w\" sizes=\"(max-width: 1208px) 100vw, 1208px\" \/><\/p>\n<hr \/>\n<p>Deniz I\u015f\u0131n, her ne kadar sosyal medyada aktif olmay\u0131 sevse de \u00f6zel hayat\u0131n\u0131 g\u00f6zlerden uzak ya\u015famay\u0131 tercih ediyor. \u00d6zel hayat\u0131yla ilgili sosyal medyadan payla\u015f\u0131m yapmaktan ka\u00e7\u0131nan I\u015f\u0131n, daha \u00e7ok ba\u015far\u0131l\u0131 kariyeriyle \u00f6n plana \u00e7\u0131k\u0131yor.<\/p>\n<h3>DEN\u0130Z I\u015eIN\u2019IN ROL ALDI\u011eI D\u0130Z\u0130LER<\/h3>\n<p>Her Yerde\u00a0 Sen \u2013 2019<\/p>\n<p>Atiye \u2013 2019<\/p>\n<p>\u0130yi G\u00fcnde K\u00f6t\u00fc G\u00fcnde \u2013 2020<\/p>\n<p>Seferin K\u0131z\u0131 \u2013 2020<\/p>\n<p>Eee Sonra? \u2013 2020<\/p>\n<p>Masumiyet \u2013 2021<\/p>\n<p>Leyla ile Mecnun \u2013 2021-2023<\/p>\n<p>Sevmek Zaman\u0131 \u2013 2022<\/p>\n<p>Bizden Olur Mu? \u2013 2022<\/p>\n<p>Dokuz O\u011fuz \u2013 2023<\/p>\n<p>D\u00fcnya Bu \u2013 2023<\/p>\n<p>\u00d6mer \u2013 2023-2024<\/p>\n<p>K\u00fcbra \u2013 2024<\/p>\n","protected":false},"excerpt":{"rendered":"<p>Son zamanlarda Ay\u015fe Bar\u0131m olaylar\u0131yla g\u00fcndeme gelen Deniz I\u015f\u0131n\u2019\u0131n kim oldu\u011fu merak ediliyor. Peki, Deniz I\u015f\u0131n kimdir? Deniz I\u015f\u0131n nas\u0131l \u00fcnl\u00fc oldu, kiminle sevgili? Deniz I\u015f\u0131n hakk\u0131nda merak edilenler\u2026 <\/p>\n","protected":false},"author":26,"featured_media":124005,"comment_status":"closed","ping_status":"closed","sticky":false,"template":"","format":"standard","meta":{"rank_math_lock_modified_date":false,"footnotes":""},"categories":[491],"tags":[7579],"class_list":["post-124004","post","type-post","status-publish","format-standard","has-post-thumbnail","hentry","category-biyografi","tag-deniz-isin"],"_links":{"self":[{"href":"https:\/\/www.tgrthaber.com\/mavikadin\/wp-json\/wp\/v2\/posts\/124004"}],"collection":[{"href":"https:\/\/www.tgrthaber.com\/mavikadin\/wp-json\/wp\/v2\/posts"}],"about":[{"href":"https:\/\/www.tgrthaber.com\/mavikadin\/wp-json\/wp\/v2\/types\/post"}],"author":[{"embeddable":true,"href":"https:\/\/www.tgrthaber.com\/mavikadin\/wp-json\/wp\/v2\/users\/26"}],"replies":[{"embeddable":true,"href":"https:\/\/www.tgrthaber.com\/mavikadin\/wp-json\/wp\/v2\/comments?post=124004"}],"version-history":[{"count":1,"href":"https:\/\/www.tgrthaber.com\/mavikadin\/wp-json\/wp\/v2\/posts\/124004\/revisions"}],"predecessor-version":[{"id":124011,"href":"https:\/\/www.tgrthaber.com\/mavikadin\/wp-json\/wp\/v2\/posts\/124004\/revisions\/124011"}],"wp:featuredmedia":[{"embeddable":true,"href":"https:\/\/www.tgrthaber.com\/mavikadin\/wp-json\/wp\/v2\/media\/124005"}],"wp:attachment":[{"href":"https:\/\/www.tgrthaber.com\/mavikadin\/wp-json\/wp\/v2\/media?parent=124004"}],"wp:term":[{"taxonomy":"category","embeddable":true,"href":"https:\/\/www.tgrthaber.com\/mavikadin\/wp-json\/wp\/v2\/categories?post=124004"},{"taxonomy":"post_tag","embeddable":true,"href":"https:\/\/www.tgrthaber.com\/mavikadin\/wp-json\/wp\/v2\/tags?post=124004"}],"curies":[{"name":"wp","href":"https:\/\/api.w.org\/{rel}","templated":true}]}}