{"id":124201,"date":"2025-01-21T21:34:25","date_gmt":"2025-01-21T18:34:25","guid":{"rendered":"https:\/\/www.tgrthaber.com\/mavikadin\/?p=124201"},"modified":"2025-01-21T22:10:56","modified_gmt":"2025-01-21T19:10:56","slug":"ishal-bebege-probiyotik-verilir-mi-bebeklerde-probiyotik-kullaniminin-faydalari","status":"publish","type":"post","link":"https:\/\/www.tgrthaber.com\/mavikadin\/ishal-bebege-probiyotik-verilir-mi-bebeklerde-probiyotik-kullaniminin-faydalari\/","title":{"rendered":"Bebeklerde probiyotik kullan\u0131m\u0131n\u0131n faydalar\u0131! \u0130shal bebe\u011fe probiyotik verilir mi?"},"content":{"rendered":"<p>Geli\u015fim ve b\u00fcy\u00fcme d\u00f6nemindeki bebeklerin sa\u011fl\u0131kl\u0131 bir \u015fekilde evrelerini tamamlayabilmeleri i\u00e7in anneler kimi zaman olduk\u00e7a zorlu ve sanc\u0131l\u0131 bir d\u00f6nemden ge\u00e7ebilmektedir. \u00d6zellikle de anne s\u00fct\u00fc almayan ya da erken do\u011fdu\u011fu i\u00e7in uzmanlar taraf\u0131ndan belirli zamanlarda al\u0131nmas\u0131 \u00f6nerilen probiyotik takviyeleri son zamanlarda g\u00fcn\u00fcm\u00fczde olduk\u00e7a pop\u00fclerdir.<\/p>\n<p>\u0130\u00e7erisinde probiyotik bulunduran takviyelerin do\u011fru kullan\u0131m\u0131 sayesinde bebe\u011finizin geli\u015fiminde \u00f6nemli bir rol oynayabilir, hatta bebe\u011finizin ay\u0131na g\u00f6re daha ileride bir geli\u015fim g\u00f6stermesine katk\u0131 sa\u011flayabilirsiniz. Peki bebeklerde probiyotik ne zaman kullan\u0131lmal\u0131? Bebeklerde probiyotik kullan\u0131m\u0131n\u0131n etkileri&#8230;<\/p>\n<h3>BEBEKLERE PROB\u0130YOT\u0130K TAKV\u0130YES\u0130NE NE ZAMAN BA\u015eLANIR?<\/h3>\n<p>Doktor onay\u0131 al\u0131nmas\u0131 halinde do\u011fumdan hemen sonra bile kullan\u0131labilecek olan probiyotikler, bebeklerdeki ba\u011f\u0131rsak sa\u011fl\u0131\u011f\u0131n\u0131n olumlu y\u00f6nde ilerlemesine etkide bulunabilir ve sindirim sistemi geli\u015fmeyen bebeklerde istenilen \u00f6l\u00e7\u00fcde geli\u015fmesini sa\u011flayabilir.<\/p>\n<p><img loading=\"lazy\" decoding=\"async\" class=\"alignnone wp-image-122048\" src=\"https:\/\/www.tgrthaber.com\/mavikadin\/wp-content\/uploads\/Bakimsiz-aglayan-ciplak-bir-bebek-gormek.jpg\" alt=\"Bak\u0131ms\u0131z, a\u011flayan \u00e7\u0131plak bir bebek g\u00f6rmek\" width=\"1208\" height=\"680\" title=\"\" srcset=\"https:\/\/www.tgrthaber.com\/mavikadin\/wp-content\/uploads\/Bakimsiz-aglayan-ciplak-bir-bebek-gormek.jpg 1920w, https:\/\/www.tgrthaber.com\/mavikadin\/wp-content\/uploads\/Bakimsiz-aglayan-ciplak-bir-bebek-gormek-300x169.jpg 300w, https:\/\/www.tgrthaber.com\/mavikadin\/wp-content\/uploads\/Bakimsiz-aglayan-ciplak-bir-bebek-gormek-1024x576.jpg 1024w, https:\/\/www.tgrthaber.com\/mavikadin\/wp-content\/uploads\/Bakimsiz-aglayan-ciplak-bir-bebek-gormek-768x432.jpg 768w, https:\/\/www.tgrthaber.com\/mavikadin\/wp-content\/uploads\/Bakimsiz-aglayan-ciplak-bir-bebek-gormek-1536x864.jpg 1536w\" sizes=\"(max-width: 1208px) 100vw, 1208px\" \/><\/p>\n<hr \/>\n<p>Ba\u011f\u0131rsak floras\u0131na olumlu etki sa\u011flayan probiyotik takviyelerine; \u00f6zellikle de bebeklerin ge\u00e7irdi\u011fi herhangi bir rahats\u0131zl\u0131k durumunda doktorlar\u0131 taraf\u0131ndan ba\u015flat\u0131lan antibiyotik tedavisinde ya da yediklerini \u00f6\u011f\u00fctemedi\u011fi gibi sindirim problemlerine kar\u015f\u0131l\u0131k iyile\u015ftirici \u00f6zellik sa\u011flamas\u0131 i\u00e7in de probiyotik takviyesi gerekebilir.<\/p>\n<p>Bebeklerde probiyotik takviyesinin kullan\u0131m\u0131 i\u00e7in her zaman kesin bir sebep gerekmemekle beraber normal d\u0131\u015f\u0131 durumlarda probiyotik kullan\u0131m\u0131 da olduk\u00e7a \u00f6nemli olabilmektedir.<\/p>\n<h3>BEBEKLERE NEDEN PROB\u0130YOT\u0130K VER\u0130L\u0130R?<\/h3>\n<p>Sindirim sistemleri hen\u00fcz tam anlam\u0131yla geli\u015fmeyen bebeklerde yayg\u0131n olarak g\u00f6r\u00fclebilen rahats\u0131zl\u0131klardan birisi de devaml\u0131 olarak gaz \u00e7\u0131karma, kab\u0131zl\u0131k gibi sindirim problemleri g\u00f6r\u00fclebilir.<\/p>\n<p><img loading=\"lazy\" decoding=\"async\" class=\"alignnone wp-image-124225\" src=\"https:\/\/www.tgrthaber.com\/mavikadin\/wp-content\/uploads\/hsgm_dvitamini.jpg\" alt=\"\" width=\"1208\" height=\"805\" title=\"\" srcset=\"https:\/\/www.tgrthaber.com\/mavikadin\/wp-content\/uploads\/hsgm_dvitamini.jpg 600w, https:\/\/www.tgrthaber.com\/mavikadin\/wp-content\/uploads\/hsgm_dvitamini-300x200.jpg 300w\" sizes=\"(max-width: 1208px) 100vw, 1208px\" \/><\/p>\n<hr \/>\n<p>Bu gibi durumlarda hem zay\u0131f olan ba\u011f\u0131\u015f\u0131kl\u0131k sistemini g\u00fc\u00e7lendirmek hem de d\u00fczensiz olan sindirim sistemini d\u00fczene sokup ba\u011f\u0131rsak floras\u0131n\u0131 d\u00fczeltmek i\u00e7in bebeklerde ve \u00e7ocuklarda probiyotik takviyesine ba\u015flanabilir.<\/p>\n<h3>PROB\u0130YOT\u0130K DAMLALAR BEBE\u011e\u0130N BA\u011eI\u015eIKLIK S\u0130STEM\u0130N\u0130 G\u00dc\u00c7LEND\u0130R\u0130R M\u0130?<\/h3>\n<p>Bebeklerde sa\u011fl\u0131kl\u0131 bir sindirim sisteminin haricinde k\u0131\u015f aylar\u0131nda kol gibi gezen grip, so\u011fuk alg\u0131nl\u0131\u011f\u0131, nezle gibi hastal\u0131klara kar\u015f\u0131 diren\u00e7li olup ba\u011f\u0131\u015f\u0131kl\u0131k sistemini g\u00fc\u00e7lendirmeye yarayan probiyotik takviyeleri ile bebeklerin geli\u015fiminde olumlu etki sa\u011flayabilirsiniz.<\/p>\n<p>Sa\u011fl\u0131k alan\u0131nda ba\u011f\u0131\u015f\u0131kl\u0131k sistemine olan faydalar\u0131 ile bilinen ve her eczanede kolayl\u0131kla temin edilebilecek bir \u00fcr\u00fcn olan probiyotik damlalar i\u00e7erisinde \u00e7ok say\u0131da faydal\u0131 mikroorganizma \u00e7e\u015fitlerini bar\u0131nd\u0131rmaktad\u0131r.<\/p>\n<p>Bu mikroorganizmalar v\u00fccutta \u00fcreyebilen zararl\u0131 bakterileri giderme konusunda bir hayli de\u011ferli olup ba\u011f\u0131rsak floras\u0131n\u0131 koruyabilmektedir. E\u011fer sizin de bebe\u011finiz \u00e7ok s\u0131k hastalan\u0131yor ve bunun i\u00e7inde birtak\u0131m ila\u00e7lar kullanmak mecburiyetinde kal\u0131yorsan\u0131z doktor onay\u0131n\u0131z ile beraber \u00e7areyi ilk olarak probiyotik takviyelerinde arayabilirsiniz.<\/p>\n<h3>BEBEKLERE PROB\u0130YOT\u0130K NASIL VER\u0130LMEL\u0130?<\/h3>\n<p>Genellikle a\u011f\u0131z yoluyla verilmesi \u00f6nerilen probiyotik takviyelerinin eczanelerde toz ya da s\u0131v\u0131 formda mevcut hallerini g\u00f6r\u00fcr\u00fcz. Bu takviyeler biberon mamas\u0131na ya da anne s\u00fct\u00fcne kar\u0131\u015ft\u0131r\u0131larak bebeklere verilebilir. Yaln\u0131zca bebeklerini emziren anneler g\u00fcn i\u00e7erisindeki beslenme programlar\u0131na i\u00e7eri\u011fi bol probiyotikli \u00fcr\u00fcnler ilave ederek ya da kendileri probiyotik takviyesi t\u00fckerek bebeklerine probiyotik a\u015f\u0131layabilir.<\/p>\n<p><img loading=\"lazy\" decoding=\"async\" class=\"alignnone wp-image-124226\" src=\"https:\/\/www.tgrthaber.com\/mavikadin\/wp-content\/uploads\/AYBEOw2Y-main-image.jpg\" alt=\"\" width=\"1208\" height=\"800\" title=\"\" srcset=\"https:\/\/www.tgrthaber.com\/mavikadin\/wp-content\/uploads\/AYBEOw2Y-main-image.jpg 850w, https:\/\/www.tgrthaber.com\/mavikadin\/wp-content\/uploads\/AYBEOw2Y-main-image-300x199.jpg 300w, https:\/\/www.tgrthaber.com\/mavikadin\/wp-content\/uploads\/AYBEOw2Y-main-image-768x509.jpg 768w\" sizes=\"(max-width: 1208px) 100vw, 1208px\" \/><\/p>\n<hr \/>\n<p>Ancak burada dikkat edilmesi gereken en \u00f6nemli husus; probiyotik takviyesinin do\u011fru dozaj\u0131 ve kullan\u0131m\u0131na y\u00f6nelik takibinin yap\u0131lmas\u0131d\u0131r. Dolay\u0131s\u0131yla da doktorun tavsiyelerini dikkate alarak bebe\u011fe uygun bir \u015fekilde probiyotik takviyelerini vermek en do\u011frusudur.<\/p>\n<p>\u00c7o\u011funlukla buzdolab\u0131na muhafaza edilmesi tavsiye edilen bu probiyotik damlalar, ek g\u0131da d\u00f6nemindeki bebeklerde direkt olarak takviye olarak de\u011fil de do\u011fal besinler i\u00e7erisinden de kar\u015f\u0131lanabilir.<\/p>\n<p>Probiyotik bak\u0131m\u0131ndan en zengin g\u0131dalar mayalanan veya fermente edilmi\u015f t\u00fcrdeki yiyeceklerdir. Ancak bunlar\u0131n d\u0131\u015f\u0131nda \u00e7e\u015fitli bakliyatlar, muz ve sar\u0131msak gibi sa\u011fl\u0131kl\u0131 \u00fcr\u00fcnler de probiyotik bak\u0131m\u0131ndan olduk\u00e7a de\u011ferli bir konuma sahiptir.<\/p>\n<h3>PROB\u0130YOT\u0130K \u0130SHAL BEBE\u011eE VER\u0130L\u0130R M\u0130?<\/h3>\n<p>\u0130shal rahats\u0131zl\u0131\u011f\u0131 g\u00f6r\u00fclen bebeklerde ba\u011f\u0131rsak floras\u0131n\u0131 d\u00fczeltmek i\u00e7in halk aras\u0131nda etkili oldu\u011fu bilinen y\u00f6ntemlerden birisi de probiyotik kullan\u0131m\u0131 ile ilgilidir. Peki probiyotik damlalar ger\u00e7ekten ishale iyi gelir mi? \u0130\u015fte yan\u0131t\u0131&#8230;<\/p>\n<p>D\u00fczenli antibiyotik kullan\u0131m\u0131ndan \u00f6t\u00fcr\u00fc meydana gelen ishal rahats\u0131zl\u0131\u011f\u0131 durumunda doktorlar\u0131n genellikle \u00f6nerdi\u011fi tedavi y\u00f6ntemlerinden birisi de probiyotik takviyeleridir.<\/p>\n<p>Antibiyotikten kaynaklanan ishalin iyile\u015ftirilmesinde faydal\u0131 oldu\u011fu \u00f6ne s\u00fcr\u00fclen probiyotiklerle hem ba\u011f\u0131rsak floras\u0131n\u0131 dengelemeye katk\u0131 sa\u011flayabilir hem de sindirim sorununun \u00f6n\u00fcne ge\u00e7erek kab\u0131zl\u0131k gibi rahats\u0131zl\u0131klar\u0131n \u00f6n\u00fcne ge\u00e7ebilirsiniz.<\/p>\n","protected":false},"excerpt":{"rendered":"<p>\u00d6zellikle de ishal bebeklere iyi geldi\u011fi bilinen probiyotik takviyesinin bebekler \u00fczerindeki olumlu etkileri sizler i\u00e7in ara\u015ft\u0131rd\u0131k. Peki bebeklerde neden probiyoti\u011fe ba\u015flanmal\u0131? Bebeklerde probiyoti\u011fin faydalar\u0131&#8230;<\/p>\n","protected":false},"author":27,"featured_media":124227,"comment_status":"closed","ping_status":"closed","sticky":false,"template":"","format":"standard","meta":{"rank_math_lock_modified_date":false,"footnotes":""},"categories":[111],"tags":[8711,8713,8712,387],"class_list":["post-124201","post","type-post","status-publish","format-standard","has-post-thumbnail","hentry","category-anne-cocuk","tag-bebeklerde-probiyotik-takviyesi","tag-bebeklere-probiyotik-kullanimin-faydalari","tag-bebeklere-probiyotik-ne-zaman-verilir","tag-probiyotik"],"_links":{"self":[{"href":"https:\/\/www.tgrthaber.com\/mavikadin\/wp-json\/wp\/v2\/posts\/124201"}],"collection":[{"href":"https:\/\/www.tgrthaber.com\/mavikadin\/wp-json\/wp\/v2\/posts"}],"about":[{"href":"https:\/\/www.tgrthaber.com\/mavikadin\/wp-json\/wp\/v2\/types\/post"}],"author":[{"embeddable":true,"href":"https:\/\/www.tgrthaber.com\/mavikadin\/wp-json\/wp\/v2\/users\/27"}],"replies":[{"embeddable":true,"href":"https:\/\/www.tgrthaber.com\/mavikadin\/wp-json\/wp\/v2\/comments?post=124201"}],"version-history":[{"count":3,"href":"https:\/\/www.tgrthaber.com\/mavikadin\/wp-json\/wp\/v2\/posts\/124201\/revisions"}],"predecessor-version":[{"id":124239,"href":"https:\/\/www.tgrthaber.com\/mavikadin\/wp-json\/wp\/v2\/posts\/124201\/revisions\/124239"}],"wp:featuredmedia":[{"embeddable":true,"href":"https:\/\/www.tgrthaber.com\/mavikadin\/wp-json\/wp\/v2\/media\/124227"}],"wp:attachment":[{"href":"https:\/\/www.tgrthaber.com\/mavikadin\/wp-json\/wp\/v2\/media?parent=124201"}],"wp:term":[{"taxonomy":"category","embeddable":true,"href":"https:\/\/www.tgrthaber.com\/mavikadin\/wp-json\/wp\/v2\/categories?post=124201"},{"taxonomy":"post_tag","embeddable":true,"href":"https:\/\/www.tgrthaber.com\/mavikadin\/wp-json\/wp\/v2\/tags?post=124201"}],"curies":[{"name":"wp","href":"https:\/\/api.w.org\/{rel}","templated":true}]}}