{"id":124217,"date":"2025-01-21T21:31:21","date_gmt":"2025-01-21T18:31:21","guid":{"rendered":"https:\/\/www.tgrthaber.com\/mavikadin\/?p=124217"},"modified":"2025-01-22T16:27:01","modified_gmt":"2025-01-22T13:27:01","slug":"survivor-22-ocak-2025-aksami-var-mi-yok-mu-survivor-2025-yeni-bolum-ne-zaman","status":"publish","type":"post","link":"https:\/\/www.tgrthaber.com\/mavikadin\/survivor-22-ocak-2025-aksami-var-mi-yok-mu-survivor-2025-yeni-bolum-ne-zaman\/","title":{"rendered":"Survivor 22 Ocak 2025 ak\u015fam\u0131 var m\u0131 yok mu? Survivor 2025 yeni b\u00f6l\u00fcm ne zaman?"},"content":{"rendered":"<p class=\"p1\">T\u00fcm T\u00fcrkiye\u2019yi derinden sarsan Bolu Kartalkaya\u2019daki Grand Kartal Otel yang\u0131n\u0131, televizyon d\u00fcnyas\u0131nda da b\u00fcy\u00fck yank\u0131 uyand\u0131rd\u0131. Olay\u0131n ard\u0131ndan bir\u00e7ok kanal yay\u0131n ak\u0131\u015flar\u0131n\u0131 g\u00fcncelleyerek, baz\u0131 programlar\u0131n yay\u0131n\u0131n\u0131 iptal etti ya da erteledi. Bu durum, TV8 ekranlar\u0131n\u0131n sevilen yar\u0131\u015fmas\u0131 Survivor All Star-G\u00f6n\u00fcll\u00fcler i\u00e7in de ge\u00e7erli oldu. 21 Ocak 2025&#8217;te saat 20.00\u2019de yay\u0131nlanmas\u0131 beklenen Survivor All Star 2025 ekrana gelmedi. Program\u0131n yerine, kanal y\u00f6netimi s\u00fcrpriz bir kararla Yazg\u0131 dizisinin eski b\u00f6l\u00fcmlerini yay\u0131nlad\u0131. Bu de\u011fi\u015fiklik sonras\u0131 izleyiciler yar\u0131\u015fman\u0131n ne zaman yay\u0131nlanaca\u011f\u0131n\u0131 merak etmeye ba\u015flad\u0131. Survivor hayranlar\u0131 \u015fimdi g\u00f6zlerini 22 Ocak 2025 tarihine \u00e7evirmi\u015f durumda. Peki Survivor 22 Ocak 2025\u2019te yay\u0131nlanacak m\u0131? Survivor 2025 yeni b\u00f6l\u00fcm ne zaman? \u0130\u015fte detaylar\u2026<\/p>\n<h3>SURV\u0130VOR 22 OCAK 2025 AK\u015eAMI VAR MI YOK MU?<\/h3>\n<p class=\"p1\">TV8 ekranlar\u0131nda hafta i\u00e7i her g\u00fcn ve Pazar ak\u015famlar\u0131 izleyiciyle bulu\u015fan Survivor All Star 2025, d\u00fcn ak\u015fam t\u00fcm T\u00fcrkiye\u2019yi yasa bo\u011fan Bolu Kartalkaya\u2019daki yang\u0131n nedeniyle yay\u0131n ak\u0131\u015f\u0131ndan kald\u0131r\u0131ld\u0131. Yar\u0131\u015fman\u0131n yerine, kanal y\u00f6netimi Yazg\u0131 dizisinin eski b\u00f6l\u00fcmlerini ekrana getirirken, Survivor hayranlar\u0131 ya\u015fanan bu geli\u015fmenin ard\u0131ndan Survivor 22 Ocak\u2019ta ekranlara gelecek mi? sorusunun yan\u0131t\u0131n\u0131 merak ediyor.<\/p>\n<p><img loading=\"lazy\" decoding=\"async\" class=\"alignnone wp-image-124231 size-large\" src=\"https:\/\/www.tgrthaber.com\/mavikadin\/wp-content\/uploads\/Ekran-Resmi-2025-01-21-21.27.10-1024x743.png\" alt=\"\" width=\"1024\" height=\"743\" title=\"\" srcset=\"https:\/\/www.tgrthaber.com\/mavikadin\/wp-content\/uploads\/Ekran-Resmi-2025-01-21-21.27.10-1024x743.png 1024w, https:\/\/www.tgrthaber.com\/mavikadin\/wp-content\/uploads\/Ekran-Resmi-2025-01-21-21.27.10-300x218.png 300w, https:\/\/www.tgrthaber.com\/mavikadin\/wp-content\/uploads\/Ekran-Resmi-2025-01-21-21.27.10-768x557.png 768w, https:\/\/www.tgrthaber.com\/mavikadin\/wp-content\/uploads\/Ekran-Resmi-2025-01-21-21.27.10.png 1296w\" sizes=\"(max-width: 1024px) 100vw, 1024px\" \/><\/p>\n<hr \/>\n<p class=\"p1\">T\u00fcrkiye\u2019yi derinden sarsan Bolu Kartalkaya\u2019daki yang\u0131n facias\u0131, televizyon d\u00fcnyas\u0131nda da b\u00fcy\u00fck bir etkiye sebep oldu. Ya\u015fanan trajedi sonras\u0131 bir\u00e7ok televizyon kanal\u0131, yay\u0131n ak\u0131\u015flar\u0131n\u0131 de\u011fi\u015ftirme karar\u0131 al\u0131rken, baz\u0131 yap\u0131mlar\u0131n yerine eski b\u00f6l\u00fcmler ekrana getirildi. Gazeteci Birsen Altunta\u015f, reklam verenlerin de bu s\u00fcre\u00e7te hassasiyet g\u00f6sterdi\u011fini ve prime-time reklamlar\u0131n\u0131 geri \u00e7ekti\u011fini ifade etti.<\/p>\n<p><img loading=\"lazy\" decoding=\"async\" class=\"alignnone wp-image-124232 size-large\" src=\"https:\/\/www.tgrthaber.com\/mavikadin\/wp-content\/uploads\/Ekran-Resmi-2025-01-21-21.27.16-1024x429.png\" alt=\"\" width=\"1024\" height=\"429\" title=\"\" srcset=\"https:\/\/www.tgrthaber.com\/mavikadin\/wp-content\/uploads\/Ekran-Resmi-2025-01-21-21.27.16-1024x429.png 1024w, https:\/\/www.tgrthaber.com\/mavikadin\/wp-content\/uploads\/Ekran-Resmi-2025-01-21-21.27.16-300x126.png 300w, https:\/\/www.tgrthaber.com\/mavikadin\/wp-content\/uploads\/Ekran-Resmi-2025-01-21-21.27.16-768x321.png 768w, https:\/\/www.tgrthaber.com\/mavikadin\/wp-content\/uploads\/Ekran-Resmi-2025-01-21-21.27.16.png 1362w\" sizes=\"(max-width: 1024px) 100vw, 1024px\" \/><\/p>\n<hr \/>\n<p class=\"p1\">Dizilerin ve programlar\u0131n yeni b\u00f6l\u00fcmlerinin yay\u0131nlanmas\u0131 ertelenirken, izleyiciler favori yap\u0131mlar\u0131n\u0131n ne zaman geri d\u00f6nece\u011fini merakla bekliyor. Yay\u0131n ak\u0131\u015f\u0131nda de\u011fi\u015fikli\u011fe gidilen programlardan biri de TV8\u2019in ilgiyle takip edilen yar\u0131\u015fmas\u0131 Survivor All Star 2025 oldu. Survivor izleyicileri, d\u00fcn ak\u015fam saat 20.00\u2019de yar\u0131\u015fman\u0131n yeni b\u00f6l\u00fcm\u00fc yerine \u201cYazg\u0131\u201d dizisinin eski b\u00f6l\u00fcmleriyle kar\u015f\u0131la\u015ft\u0131.<\/p>\n<p><img loading=\"lazy\" decoding=\"async\" class=\"alignnone wp-image-124233 size-large\" src=\"https:\/\/www.tgrthaber.com\/mavikadin\/wp-content\/uploads\/Ekran-Resmi-2025-01-21-21.27.23-1024x817.png\" alt=\"\" width=\"1024\" height=\"817\" title=\"\" srcset=\"https:\/\/www.tgrthaber.com\/mavikadin\/wp-content\/uploads\/Ekran-Resmi-2025-01-21-21.27.23-1024x817.png 1024w, https:\/\/www.tgrthaber.com\/mavikadin\/wp-content\/uploads\/Ekran-Resmi-2025-01-21-21.27.23-300x239.png 300w, https:\/\/www.tgrthaber.com\/mavikadin\/wp-content\/uploads\/Ekran-Resmi-2025-01-21-21.27.23-768x613.png 768w, https:\/\/www.tgrthaber.com\/mavikadin\/wp-content\/uploads\/Ekran-Resmi-2025-01-21-21.27.23.png 1236w\" sizes=\"(max-width: 1024px) 100vw, 1024px\" \/><\/p>\n<hr \/>\n<p class=\"p1\">Bu de\u011fi\u015fiklik, izleyiciler taraf\u0131ndan sosyal medyada da desteklenirken,\u00a0 Survivor\u2019\u0131n yeni b\u00f6l\u00fcm\u00fcn\u00fcn ne zaman yay\u0131nlanaca\u011f\u0131n\u0131 ise \u015fimdiden sorgulanmaya ba\u015fland\u0131. TV8 yetkililerinden gelen a\u00e7\u0131klamaya g\u00f6re Survivor 2025 All Star-G\u00f6n\u00fcll\u00fcler yar\u0131\u015fmas\u0131 23 Ocak Per\u015fembe g\u00fcn\u00fc TV8 ekranlar\u0131nda saat 20.00&#8217;da izleyici kar\u015f\u0131s\u0131na \u00e7\u0131kacak.<\/p>\n","protected":false},"excerpt":{"rendered":"<p>Bolu Kartalkaya\u2019daki Grand Kartal Otel yang\u0131n\u0131n\u0131n ard\u0131ndan TV8, Survivor All Star 2025\u2019in 21 Ocak\u2019taki b\u00f6l\u00fcm\u00fcn\u00fc yay\u0131nlamad\u0131. Yerine Yazg\u0131 dizisinin eski b\u00f6l\u00fcmleri ekrana geldi. \u0130zleyiciler \u015fimdi \u2018Survivor 22 Ocak 2025\u2019te var m\u0131 yok mu?\u2019 sorusunun cevab\u0131n\u0131 ar\u0131yor. \u0130\u015fte detaylar\u2026 <\/p>\n","protected":false},"author":16,"featured_media":124234,"comment_status":"closed","ping_status":"closed","sticky":false,"template":"","format":"standard","meta":{"rank_math_lock_modified_date":false,"footnotes":""},"categories":[101],"tags":[8709,8710,8708],"class_list":["post-124217","post","type-post","status-publish","format-standard","has-post-thumbnail","hentry","category-kesfet","tag-survivor-2025-yeni-bolum-ne-zaman","tag-survivor-22-ocak-2025-bu-aksam-var-mi-yok-mu","tag-survivor-22-ocak-2025-var-mi-yok-mu"],"_links":{"self":[{"href":"https:\/\/www.tgrthaber.com\/mavikadin\/wp-json\/wp\/v2\/posts\/124217"}],"collection":[{"href":"https:\/\/www.tgrthaber.com\/mavikadin\/wp-json\/wp\/v2\/posts"}],"about":[{"href":"https:\/\/www.tgrthaber.com\/mavikadin\/wp-json\/wp\/v2\/types\/post"}],"author":[{"embeddable":true,"href":"https:\/\/www.tgrthaber.com\/mavikadin\/wp-json\/wp\/v2\/users\/16"}],"replies":[{"embeddable":true,"href":"https:\/\/www.tgrthaber.com\/mavikadin\/wp-json\/wp\/v2\/comments?post=124217"}],"version-history":[{"count":4,"href":"https:\/\/www.tgrthaber.com\/mavikadin\/wp-json\/wp\/v2\/posts\/124217\/revisions"}],"predecessor-version":[{"id":124578,"href":"https:\/\/www.tgrthaber.com\/mavikadin\/wp-json\/wp\/v2\/posts\/124217\/revisions\/124578"}],"wp:featuredmedia":[{"embeddable":true,"href":"https:\/\/www.tgrthaber.com\/mavikadin\/wp-json\/wp\/v2\/media\/124234"}],"wp:attachment":[{"href":"https:\/\/www.tgrthaber.com\/mavikadin\/wp-json\/wp\/v2\/media?parent=124217"}],"wp:term":[{"taxonomy":"category","embeddable":true,"href":"https:\/\/www.tgrthaber.com\/mavikadin\/wp-json\/wp\/v2\/categories?post=124217"},{"taxonomy":"post_tag","embeddable":true,"href":"https:\/\/www.tgrthaber.com\/mavikadin\/wp-json\/wp\/v2\/tags?post=124217"}],"curies":[{"name":"wp","href":"https:\/\/api.w.org\/{rel}","templated":true}]}}