{"id":124220,"date":"2025-01-21T21:26:12","date_gmt":"2025-01-21T18:26:12","guid":{"rendered":"https:\/\/www.tgrthaber.com\/mavikadin\/?p=124220"},"modified":"2025-01-21T21:26:12","modified_gmt":"2025-01-21T18:26:12","slug":"sen-aglama-istanbul-21-ocak-2025-aksami-var-mi-sen-aglama-istanbul-neden-yok","status":"publish","type":"post","link":"https:\/\/www.tgrthaber.com\/mavikadin\/sen-aglama-istanbul-21-ocak-2025-aksami-var-mi-sen-aglama-istanbul-neden-yok\/","title":{"rendered":"Sen A\u011flama \u0130stanbul 21 Ocak 2025 ak\u015fam\u0131 var m\u0131? Sen A\u011flama \u0130stanbul neden yok?"},"content":{"rendered":"<p>Her Sal\u0131 ak\u015fam\u0131 Star TV\u2019de izlenme rekorlar\u0131 k\u0131ran Sen A\u011flama \u0130stanbul dizisinin 21 Ocak 2025 ak\u015fam\u0131 yeni b\u00f6l\u00fcm\u00fc yay\u0131nlanmayacak. Dizinin yap\u0131m ekibi taraf\u0131ndan Bolu\u2019da 66 can kayb\u0131n\u0131n ya\u015fan\u0131p, \u00fclke genelinde yas ilan edilmesiyle 6. B\u00f6l\u00fcm\u00fcn\u00fc yay\u0131nlamama karar\u0131 ald\u0131.<\/p>\n<h3>SEN A\u011eLAMA \u0130STANBUL 21 OCAK 2025 AK\u015eAMI VAR MI?<\/h3>\n<p>Sal\u0131 g\u00fcnlerinin ihtiras, intikam ve g\u00f6zya\u015f\u0131n\u0131n yer ald\u0131\u011f\u0131 Sen A\u011flama \u0130stanbul dizisi, son d\u00f6nemlerde ad\u0131ndan s\u00f6z ettiren ve izleyici kitlesini yakalayan yap\u0131mlar aras\u0131nda yerini al\u0131yor. Sal\u0131 ak\u015fam\u0131 dizilerinin reyting yar\u0131\u015f\u0131ndaki pastadan dilim almaya hak kazanan Sen A\u011flama \u0130stanbul 21 Ocak 2025 ak\u015fam\u0131 yay\u0131nlanmama karar\u0131 ald\u0131. 66 can kayb\u0131n\u0131n ya\u015fand\u0131\u011f\u0131 Kartalkaya\u2019daki otel yang\u0131n\u0131 nedeniyle yap\u0131m \u015firketi yang\u0131nda hayatlar\u0131n\u0131 kaybedenlere ba\u015f sa\u011fl\u0131\u011f\u0131 dileyerek, dizinin ekrana gelmeyece\u011fini duyurdu.<\/p>\n<p><img loading=\"lazy\" decoding=\"async\" class=\"alignnone wp-image-124228\" src=\"https:\/\/www.tgrthaber.com\/mavikadin\/wp-content\/uploads\/sen-aglama-istanbul-6-bolum-ne-zaman-yayinlanacak-300x169.jpg\" alt=\"sen a\u011flama istanbul 6 b\u00f6l\u00fcm ne zaman yay\u0131nlanacak\" width=\"1208\" height=\"680\" title=\"\" srcset=\"https:\/\/www.tgrthaber.com\/mavikadin\/wp-content\/uploads\/sen-aglama-istanbul-6-bolum-ne-zaman-yayinlanacak-300x169.jpg 300w, https:\/\/www.tgrthaber.com\/mavikadin\/wp-content\/uploads\/sen-aglama-istanbul-6-bolum-ne-zaman-yayinlanacak-1024x576.jpg 1024w, https:\/\/www.tgrthaber.com\/mavikadin\/wp-content\/uploads\/sen-aglama-istanbul-6-bolum-ne-zaman-yayinlanacak-768x432.jpg 768w, https:\/\/www.tgrthaber.com\/mavikadin\/wp-content\/uploads\/sen-aglama-istanbul-6-bolum-ne-zaman-yayinlanacak-1536x864.jpg 1536w, https:\/\/www.tgrthaber.com\/mavikadin\/wp-content\/uploads\/sen-aglama-istanbul-6-bolum-ne-zaman-yayinlanacak.jpg 1920w\" sizes=\"(max-width: 1208px) 100vw, 1208px\" \/><\/p>\n<hr \/>\n<h3>SEN A\u011eLAMA \u0130STANBUL D\u0130Z\u0130S\u0130 NE ZAMAN YAYINLANACAK?<\/h3>\n<p>Bolu\u2019daki otel yang\u0131n\u0131 t\u00fcm T\u00fcrkiye\u2019yi yasa bo\u011fdu. Ya\u015fan\u0131lan bu ac\u0131 kay\u0131plar\u0131n ard\u0131ndan dizi yap\u0131mc\u0131lar\u0131 21 Ocak 2025 ak\u015fam\u0131 dizileri yay\u0131nlamama karar\u0131 ald\u0131. Televizyonu a\u00e7t\u0131klar\u0131nda kar\u015f\u0131s\u0131nda ba\u015fka yap\u0131mlar\u0131n dizilerini g\u00f6ren seyirci Sen A\u011flama \u0130stanbul neden yok? Sen A\u011flama \u0130stanbul ne zaman yay\u0131nlanacak? Gibi sorular\u0131n cevaplar\u0131n\u0131 aramaya ba\u015flad\u0131. 21 Ocak 2025 ak\u015fam\u0131 yay\u0131nlanmayan Sen A\u011flama \u0130stanbul dizisi 28 Ocak 2025 ak\u015fam\u0131 6.b\u00f6l\u00fcm\u00fc ile ekranlara gelecek.<\/p>\n","protected":false},"excerpt":{"rendered":"<p>Bolu\u2019da ya\u015fan\u0131lan ac\u0131 olay, Star TV\u2019de yay\u0131nlanan Sen A\u011flama \u0130stanbul dizisi 21 Ocak 2025 ak\u015fam\u0131nda yay\u0131nlan\u0131p yay\u0131nlanmayaca\u011f\u0131 belli oldu. \u00dclke genelinde yas ilan edilmesiyle bir\u00e7ok yap\u0131m\u0131n yeni b\u00f6l\u00fcm\u00fc yay\u0131nlanmad\u0131. Peki, Sen A\u011flama \u0130stanbul 21 Ocak 2025 ak\u015fam\u0131 neden yok? <\/p>\n","protected":false},"author":10,"featured_media":124222,"comment_status":"closed","ping_status":"closed","sticky":false,"template":"","format":"standard","meta":{"rank_math_lock_modified_date":false,"footnotes":""},"categories":[602],"tags":[2722,8707,8706],"class_list":["post-124220","post","type-post","status-publish","format-standard","has-post-thumbnail","hentry","category-diziler","tag-sen-aglama-istanbul","tag-sen-aglama-istanbul-21-ocak-2025-aksami-var-mi","tag-sen-aglama-istanbul-neden-yok"],"_links":{"self":[{"href":"https:\/\/www.tgrthaber.com\/mavikadin\/wp-json\/wp\/v2\/posts\/124220"}],"collection":[{"href":"https:\/\/www.tgrthaber.com\/mavikadin\/wp-json\/wp\/v2\/posts"}],"about":[{"href":"https:\/\/www.tgrthaber.com\/mavikadin\/wp-json\/wp\/v2\/types\/post"}],"author":[{"embeddable":true,"href":"https:\/\/www.tgrthaber.com\/mavikadin\/wp-json\/wp\/v2\/users\/10"}],"replies":[{"embeddable":true,"href":"https:\/\/www.tgrthaber.com\/mavikadin\/wp-json\/wp\/v2\/comments?post=124220"}],"version-history":[{"count":2,"href":"https:\/\/www.tgrthaber.com\/mavikadin\/wp-json\/wp\/v2\/posts\/124220\/revisions"}],"predecessor-version":[{"id":124230,"href":"https:\/\/www.tgrthaber.com\/mavikadin\/wp-json\/wp\/v2\/posts\/124220\/revisions\/124230"}],"wp:featuredmedia":[{"embeddable":true,"href":"https:\/\/www.tgrthaber.com\/mavikadin\/wp-json\/wp\/v2\/media\/124222"}],"wp:attachment":[{"href":"https:\/\/www.tgrthaber.com\/mavikadin\/wp-json\/wp\/v2\/media?parent=124220"}],"wp:term":[{"taxonomy":"category","embeddable":true,"href":"https:\/\/www.tgrthaber.com\/mavikadin\/wp-json\/wp\/v2\/categories?post=124220"},{"taxonomy":"post_tag","embeddable":true,"href":"https:\/\/www.tgrthaber.com\/mavikadin\/wp-json\/wp\/v2\/tags?post=124220"}],"curies":[{"name":"wp","href":"https:\/\/api.w.org\/{rel}","templated":true}]}}