{"id":124312,"date":"2025-01-22T01:37:39","date_gmt":"2025-01-21T22:37:39","guid":{"rendered":"https:\/\/www.tgrthaber.com\/mavikadin\/?p=124312"},"modified":"2025-02-06T11:47:49","modified_gmt":"2025-02-06T08:47:49","slug":"esref-ruya-dizisi-konusu-nedir-esref-ruya-dizisinin-oyuncu-kadrosunda-kimler-var","status":"publish","type":"post","link":"https:\/\/www.tgrthaber.com\/mavikadin\/esref-ruya-dizisi-konusu-nedir-esref-ruya-dizisinin-oyuncu-kadrosunda-kimler-var\/","title":{"rendered":"E\u015fref R\u00fcya dizisi konusu nedir? E\u015fref R\u00fcya dizisi oyuncu kadrosunda kimler var?"},"content":{"rendered":"<p>Ekranlar\u0131n sevilen ve keyifle izlenen isimlerinden olan \u00c7a\u011fatay Ulusoy ve Demet \u00d6zdemir, E\u015fref R\u00fcya dizisiyle bir araya geliyor. Ethem \u00d6z\u0131\u015f\u0131k\u2019\u0131n senaryosunu kaleme ald\u0131\u011f\u0131 dizinin y\u00f6netmenli\u011fini ise Ulu\u00e7 Bayraktar yap\u0131yor. \u00c7ocuk ya\u015fta yetim kalman\u0131n verdi\u011fi b\u00fcy\u00fck ac\u0131 ve yaln\u0131zl\u0131kla su\u00e7 d\u00fcnyas\u0131na itilen E\u015fref\u2019in hayat hikayesi izleyiciyi derinden\u00a0 etkileyece\u011fe benziyor. E\u015fref R\u00fcya dizisi konusu nedir? E\u015fref R\u00fcya dizisinin oyuncu kadrosunda kimler var? Haberimizin detaylar\u0131nda merak edilen sorulara yan\u0131t verdik.<\/p>\n<h3>E\u015eREF R\u00dcYA D\u0130Z\u0130S\u0130 KONUSU NED\u0130R?<\/h3>\n<p>E\u015fref R\u00fcya dizisinde, \u00c7a\u011fatay Ulusoy&#8217;un canland\u0131rd\u0131\u011f\u0131 E\u015fref karakteri k\u00fc\u00e7\u00fck ya\u015flarda yetim kalm\u0131\u015ft\u0131r. Bu yaln\u0131zl\u0131k onu su\u00e7 d\u00fcnyas\u0131na itmi\u015f ve burada h\u00fck\u00fcm s\u00fcren bir ki\u015fili\u011fe b\u00fcr\u00fcnm\u00fc\u015ft\u00fcr. \u00d6te yandan kaybettiklerinin yerine koydu\u011fu karde\u015fleri ile yeni bir aile kurmak ister. Fakat, yeralt\u0131 \u00f6rg\u00fctlerinin ba\u015f\u0131nda olmak gibi \u00e7ok b\u00fcy\u00fck sorumluluklar\u0131 vard\u0131r. Bir yandan huzur aray\u0131\u015f\u0131 hi\u00e7 bitmez. Bu aray\u0131\u015flar\u0131n\u0131n ortas\u0131nda bir anda kar\u015f\u0131s\u0131na \u00e7\u0131kan Nisan, E\u015fref&#8217;i tahmin edemeyece\u011fi yerlere s\u00fcr\u00fckler.<\/p>\n<p><img loading=\"lazy\" decoding=\"async\" class=\"alignnone wp-image-130010\" src=\"https:\/\/www.tgrthaber.com\/mavikadin\/wp-content\/uploads\/demet-cagatay-300x169.jpeg\" alt=\"\" width=\"1280\" height=\"721\" title=\"\" srcset=\"https:\/\/www.tgrthaber.com\/mavikadin\/wp-content\/uploads\/demet-cagatay-300x169.jpeg 300w, https:\/\/www.tgrthaber.com\/mavikadin\/wp-content\/uploads\/demet-cagatay-1024x577.jpeg 1024w, https:\/\/www.tgrthaber.com\/mavikadin\/wp-content\/uploads\/demet-cagatay-768x433.jpeg 768w, https:\/\/www.tgrthaber.com\/mavikadin\/wp-content\/uploads\/demet-cagatay.jpeg 1200w\" sizes=\"(max-width: 1280px) 100vw, 1280px\" \/><\/p>\n<hr \/>\n<h3>E\u015eREF R\u00dcYA D\u0130Z\u0130S\u0130N\u0130N OYUNCU KADROSU<\/h3>\n<p>E\u015fref R\u00fcya dizisinin ba\u015frollerinde, \u00c7a\u011fatay Ulusoy ile Demet \u00d6zdemir yer al\u0131yor. Ayr\u0131ca dizinin kadrosunda B\u00fc\u015fra Develi, Necip Memili, G\u00f6rkem Sevindik, Deniz Hamzao\u011flu ve Ahmet R\u0131fat \u015eungar gibi isimlerin yer ald\u0131\u011f\u0131 belirtildi.<\/p>\n<p><img loading=\"lazy\" decoding=\"async\" class=\"alignnone wp-image-130011\" src=\"https:\/\/www.tgrthaber.com\/mavikadin\/wp-content\/uploads\/esref-ruya-seti-300x169.jpeg\" alt=\"\" width=\"1280\" height=\"720\" title=\"\" srcset=\"https:\/\/www.tgrthaber.com\/mavikadin\/wp-content\/uploads\/esref-ruya-seti-300x169.jpeg 300w, https:\/\/www.tgrthaber.com\/mavikadin\/wp-content\/uploads\/esref-ruya-seti-768x432.jpeg 768w, https:\/\/www.tgrthaber.com\/mavikadin\/wp-content\/uploads\/esref-ruya-seti.jpeg 800w\" sizes=\"(max-width: 1280px) 100vw, 1280px\" \/><\/p>\n<hr \/>\n<h3>E\u015eREF R\u00dcYA HANG\u0130 KANALDA?<\/h3>\n<p>Ethem \u00d6z\u0131\u015f\u0131k ve Lokman Maral taraf\u0131ndan kaleme al\u0131nan, y\u00f6netmen koltu\u011funda Ulu\u00e7 Bayraktar\u2019\u0131n yer ald\u0131\u011f\u0131 E\u015fref R\u00fcya dizisinin haz\u0131rl\u0131klar\u0131 tamamland\u0131. \u0130zleyiciyle bulu\u015fmak i\u00e7in g\u00fcn sayan dizinin hangi kanalda yay\u0131mlanaca\u011f\u0131 da belli oldu. Dizi Kanal D ekranlar\u0131nda izleyicinin kar\u015f\u0131s\u0131na \u00e7\u0131kacak.<\/p>\n<p><img loading=\"lazy\" decoding=\"async\" class=\"alignnone wp-image-130014\" src=\"https:\/\/www.tgrthaber.com\/mavikadin\/wp-content\/uploads\/esref-ruya-cagatay-300x169.jpeg\" alt=\"\" width=\"1280\" height=\"720\" title=\"\" srcset=\"https:\/\/www.tgrthaber.com\/mavikadin\/wp-content\/uploads\/esref-ruya-cagatay-300x169.jpeg 300w, https:\/\/www.tgrthaber.com\/mavikadin\/wp-content\/uploads\/esref-ruya-cagatay-768x432.jpeg 768w, https:\/\/www.tgrthaber.com\/mavikadin\/wp-content\/uploads\/esref-ruya-cagatay.jpeg 800w\" sizes=\"(max-width: 1280px) 100vw, 1280px\" \/><\/p>\n<hr \/>\n<h3>\u00c7A\u011eATAY ULUSOY E\u015eREF R\u00dcYA NE ZAMAN?<\/h3>\n<p>\u00c7a\u011fatay Ulusoy\u2019un E\u015fref\u2019i, Demet \u00d6zdemir\u2019in Nisan\u2019\u0131 oynad\u0131\u011f\u0131 ve bir\u00e7ok ki\u015fi taraf\u0131ndan ilgiyle takip edilen E\u015fref R\u00fcya\u2019n\u0131n ne zaman yay\u0131na girece\u011fi merak konusu oldu. Yap\u0131m \u015firketinden dizinin yay\u0131n tarihine ili\u015fkin net bir a\u00e7\u0131klama gelmese de yak\u0131nda izleyiciyle bulu\u015facak.<\/p>\n<p>&nbsp;<\/p>\n","protected":false},"excerpt":{"rendered":"<p>\u00c7a\u011fatay Ulusoy ile Demet \u00d6zdemir\u2019in ba\u015frollerinde yer alaca\u011f\u0131 E\u015fref R\u00fcya dizi sosyal medyan\u0131n g\u00fcndeminde. Kanal D ekranlar\u0131nda seyirci ile bulu\u015fmaya haz\u0131rlanan dizinin yap\u0131mc\u0131l\u0131\u011f\u0131n\u0131 Timur Savc\u0131 ve Burak Sa\u011fya\u015far \u00fcstleniyor. Peki, E\u015fref R\u00fcya dizisi konusu nedir? E\u015fref R\u00fcya dizisinin oyuncu kadrosunda kimler var?<\/p>\n","protected":false},"author":33,"featured_media":124316,"comment_status":"closed","ping_status":"closed","sticky":false,"template":"","format":"standard","meta":{"rank_math_lock_modified_date":false,"footnotes":""},"categories":[602],"tags":[8744,8743,10061,10060],"class_list":["post-124312","post","type-post","status-publish","format-standard","has-post-thumbnail","hentry","category-diziler","tag-esref-ruya-dizisi-cagatay-ulusoy","tag-esref-ruya-dizisi-oyunculari","tag-esref-ruya-hangi-kanalda","tag-esref-ruya-konusu-nedir"],"_links":{"self":[{"href":"https:\/\/www.tgrthaber.com\/mavikadin\/wp-json\/wp\/v2\/posts\/124312"}],"collection":[{"href":"https:\/\/www.tgrthaber.com\/mavikadin\/wp-json\/wp\/v2\/posts"}],"about":[{"href":"https:\/\/www.tgrthaber.com\/mavikadin\/wp-json\/wp\/v2\/types\/post"}],"author":[{"embeddable":true,"href":"https:\/\/www.tgrthaber.com\/mavikadin\/wp-json\/wp\/v2\/users\/33"}],"replies":[{"embeddable":true,"href":"https:\/\/www.tgrthaber.com\/mavikadin\/wp-json\/wp\/v2\/comments?post=124312"}],"version-history":[{"count":6,"href":"https:\/\/www.tgrthaber.com\/mavikadin\/wp-json\/wp\/v2\/posts\/124312\/revisions"}],"predecessor-version":[{"id":130017,"href":"https:\/\/www.tgrthaber.com\/mavikadin\/wp-json\/wp\/v2\/posts\/124312\/revisions\/130017"}],"wp:featuredmedia":[{"embeddable":true,"href":"https:\/\/www.tgrthaber.com\/mavikadin\/wp-json\/wp\/v2\/media\/124316"}],"wp:attachment":[{"href":"https:\/\/www.tgrthaber.com\/mavikadin\/wp-json\/wp\/v2\/media?parent=124312"}],"wp:term":[{"taxonomy":"category","embeddable":true,"href":"https:\/\/www.tgrthaber.com\/mavikadin\/wp-json\/wp\/v2\/categories?post=124312"},{"taxonomy":"post_tag","embeddable":true,"href":"https:\/\/www.tgrthaber.com\/mavikadin\/wp-json\/wp\/v2\/tags?post=124312"}],"curies":[{"name":"wp","href":"https:\/\/api.w.org\/{rel}","templated":true}]}}