{"id":124334,"date":"2025-01-22T09:30:51","date_gmt":"2025-01-22T06:30:51","guid":{"rendered":"https:\/\/www.tgrthaber.com\/mavikadin\/?p=124334"},"modified":"2025-01-22T09:30:51","modified_gmt":"2025-01-22T06:30:51","slug":"zehra-sena-gultekin-kimdir-kartalkayada-otel-yangininda-ailesiyleydi","status":"publish","type":"post","link":"https:\/\/www.tgrthaber.com\/mavikadin\/zehra-sena-gultekin-kimdir-kartalkayada-otel-yangininda-ailesiyleydi\/","title":{"rendered":"Zehra Sena G\u00fcltekin kimdir? Kartalkaya\u2019da otel yang\u0131n\u0131nda ailesiyleydi"},"content":{"rendered":"<p>Zehra Sena G\u00fcltekin kimdir? merak ediliyor. Bolu&#8217;da ya\u015fanan yang\u0131n facias\u0131nda hayat\u0131n\u0131 kaybeden Zehra Sena G\u00fcltekin&#8217;in yang\u0131n an\u0131nda annesini arayarak helallik ald\u0131\u011f\u0131 ortaya \u00e7\u0131kt\u0131.<\/p>\n<h3>ZEHRA SENA G\u00dcLTEK\u0130N K\u0130MD\u0130R?<\/h3>\n<p>Zehra Sena G\u00fcltekin\u2019in ailesinden 14 ki\u015fi ya\u015fanan felakette ya\u015fam\u0131n\u0131 yitirdi. Bolu Kartalkaya Kayak Merkezi&#8217;ndeki yang\u0131nda hayat\u0131n\u0131 kaybeden ki\u015filer aras\u0131nda T\u00fcrk Hava Yollar\u0131 Sat\u0131\u015f Analiz ve Destek M\u00fcd\u00fcrl\u00fc\u011f\u00fc&#8217;nde uzman pozisyonda g\u00f6rev yapan Zehra Sena G\u00fcltekin \u00fc\u00e7 \u00e7ocu\u011fu, e\u015fi ve ailesinden 9 ki\u015finin daha oldu\u011fu ortaya \u00e7\u0131kt\u0131.<\/p>\n<p><img loading=\"lazy\" decoding=\"async\" class=\"alignnone wp-image-124336\" src=\"https:\/\/www.tgrthaber.com\/mavikadin\/wp-content\/uploads\/THYnin-aci-gunu-Boludaki-yanginda-ayni-aileden-14-kisi-hayatini-kaybetti.jpg\" alt=\"\" width=\"1208\" height=\"755\" title=\"\" srcset=\"https:\/\/www.tgrthaber.com\/mavikadin\/wp-content\/uploads\/THYnin-aci-gunu-Boludaki-yanginda-ayni-aileden-14-kisi-hayatini-kaybetti.jpg 800w, https:\/\/www.tgrthaber.com\/mavikadin\/wp-content\/uploads\/THYnin-aci-gunu-Boludaki-yanginda-ayni-aileden-14-kisi-hayatini-kaybetti-300x188.jpg 300w, https:\/\/www.tgrthaber.com\/mavikadin\/wp-content\/uploads\/THYnin-aci-gunu-Boludaki-yanginda-ayni-aileden-14-kisi-hayatini-kaybetti-768x480.jpg 768w\" sizes=\"(max-width: 1208px) 100vw, 1208px\" \/><\/p>\n<hr \/>\n<p>Bolu Kartalkaya Kayak Merkezi\u2019nde 12 katl\u0131 Grand Kartal Otel\u2019de \u00e7\u0131kan yang\u0131nda otelde kalan 237 misafirin 76\u2019\u0131 hayat\u0131n\u0131 kaybetti. Zehra Sena G\u00fcltekin ayn\u0131 zamanda Eski Bah\u00e7elievler Belediye Meclis Ba\u015fkan\u0131 Habibe G\u00fcner\u2019in k\u0131z\u0131 olarak tan\u0131n\u0131yor.<\/p>\n<p><img loading=\"lazy\" decoding=\"async\" class=\"alignnone wp-image-124337\" src=\"https:\/\/www.tgrthaber.com\/mavikadin\/wp-content\/uploads\/Zehra-Sena-Gultekin-2.webp\" alt=\"\" width=\"1208\" height=\"805\" title=\"\" srcset=\"https:\/\/www.tgrthaber.com\/mavikadin\/wp-content\/uploads\/Zehra-Sena-Gultekin-2.webp 800w, https:\/\/www.tgrthaber.com\/mavikadin\/wp-content\/uploads\/Zehra-Sena-Gultekin-2-300x200.webp 300w, https:\/\/www.tgrthaber.com\/mavikadin\/wp-content\/uploads\/Zehra-Sena-Gultekin-2-768x512.webp 768w\" sizes=\"(max-width: 1208px) 100vw, 1208px\" \/><\/p>\n<hr \/>\n<h3>BOLU KARTALKAYA\u2019DA NE OLMU\u015eTU?<\/h3>\n<p>Bolu Kartalkaya\u2019da yer alan kayak merkezinde gece 3 sular\u0131nda \u00e7\u0131kan yang\u0131n sonras\u0131nda 238 m\u00fc\u015fteriden 76 ki\u015fi hayat\u0131n\u0131 kaybetti 51 ki\u015fi yararland\u0131\u011f\u0131 belirlendi.<br \/>\nGece ge\u00e7 saatlerde ba\u015flayan yang\u0131nda binan\u0131n ah\u015fap d\u0131\u015f cephesi k\u00fcle d\u00f6nd\u00fc. Otel \u00e7\u00f6kme tehlikesiyle kar\u015f\u0131 kar\u015f\u0131ya kald\u0131.<\/p>\n","protected":false},"excerpt":{"rendered":"<p>Zehra Sena G\u00fcltekin kimdir? ara\u015ft\u0131r\u0131lmaya ba\u015fland\u0131. Bolu Kartalkaya\u2019da \u00e7\u0131kan otel yang\u0131n\u0131nda hayat\u0131n\u0131 kaybeden Zehra Sena G\u00fcltekin\u2019in yang\u0131n s\u0131ras\u0131nda annesini aramas\u0131 y\u00fcrekleri burktu.<\/p>\n","protected":false},"author":5,"featured_media":124335,"comment_status":"closed","ping_status":"closed","sticky":false,"template":"","format":"standard","meta":{"rank_math_lock_modified_date":false,"footnotes":""},"categories":[491],"tags":[217,8748],"class_list":["post-124334","post","type-post","status-publish","format-standard","has-post-thumbnail","hentry","category-biyografi","tag-kartalkaya","tag-zehra-sena-gultekin"],"_links":{"self":[{"href":"https:\/\/www.tgrthaber.com\/mavikadin\/wp-json\/wp\/v2\/posts\/124334"}],"collection":[{"href":"https:\/\/www.tgrthaber.com\/mavikadin\/wp-json\/wp\/v2\/posts"}],"about":[{"href":"https:\/\/www.tgrthaber.com\/mavikadin\/wp-json\/wp\/v2\/types\/post"}],"author":[{"embeddable":true,"href":"https:\/\/www.tgrthaber.com\/mavikadin\/wp-json\/wp\/v2\/users\/5"}],"replies":[{"embeddable":true,"href":"https:\/\/www.tgrthaber.com\/mavikadin\/wp-json\/wp\/v2\/comments?post=124334"}],"version-history":[{"count":2,"href":"https:\/\/www.tgrthaber.com\/mavikadin\/wp-json\/wp\/v2\/posts\/124334\/revisions"}],"predecessor-version":[{"id":124339,"href":"https:\/\/www.tgrthaber.com\/mavikadin\/wp-json\/wp\/v2\/posts\/124334\/revisions\/124339"}],"wp:featuredmedia":[{"embeddable":true,"href":"https:\/\/www.tgrthaber.com\/mavikadin\/wp-json\/wp\/v2\/media\/124335"}],"wp:attachment":[{"href":"https:\/\/www.tgrthaber.com\/mavikadin\/wp-json\/wp\/v2\/media?parent=124334"}],"wp:term":[{"taxonomy":"category","embeddable":true,"href":"https:\/\/www.tgrthaber.com\/mavikadin\/wp-json\/wp\/v2\/categories?post=124334"},{"taxonomy":"post_tag","embeddable":true,"href":"https:\/\/www.tgrthaber.com\/mavikadin\/wp-json\/wp\/v2\/tags?post=124334"}],"curies":[{"name":"wp","href":"https:\/\/api.w.org\/{rel}","templated":true}]}}