{"id":124370,"date":"2025-01-22T10:20:31","date_gmt":"2025-01-22T07:20:31","guid":{"rendered":"https:\/\/www.tgrthaber.com\/mavikadin\/?p=124370"},"modified":"2025-01-22T18:22:31","modified_gmt":"2025-01-22T15:22:31","slug":"kurulus-osman-22-ocak-2025-bu-aksam-var-mi-yeni-bolumde-osman-bey-ihanetle-karsi-karsiya","status":"publish","type":"post","link":"https:\/\/www.tgrthaber.com\/mavikadin\/kurulus-osman-22-ocak-2025-bu-aksam-var-mi-yeni-bolumde-osman-bey-ihanetle-karsi-karsiya\/","title":{"rendered":"Kurulu\u015f Osman 22 Ocak 2025 bu ak\u015fam var m\u0131? Yeni b\u00f6l\u00fcmde Osman Bey ihanetle kar\u015f\u0131 kar\u015f\u0131ya"},"content":{"rendered":"<p>ATV ekranlar\u0131nda izleyici kar\u015f\u0131s\u0131na \u00e7\u0131kan Kurulu\u015f Osman dizisinin 22 Ocak 2025 bu ak\u015fam yeni b\u00f6l\u00fcm\u00fcn\u00fcn yay\u0131nlan\u0131p yay\u0131nlanmayaca\u011f\u0131 merak edikliyor. Yay\u0131nland\u0131\u011f\u0131 g\u00fcnden bu yana hem konusu hem de g\u00fc\u00e7l\u00fc oyuncu kadrosuyla dikkatleri \u00fczerine \u00e7eken Kurulu\u015f Osman dizisinin yeni b\u00f6l\u00fcm\u00fcnde neler olaca\u011f\u0131 da seyirci taraf\u0131ndan merakla bekleniyor. Kurulu\u015f Osman\u2019\u0131n yeni b\u00f6l\u00fcm\u00fcnde seyirciyi b\u00fcy\u00fck bir ihanet bekliyor. Ge\u00e7ti\u011fimiz hafta seyirciye b\u00fcy\u00fck bir izleme zevki ya\u015fatan Kurulu\u015f Osman\u2019\u0131n yeni b\u00f6l\u00fcm\u00fc bomba gibi geliyor. Peki, Kurulu\u015f Osman 22 Ocak 2025 bu ak\u015fam var m\u0131? Kurulu\u015f Osman yeni b\u00f6l\u00fcmde seyirciyi neler bekliyor? \u0130\u015fte Kurulu\u015f Osman dizisinin yeni b\u00f6l\u00fcm\u00fcnden detaylar\u2026<\/p>\n<hr \/>\n<h3>KURULU\u015e OSMAN 22 OCAK 2025 BU AK\u015eAM VAR MI?<\/h3>\n<p>ATV ekranlar\u0131n\u0131n reytinglerde zirveyi zorlayan dizisi Kurulu\u015f Osman, ge\u00e7ti\u011fimiz hafta izleyicisine b\u00fcy\u00fck bir heyecan ve keyif vermi\u015fti. \u00c7ar\u015famba ak\u015famlar\u0131n\u0131n vazge\u00e7ilmez dizileri aras\u0131nda yer alan Kurulu\u015f Osman\u2019\u0131n 22 Ocak \u00c7ar\u015famba g\u00fcn\u00fc yeni b\u00f6l\u00fcm\u00fcn\u00fcn yay\u0131nlan\u0131p yay\u0131nlanmayaca\u011f\u0131 merak ediliyor.<\/p>\n<p><img loading=\"lazy\" decoding=\"async\" class=\"alignnone wp-image-124376\" src=\"https:\/\/www.tgrthaber.com\/mavikadin\/wp-content\/uploads\/Kurulus-Osman-1-1024x576.png\" alt=\"Kurulu\u015f Osman 22 Ocak 2025 bu ak\u015fam var m\u0131? \" width=\"1208\" height=\"680\" title=\"\" srcset=\"https:\/\/www.tgrthaber.com\/mavikadin\/wp-content\/uploads\/Kurulus-Osman-1-1024x576.png 1024w, https:\/\/www.tgrthaber.com\/mavikadin\/wp-content\/uploads\/Kurulus-Osman-1-300x169.png 300w, https:\/\/www.tgrthaber.com\/mavikadin\/wp-content\/uploads\/Kurulus-Osman-1-768x432.png 768w, https:\/\/www.tgrthaber.com\/mavikadin\/wp-content\/uploads\/Kurulus-Osman-1-1536x864.png 1536w, https:\/\/www.tgrthaber.com\/mavikadin\/wp-content\/uploads\/Kurulus-Osman-1.png 1600w\" sizes=\"(max-width: 1208px) 100vw, 1208px\" \/><\/p>\n<hr \/>\n<p>Tarihi dokusu ve hikayesiyle seyirciyi etkilemeyi ba\u015faran Kurulu\u015f Osman dizisi, Osmanl\u0131 devletinin en g\u00fc\u00e7l\u00fc zamanlar\u0131ndan biri olan Osman Bey d\u00f6nemini konu al\u0131yor. Burak \u00d6z\u00e7ivit\u2019in de ba\u015frollerinde yer ald\u0131\u011f\u0131 dizi Osman Bey d\u00f6neminde \u0131\u015f\u0131k tutuyor. Osman Bey karakterinin devletini korumak i\u00e7in elinden gelenin fazlas\u0131n\u0131 yapt\u0131\u011f\u0131 dizi, d\u00f6nem dizilerinden en \u00e7ok sevilenler aras\u0131nda yer al\u0131yor. Kurulu\u015f Osman\u2019\u0131n yeni b\u00f6l\u00fcm\u00fcnde seyirciyi b\u00fcy\u00fck bir ihanet bekliyor. Kurulu\u015f Osman dizisi, d\u00fcn sabah saatlerinde Bolu Kartalkaya Kayak Merkezi&#8217;ndeki Grand Kartal Otel\u2019de meydana gelen yang\u0131n facias\u0131ndan dolay\u0131, 22 Ocak 2025 \u00c7ar\u015famba g\u00fcn\u00fc tekrar b\u00f6l\u00fcm\u00fcyle izleyici kar\u015f\u0131s\u0131na \u00e7\u0131kacak. Dizinin yeni b\u00f6l\u00fcm\u00fcn\u00fcn 29 Ocak \u00c7ar\u015famba g\u00fcn\u00fc seyirci ile bulu\u015fmas\u0131 bekleniyor.<\/p>\n<p><img loading=\"lazy\" decoding=\"async\" class=\"alignnone wp-image-124377\" src=\"https:\/\/www.tgrthaber.com\/mavikadin\/wp-content\/uploads\/Kurulus-Osman-4-1-1024x576.jpg\" alt=\"Kurulu\u015f Osman 22 Ocak 2025 bu ak\u015fam var m\u0131? \" width=\"1208\" height=\"680\" title=\"\" srcset=\"https:\/\/www.tgrthaber.com\/mavikadin\/wp-content\/uploads\/Kurulus-Osman-4-1-1024x576.jpg 1024w, https:\/\/www.tgrthaber.com\/mavikadin\/wp-content\/uploads\/Kurulus-Osman-4-1-300x169.jpg 300w, https:\/\/www.tgrthaber.com\/mavikadin\/wp-content\/uploads\/Kurulus-Osman-4-1-768x432.jpg 768w, https:\/\/www.tgrthaber.com\/mavikadin\/wp-content\/uploads\/Kurulus-Osman-4-1-1536x864.jpg 1536w, https:\/\/www.tgrthaber.com\/mavikadin\/wp-content\/uploads\/Kurulus-Osman-4-1.jpg 1600w\" sizes=\"(max-width: 1208px) 100vw, 1208px\" \/><\/p>\n<hr \/>\n<h3>KURULU\u015e OSMAN D\u0130Z\u0130S\u0130N\u0130N SON B\u00d6L\u00dcM\u00dcNDE NELER OLMU\u015eTU?<\/h3>\n<p>ATV ekranlar\u0131n\u0131n reyting canavar\u0131 dizisi Kurulu\u015f Osman, seyirci taraf\u0131ndan b\u00fcy\u00fck bir ilgi g\u00f6rmeye devam ediyor. Ge\u00e7ti\u011fimiz hafta seyirciye heyecan dolu dakikalar ya\u015fatan Kurulu\u015f Osman dizisinde, Osman Bey\u2019in can\u0131ndan feragat ederek ahalisinin can\u0131 i\u00e7in kendisini tehlikeye atmas\u0131 damga vurmu\u015ftu. Osman Bey\u2019in Ulugan\u2019a teslim oldu\u011fu son b\u00f6l\u00fcmde, Mo\u011follar S\u00f6\u011f\u00fct ve Kay\u0131 Obas\u0131na sald\u0131rm\u0131\u015ft\u0131.<\/p>\n<p><img loading=\"lazy\" decoding=\"async\" class=\"alignnone wp-image-124378\" src=\"https:\/\/www.tgrthaber.com\/mavikadin\/wp-content\/uploads\/Kurulus-Osman-1-1-1024x576.jpg\" alt=\"Kurulu\u015f Osman 22 Ocak 2025 bu ak\u015fam var m\u0131? \" width=\"1208\" height=\"680\" title=\"\" srcset=\"https:\/\/www.tgrthaber.com\/mavikadin\/wp-content\/uploads\/Kurulus-Osman-1-1-1024x576.jpg 1024w, https:\/\/www.tgrthaber.com\/mavikadin\/wp-content\/uploads\/Kurulus-Osman-1-1-300x169.jpg 300w, https:\/\/www.tgrthaber.com\/mavikadin\/wp-content\/uploads\/Kurulus-Osman-1-1-768x432.jpg 768w, https:\/\/www.tgrthaber.com\/mavikadin\/wp-content\/uploads\/Kurulus-Osman-1-1-1536x864.jpg 1536w, https:\/\/www.tgrthaber.com\/mavikadin\/wp-content\/uploads\/Kurulus-Osman-1-1.jpg 1600w\" sizes=\"(max-width: 1208px) 100vw, 1208px\" \/><\/p>\n<hr \/>\n<p>Ulugan\u2019\u0131n elinde olan Osman Bey\u2019in itibar\u0131n\u0131 yerle bir etmek isteseler de Osman Bey, esaret alt\u0131ndayken bile d\u00fc\u015fmanlar\u0131na boyun e\u011fmez. \u00d6te yandan Kay\u0131 obas\u0131nda Bala Hatun ve Beg\u00fcm Hatun aras\u0131nda bir y\u00fczle\u015fme ger\u00e7ekle\u015fir. Beg\u00fcm Hatun\u2019un g\u00f6nl\u00fc Osman Bey\u2019dedir. Osman Bey\u2019in postunu bo\u015f bulan \u0130lbay Bey ise, posta oturur. Di\u011fer yandan Orhan Bey, tam as\u0131laca\u011f\u0131 s\u0131rada Alaeddin Bey ve alpler taraf\u0131ndan kurtar\u0131l\u0131r. T\u00fcm k\u00f6t\u00fc olaylar Kay\u0131 obas\u0131n\u0131 bulmu\u015fken, Holof\u0131ra\u2019dan mutlu edici bir haber gelir. Holof\u0131ra, Bala Hatun\u2019a gebe oldu\u011funu s\u00f6yler. Fakat Hatunlar\u2019\u0131n mutlulu\u011fu Ulugan ve adamlar\u0131n\u0131n Kay\u0131 obas\u0131na yapt\u0131\u011f\u0131 bask\u0131nla k\u0131sa s\u00fcrer.<\/p>\n<p><img loading=\"lazy\" decoding=\"async\" class=\"alignnone wp-image-124379\" src=\"https:\/\/www.tgrthaber.com\/mavikadin\/wp-content\/uploads\/Kurulus-Osman-2-1-1024x576.jpg\" alt=\"Kurulu\u015f Osman 22 Ocak 2025 bu ak\u015fam var m\u0131? \" width=\"1208\" height=\"680\" title=\"\" srcset=\"https:\/\/www.tgrthaber.com\/mavikadin\/wp-content\/uploads\/Kurulus-Osman-2-1-1024x576.jpg 1024w, https:\/\/www.tgrthaber.com\/mavikadin\/wp-content\/uploads\/Kurulus-Osman-2-1-300x169.jpg 300w, https:\/\/www.tgrthaber.com\/mavikadin\/wp-content\/uploads\/Kurulus-Osman-2-1-768x432.jpg 768w, https:\/\/www.tgrthaber.com\/mavikadin\/wp-content\/uploads\/Kurulus-Osman-2-1-1536x864.jpg 1536w, https:\/\/www.tgrthaber.com\/mavikadin\/wp-content\/uploads\/Kurulus-Osman-2-1.jpg 1600w\" sizes=\"(max-width: 1208px) 100vw, 1208px\" \/><\/p>\n<hr \/>\n<h3>KURULU\u015e OSMAN\u2019IN YEN\u0130 B\u00d6L\u00dcM\u00dcNDE OSMAN BEY \u0130HANETLE KAR\u015eI KAR\u015eIYA!<\/h3>\n<p>Ge\u00e7ti\u011fimiz b\u00f6l\u00fcm seyirciye b\u00fcy\u00fck bir heyecan veren Kurulu\u015f Osman dizisinin yeni b\u00f6l\u00fcm\u00fcnde izleyiciyi b\u00fcy\u00fck bir ihanet bekliyor. 29 Ocak \u00c7ar\u015famba ak\u015fam\u0131 saat 20.00\u2019da izleyici kar\u015f\u0131s\u0131na \u00e7\u0131kmas\u0131 planlanan dizide Mo\u011fol Ulugan\u2019\u0131n elinde olan Osman Bey son anda idam edilmekten kurtulurken, Mo\u011fol ve Bizans ittifak\u0131yla \u0130lbay\u2019\u0131n ihaneti ile sars\u0131lan Kay\u0131 obas\u0131n\u0131n \u00f6l\u00fcm kal\u0131m sava\u015f\u0131 seyirciye unutulmaz dakikalar ya\u015fatacak.<\/p>\n<p><img loading=\"lazy\" decoding=\"async\" class=\"alignnone wp-image-124381\" src=\"https:\/\/www.tgrthaber.com\/mavikadin\/wp-content\/uploads\/Kurulus-Osman-3-1-1024x576.jpg\" alt=\"Kurulu\u015f Osman 22 Ocak 2025 bu ak\u015fam var m\u0131? \" width=\"1208\" height=\"680\" title=\"\" srcset=\"https:\/\/www.tgrthaber.com\/mavikadin\/wp-content\/uploads\/Kurulus-Osman-3-1-1024x576.jpg 1024w, https:\/\/www.tgrthaber.com\/mavikadin\/wp-content\/uploads\/Kurulus-Osman-3-1-300x169.jpg 300w, https:\/\/www.tgrthaber.com\/mavikadin\/wp-content\/uploads\/Kurulus-Osman-3-1-768x432.jpg 768w, https:\/\/www.tgrthaber.com\/mavikadin\/wp-content\/uploads\/Kurulus-Osman-3-1-1536x864.jpg 1536w, https:\/\/www.tgrthaber.com\/mavikadin\/wp-content\/uploads\/Kurulus-Osman-3-1.jpg 1600w\" sizes=\"(max-width: 1208px) 100vw, 1208px\" \/><\/p>\n<hr \/>\n<p>Ulugan, Kay\u0131lar\u0131n yeni beyinin \u0130lbay Bey oldu\u011funu duyururken, Osman Bey neredeyse elindeki her \u015feyi kaybetmi\u015ftir. \u0130lbay\u2019\u0131n ihaneti ile kar\u015f\u0131 kar\u015f\u0131ya kalan Osman Bey\u2019in t\u0131rnaklar\u0131yla kaz\u0131yarak kurdu\u011fu devletin ba\u015f\u0131nda art\u0131k \u0130lbay Bey vard\u0131r. Osman Bey, \u0130lbay\u2019\u0131n ihanetiyle y\u00fczle\u015fti\u011finde \u00f6fkelenir ve intikam yemini eder. Osman Bey, Ulugan\u2019\u0131n elinden kurtulacakt\u0131r. Fakat bu kurtulu\u015f s\u0131ras\u0131nda Poena da ona e\u015flik edecektir. \u00d6te yandan Bala Hatun, Orhan ve Alaeddin Osman Bey\u2019i kurtarmak i\u00e7in plan yapsalar da tuza\u011fa d\u00fc\u015ft\u00fcklerinin fark\u0131nda de\u011fildir.<\/p>\n","protected":false},"excerpt":{"rendered":"<p>ATV ekranlar\u0131n\u0131n b\u00fcy\u00fck bir ilgiyle takip edilen dizisi Kurulu\u015f Osman\u2019\u0131n bu ak\u015fam yay\u0131nlan\u0131p yay\u0131nlanmayaca\u011f\u0131 merak ediliyor. Peki, Kurulu\u015f Osman 22 Ocak 2025 bu ak\u015fam var m\u0131? Yeni b\u00f6l\u00fcmde seyirciyi neler bekliyor? \u0130\u015fte detaylar\u2026 <\/p>\n","protected":false},"author":26,"featured_media":124374,"comment_status":"closed","ping_status":"closed","sticky":false,"template":"","format":"standard","meta":{"rank_math_lock_modified_date":false,"footnotes":""},"categories":[602],"tags":[8720,8719,2154,3072,8446],"class_list":["post-124370","post","type-post","status-publish","format-standard","has-post-thumbnail","hentry","category-diziler","tag-22-ocak-2025-carsamba","tag-22-ocak-2025-carsamba-aksami-dizileri","tag-burak-ozcivit","tag-kurulus-osman","tag-kurulus-osman-dizisi"],"_links":{"self":[{"href":"https:\/\/www.tgrthaber.com\/mavikadin\/wp-json\/wp\/v2\/posts\/124370"}],"collection":[{"href":"https:\/\/www.tgrthaber.com\/mavikadin\/wp-json\/wp\/v2\/posts"}],"about":[{"href":"https:\/\/www.tgrthaber.com\/mavikadin\/wp-json\/wp\/v2\/types\/post"}],"author":[{"embeddable":true,"href":"https:\/\/www.tgrthaber.com\/mavikadin\/wp-json\/wp\/v2\/users\/26"}],"replies":[{"embeddable":true,"href":"https:\/\/www.tgrthaber.com\/mavikadin\/wp-json\/wp\/v2\/comments?post=124370"}],"version-history":[{"count":3,"href":"https:\/\/www.tgrthaber.com\/mavikadin\/wp-json\/wp\/v2\/posts\/124370\/revisions"}],"predecessor-version":[{"id":124616,"href":"https:\/\/www.tgrthaber.com\/mavikadin\/wp-json\/wp\/v2\/posts\/124370\/revisions\/124616"}],"wp:featuredmedia":[{"embeddable":true,"href":"https:\/\/www.tgrthaber.com\/mavikadin\/wp-json\/wp\/v2\/media\/124374"}],"wp:attachment":[{"href":"https:\/\/www.tgrthaber.com\/mavikadin\/wp-json\/wp\/v2\/media?parent=124370"}],"wp:term":[{"taxonomy":"category","embeddable":true,"href":"https:\/\/www.tgrthaber.com\/mavikadin\/wp-json\/wp\/v2\/categories?post=124370"},{"taxonomy":"post_tag","embeddable":true,"href":"https:\/\/www.tgrthaber.com\/mavikadin\/wp-json\/wp\/v2\/tags?post=124370"}],"curies":[{"name":"wp","href":"https:\/\/api.w.org\/{rel}","templated":true}]}}