{"id":124528,"date":"2025-01-22T14:46:30","date_gmt":"2025-01-22T11:46:30","guid":{"rendered":"https:\/\/www.tgrthaber.com\/mavikadin\/?p=124528"},"modified":"2025-01-22T14:46:30","modified_gmt":"2025-01-22T11:46:30","slug":"yali-capkini-final-tarihi-belli-oldu-seyran-ve-ferit-aski-diziyi-kurtaramadi","status":"publish","type":"post","link":"https:\/\/www.tgrthaber.com\/mavikadin\/yali-capkini-final-tarihi-belli-oldu-seyran-ve-ferit-aski-diziyi-kurtaramadi\/","title":{"rendered":"Yal\u0131 \u00c7apk\u0131n\u0131 final tarihi belli oldu! Seyran ve Ferit a\u015fk\u0131 diziyi kurtaramad\u0131"},"content":{"rendered":"<p>Yal\u0131 \u00c7apk\u0131n\u0131\u2019nda final tarihi belli oldu. 3. Sezonunda istenen ilgiyi g\u00f6remeyen dizide Seyran ve Ferit a\u015fk\u0131 da diziyi kurtaramad\u0131. Bir ayr\u0131l bir bar\u0131\u015f devam eden ili\u015fkileri izleyicinin ilgisini zaman i\u00e7erisinde kaybetmesine neden oldu.<\/p>\n<h3>YALI \u00c7APKINI F\u0130NAL TAR\u0130H\u0130 BELL\u0130 OLDU!<\/h3>\n<p>Yay\u0131n hayat\u0131na ba\u015flad\u0131\u011f\u0131 2022 y\u0131l\u0131nda reyting rekorlar\u0131 k\u0131ran Yal\u0131 \u00c7apk\u0131n\u0131, 3. Sezonda istedi\u011fi ba\u015far\u0131y\u0131 elde edemedi.<\/p>\n<p>Final dedikodular\u0131n\u0131n konu\u015fuldu\u011fu dizide bu sezon reytingler istenilen \u015fekilde gitmiyor.<\/p>\n<p><img loading=\"lazy\" decoding=\"async\" class=\"alignnone wp-image-124529\" src=\"https:\/\/www.tgrthaber.com\/mavikadin\/wp-content\/uploads\/Seyran-Ferit-3.webp\" alt=\"\" width=\"1208\" height=\"678\" title=\"\" srcset=\"https:\/\/www.tgrthaber.com\/mavikadin\/wp-content\/uploads\/Seyran-Ferit-3.webp 1200w, https:\/\/www.tgrthaber.com\/mavikadin\/wp-content\/uploads\/Seyran-Ferit-3-300x169.webp 300w, https:\/\/www.tgrthaber.com\/mavikadin\/wp-content\/uploads\/Seyran-Ferit-3-1024x575.webp 1024w, https:\/\/www.tgrthaber.com\/mavikadin\/wp-content\/uploads\/Seyran-Ferit-3-768x431.webp 768w\" sizes=\"(max-width: 1208px) 100vw, 1208px\" \/><\/p>\n<hr \/>\n<p>Dizide s\u0131k s\u0131k ayr\u0131l\u0131p bar\u0131\u015fan Seyran ve Ferit\u2019in yeniden bir araya gelmesi izleyiciyi diziden uzakla\u015ft\u0131rm\u0131\u015ft\u0131.<\/p>\n<p>K\u0131z\u0131lc\u0131k \u015eerbeti 3. Sezonda 10 baraj\u0131n\u0131 a\u015farken Yal\u0131 \u00c7apk\u0131n\u0131\u2019n\u0131n reytinglerde gerilere d\u00fc\u015fmesi final karar\u0131n\u0131n al\u0131nmas\u0131nda etkili oldu.<\/p>\n<p><img loading=\"lazy\" decoding=\"async\" class=\"alignnone wp-image-124532\" src=\"https:\/\/www.tgrthaber.com\/mavikadin\/wp-content\/uploads\/Seyran-Ferit.jpg\" alt=\"\" width=\"1208\" height=\"680\" title=\"\" srcset=\"https:\/\/www.tgrthaber.com\/mavikadin\/wp-content\/uploads\/Seyran-Ferit.jpg 1200w, https:\/\/www.tgrthaber.com\/mavikadin\/wp-content\/uploads\/Seyran-Ferit-300x169.jpg 300w, https:\/\/www.tgrthaber.com\/mavikadin\/wp-content\/uploads\/Seyran-Ferit-1024x576.jpg 1024w, https:\/\/www.tgrthaber.com\/mavikadin\/wp-content\/uploads\/Seyran-Ferit-768x432.jpg 768w\" sizes=\"(max-width: 1208px) 100vw, 1208px\" \/><\/p>\n<hr \/>\n<p>Dizinin 100. B\u00f6l\u00fcmde final yapaca\u011f\u0131 s\u00f6ylentileri h\u0131zla yay\u0131l\u0131rken Yal\u0131 \u00c7apk\u0131n\u0131 bu hafta 92. B\u00f6l\u00fcm\u00fcyle ekranlara gelmeye haz\u0131rlan\u0131yor. Diziye e\u011fer ara verilmezse Mart ay\u0131nda final yapmas\u0131 bekleniyor.<\/p>\n","protected":false},"excerpt":{"rendered":"<p>Ekranlar\u0131n ilgiyle takip edilen dizisi Yal\u0131 \u00c7apk\u0131n\u0131\u2019nda final tarihi belli oldu. 3. Sezonunda beklenen reytingleri yakalayamayan dizide final dedikodular\u0131 \u015fimdiden konu\u015fulmaya ba\u015fland\u0131.<\/p>\n","protected":false},"author":5,"featured_media":124531,"comment_status":"closed","ping_status":"closed","sticky":false,"template":"","format":"standard","meta":{"rank_math_lock_modified_date":false,"footnotes":""},"categories":[602],"tags":[3110,872,2505],"class_list":["post-124528","post","type-post","status-publish","format-standard","has-post-thumbnail","hentry","category-diziler","tag-ferit","tag-seyran","tag-yali-capkini"],"_links":{"self":[{"href":"https:\/\/www.tgrthaber.com\/mavikadin\/wp-json\/wp\/v2\/posts\/124528"}],"collection":[{"href":"https:\/\/www.tgrthaber.com\/mavikadin\/wp-json\/wp\/v2\/posts"}],"about":[{"href":"https:\/\/www.tgrthaber.com\/mavikadin\/wp-json\/wp\/v2\/types\/post"}],"author":[{"embeddable":true,"href":"https:\/\/www.tgrthaber.com\/mavikadin\/wp-json\/wp\/v2\/users\/5"}],"replies":[{"embeddable":true,"href":"https:\/\/www.tgrthaber.com\/mavikadin\/wp-json\/wp\/v2\/comments?post=124528"}],"version-history":[{"count":2,"href":"https:\/\/www.tgrthaber.com\/mavikadin\/wp-json\/wp\/v2\/posts\/124528\/revisions"}],"predecessor-version":[{"id":124534,"href":"https:\/\/www.tgrthaber.com\/mavikadin\/wp-json\/wp\/v2\/posts\/124528\/revisions\/124534"}],"wp:featuredmedia":[{"embeddable":true,"href":"https:\/\/www.tgrthaber.com\/mavikadin\/wp-json\/wp\/v2\/media\/124531"}],"wp:attachment":[{"href":"https:\/\/www.tgrthaber.com\/mavikadin\/wp-json\/wp\/v2\/media?parent=124528"}],"wp:term":[{"taxonomy":"category","embeddable":true,"href":"https:\/\/www.tgrthaber.com\/mavikadin\/wp-json\/wp\/v2\/categories?post=124528"},{"taxonomy":"post_tag","embeddable":true,"href":"https:\/\/www.tgrthaber.com\/mavikadin\/wp-json\/wp\/v2\/tags?post=124528"}],"curies":[{"name":"wp","href":"https:\/\/api.w.org\/{rel}","templated":true}]}}