{"id":124558,"date":"2025-01-22T16:00:54","date_gmt":"2025-01-22T13:00:54","guid":{"rendered":"https:\/\/www.tgrthaber.com\/mavikadin\/?p=124558"},"modified":"2025-01-23T09:45:18","modified_gmt":"2025-01-23T06:45:18","slug":"sevval-sahin-kimdir-bolu-yangininda-12-kattan-atlayarak-kurtuldu","status":"publish","type":"post","link":"https:\/\/www.tgrthaber.com\/mavikadin\/sevval-sahin-kimdir-bolu-yangininda-12-kattan-atlayarak-kurtuldu\/","title":{"rendered":"\u015eevval \u015eahin kimdir? Bolu yang\u0131n\u0131nda 12. kattan atlam\u0131\u015ft\u0131"},"content":{"rendered":"<p>Bolu Kartalkaya\u2019da Grand Kartal Otel&#8217;de \u00e7\u0131kan yang\u0131nda 12. kattan beton zemine atlayarak kurtulan \u015eevval \u015eahin bir s\u00fcre yo\u011fun bak\u0131mda ya\u015fam m\u00fccadelesi vermi\u015fti. Gen\u00e7 k\u0131z\u0131n otele 1,5 ay \u00f6nce garsonluk yapmak i\u00e7in geldi\u011fi biliniyor.<\/p>\n<h3>\u015eEVVAL \u015eAH\u0130N K\u0130MD\u0130R?<\/h3>\n<p>Bolu\u2019da Kartalkaya Kayak Merkezi\u2019ndeki Grand Kartal Otel\u2019deki yang\u0131n facias\u0131nda 12. Kattan atlayan 25 ya\u015f\u0131ndaki \u015eevval \u015eahin, a\u011f\u0131r yaraland\u0131. Ancak bu sabah \u015eevval \u015eahin&#8217;den ac\u0131 haber geldi.<\/p>\n<p>Bir s\u00fcre hastanede tedavi g\u00f6ren \u015eahin\u2019in otelde garsonluk yapt\u0131\u011f\u0131 \u00f6\u011frenildi.<\/p>\n<p><img loading=\"lazy\" decoding=\"async\" class=\"alignnone size-full wp-image-124566\" src=\"https:\/\/www.tgrthaber.com\/mavikadin\/wp-content\/uploads\/Sevval-Sahin-2.jpg\" alt=\"\" width=\"1600\" height=\"900\" title=\"\" srcset=\"https:\/\/www.tgrthaber.com\/mavikadin\/wp-content\/uploads\/Sevval-Sahin-2.jpg 1600w, https:\/\/www.tgrthaber.com\/mavikadin\/wp-content\/uploads\/Sevval-Sahin-2-300x169.jpg 300w, https:\/\/www.tgrthaber.com\/mavikadin\/wp-content\/uploads\/Sevval-Sahin-2-1024x576.jpg 1024w, https:\/\/www.tgrthaber.com\/mavikadin\/wp-content\/uploads\/Sevval-Sahin-2-768x432.jpg 768w, https:\/\/www.tgrthaber.com\/mavikadin\/wp-content\/uploads\/Sevval-Sahin-2-1536x864.jpg 1536w\" sizes=\"(max-width: 1600px) 100vw, 1600px\" \/><\/p>\n<hr \/>\n<h3>\u015eEVVAL \u015eAH\u0130N&#8217;DEN ACI HABER<\/h3>\n<p>Bolu Grand Kartal Otel\u2019deki yang\u0131n facias\u0131nda 12. Kattan atlayan 25 ya\u015f\u0131ndaki \u015eevval \u015eahin\u2019den ne yaz\u0131k ki ac\u0131 haber geldi. \u015eahin tedavi g\u00f6rd\u00fc\u011f\u00fc hastanede hayat\u0131n\u0131 kaybetti.<\/p>\n<h3>ATLAMAYA BABASIYLA KONU\u015eURKEN KARAR VERD\u0130<\/h3>\n<p>Yang\u0131n an\u0131nda babas\u0131 Erdal \u015eahin ile g\u00f6r\u00fcnt\u00fcl\u00fc konu\u015fan \u015eahin\u2019in a\u015fa\u011f\u0131ya atlama karar\u0131n\u0131 babas\u0131yla konu\u015furken verdi\u011fi ortaya \u00e7\u0131kt\u0131.<\/p>\n<p>Bart\u0131n\u2019da ya\u015fayan \u015eahin\u2019in 1,5 ay \u00f6nce Kartalkaya Kayak Merkezi\u2019nde \u00e7al\u0131\u015fmaya ba\u015flad\u0131\u011f\u0131 bilgisi al\u0131nd\u0131.<\/p>\n<p>Yang\u0131nda 12. Kattan atlayarak kurtulan \u015eahin\u2019in tedavisi Bolu Abant \u0130zzet Baysal \u00dcniversitesi E\u011fitim ve Ara\u015ft\u0131rma Hastanesi\u2019nin yo\u011fun bak\u0131m \u00fcnitesinde devam etmi\u015fti.<\/p>\n<h3><img loading=\"lazy\" decoding=\"async\" class=\"alignnone wp-image-124568\" src=\"https:\/\/www.tgrthaber.com\/mavikadin\/wp-content\/uploads\/Grand.jpg\" alt=\"\" width=\"1208\" height=\"680\" title=\"\" srcset=\"https:\/\/www.tgrthaber.com\/mavikadin\/wp-content\/uploads\/Grand.jpg 1600w, https:\/\/www.tgrthaber.com\/mavikadin\/wp-content\/uploads\/Grand-300x169.jpg 300w, https:\/\/www.tgrthaber.com\/mavikadin\/wp-content\/uploads\/Grand-1024x576.jpg 1024w, https:\/\/www.tgrthaber.com\/mavikadin\/wp-content\/uploads\/Grand-768x432.jpg 768w, https:\/\/www.tgrthaber.com\/mavikadin\/wp-content\/uploads\/Grand-1536x864.jpg 1536w\" sizes=\"(max-width: 1208px) 100vw, 1208px\" \/><\/h3>\n<hr \/>\n<h3>238 K\u0130\u015e\u0130 KONAKLIYORDU<\/h3>\n<p>Doluluk oran\u0131 y\u00fczde 80-90 civar\u0131nda oldu\u011fu belirtilen Grand Kartal Otel\u2019de yang\u0131n saat 3:30 sular\u0131nda mutfak k\u0131sm\u0131nda \u00e7\u0131kt\u0131.<\/p>\n<p>Toplamda 238 ki\u015finin konaklad\u0131\u011f\u0131 12 katl\u0131 Grand Kartal Otel\u2019de \u00e7\u0131kan yang\u0131nda 76 vatanda\u015f hayat\u0131n\u0131 kaybetti. 51 ki\u015fi ise yaraland\u0131.<\/p>\n<p>Bolu Kartalkaya Kayak Merkezi\u2019ndeki otelde S\u00f6mestr tatili nedeniyle doluluk oran\u0131 her zamankinden daha fazlayd\u0131.<\/p>\n<p>D\u0131\u015f cephesi ah\u015fap kaplama olan otelde 2 bin 200 rak\u0131ml\u0131 K\u00f6ro\u011flu Da\u011flar\u0131\u2019n\u0131n zirvesinde yer al\u0131yor. Otelin yak\u0131n \u00e7evresinde ise 4 otel daha bulunuyor.<\/p>\n","protected":false},"excerpt":{"rendered":"<p>Bolu Kartalkaya yang\u0131n\u0131nda 12. kattan atlayarak kurtulan \u015eevval \u015eahin kimdir? merak konusu oldu. Yang\u0131nda babas\u0131yla g\u00f6r\u00fcnt\u00fcl\u00fc konu\u015fan \u015eahin\u2019in durumunun a\u011f\u0131r oldu\u011fu \u00f6\u011frenildi.<\/p>\n","protected":false},"author":5,"featured_media":124569,"comment_status":"closed","ping_status":"closed","sticky":false,"template":"","format":"standard","meta":{"rank_math_lock_modified_date":false,"footnotes":""},"categories":[491],"tags":[8776,8761,8658],"class_list":["post-124558","post","type-post","status-publish","format-standard","has-post-thumbnail","hentry","category-biyografi","tag-bolu-kartalkaya","tag-grand-kartal","tag-sevval-sahin"],"_links":{"self":[{"href":"https:\/\/www.tgrthaber.com\/mavikadin\/wp-json\/wp\/v2\/posts\/124558"}],"collection":[{"href":"https:\/\/www.tgrthaber.com\/mavikadin\/wp-json\/wp\/v2\/posts"}],"about":[{"href":"https:\/\/www.tgrthaber.com\/mavikadin\/wp-json\/wp\/v2\/types\/post"}],"author":[{"embeddable":true,"href":"https:\/\/www.tgrthaber.com\/mavikadin\/wp-json\/wp\/v2\/users\/5"}],"replies":[{"embeddable":true,"href":"https:\/\/www.tgrthaber.com\/mavikadin\/wp-json\/wp\/v2\/comments?post=124558"}],"version-history":[{"count":3,"href":"https:\/\/www.tgrthaber.com\/mavikadin\/wp-json\/wp\/v2\/posts\/124558\/revisions"}],"predecessor-version":[{"id":124832,"href":"https:\/\/www.tgrthaber.com\/mavikadin\/wp-json\/wp\/v2\/posts\/124558\/revisions\/124832"}],"wp:featuredmedia":[{"embeddable":true,"href":"https:\/\/www.tgrthaber.com\/mavikadin\/wp-json\/wp\/v2\/media\/124569"}],"wp:attachment":[{"href":"https:\/\/www.tgrthaber.com\/mavikadin\/wp-json\/wp\/v2\/media?parent=124558"}],"wp:term":[{"taxonomy":"category","embeddable":true,"href":"https:\/\/www.tgrthaber.com\/mavikadin\/wp-json\/wp\/v2\/categories?post=124558"},{"taxonomy":"post_tag","embeddable":true,"href":"https:\/\/www.tgrthaber.com\/mavikadin\/wp-json\/wp\/v2\/tags?post=124558"}],"curies":[{"name":"wp","href":"https:\/\/api.w.org\/{rel}","templated":true}]}}