{"id":124627,"date":"2025-01-22T19:34:10","date_gmt":"2025-01-22T16:34:10","guid":{"rendered":"https:\/\/www.tgrthaber.com\/mavikadin\/?p=124627"},"modified":"2025-01-22T19:34:10","modified_gmt":"2025-01-22T16:34:10","slug":"bolu-yangininda-afad-ekibinin-otele-girebilmeleri-icin-ucret-istenince-melis-sutsurup-ates-puskurdu","status":"publish","type":"post","link":"https:\/\/www.tgrthaber.com\/mavikadin\/bolu-yangininda-afad-ekibinin-otele-girebilmeleri-icin-ucret-istenince-melis-sutsurup-ates-puskurdu\/","title":{"rendered":"Bolu yang\u0131n\u0131nda AFAD ekibinin otele girebilmeleri i\u00e7in \u00fccret istenince Melis S\u00fct\u015furup ate\u015f p\u00fcsk\u00fcrd\u00fc!"},"content":{"rendered":"<p>\u0130ki g\u00fcn \u00f6nce Bolu Kartalkaya&#8217;daki Grand Kartal Otel&#8217;de gecenin bir vaktinde \u00e7\u0131kan yang\u0131n felaketi ile vefat eden vatanda\u015f say\u0131s\u0131 en son 79 ki\u015fiye y\u00fckselmi\u015fti.<\/p>\n<p>Yang\u0131n\u0131n \u00e7\u0131kmas\u0131 ile beraber yang\u0131nda mahsur kal\u0131p hayatta kalma m\u00fccadelesi veren vatanda\u015flar\u0131 kurtarmak i\u00e7in canla ba\u015fla sahaya giri\u015fen AFAD g\u00f6revlilerinin biraz olsun dinlenebilmeleri i\u00e7in otelden oda rica etmelerinin \u00fcst\u00fcne AFAD ekibinin otele al\u0131nmad\u0131\u011f\u0131 \u00f6ne s\u00fcr\u00fclm\u00fc\u015ft\u00fc.<\/p>\n<p>\u00dclkece zor g\u00fcnler ge\u00e7irdi\u011fimiz \u015fu durumda bile f\u0131rsat\u00e7\u0131l\u0131k yapan kimselere \u015fark\u0131c\u0131 Mustafa Sandal&#8217;\u0131n e\u015fi Melis S\u00fct\u015furup AFAD ekiplerinden talep edilen \u00fccret i\u00e7in sinirden deliye d\u00f6nd\u00fc.<\/p>\n<h3>BOLU KARTALKAYA OTEL\u0130NDE \u00c7IKAN YANGINDA \u015eOK \u0130DD\u0130A!<\/h3>\n<p>Geceleyin saat 3.30 sular\u0131nda \u00e7\u0131kan yang\u0131n 79 vatanda\u015f\u0131m\u0131z\u0131n hayat\u0131n\u0131 kaybetmesine ve 51 ki\u015finin yaralanmas\u0131na yol a\u00e7m\u0131\u015ft\u0131. Geceli\u011fi 29 bin TL olan otelde yang\u0131n merdiveni, duman dedekt\u00f6r\u00fc, yang\u0131n s\u00f6nd\u00fcrme t\u00fcp\u00fc gibi hayati \u00f6nem ta\u015f\u0131yan ara\u00e7 gere\u00e7lerin bulunmamas\u0131 duyanlar\u0131 \u015foka sokarak sosyal medyada b\u00fcy\u00fck tepkilere yol a\u00e7m\u0131\u015ft\u0131.<\/p>\n<p><img loading=\"lazy\" decoding=\"async\" class=\"alignnone wp-image-124635\" src=\"https:\/\/www.tgrthaber.com\/mavikadin\/wp-content\/uploads\/grrr.png\" alt=\"\" width=\"1208\" height=\"780\" title=\"\" srcset=\"https:\/\/www.tgrthaber.com\/mavikadin\/wp-content\/uploads\/grrr.png 945w, https:\/\/www.tgrthaber.com\/mavikadin\/wp-content\/uploads\/grrr-300x194.png 300w, https:\/\/www.tgrthaber.com\/mavikadin\/wp-content\/uploads\/grrr-768x496.png 768w\" sizes=\"(max-width: 1208px) 100vw, 1208px\" \/><\/p>\n<p>Turistlerden ve vatanda\u015flardan kazand\u0131klar\u0131 ile paraya para demeyen otel sahibinin b\u00f6yle sorumsuzca davrand\u0131\u011f\u0131 bir ihmal nedeniyle onlarca insan\u0131n hayat\u0131n\u0131 kaybetmesi tepki \u00fczerine tepki \u00e7ekti. Sonras\u0131nda ortaya \u00e7\u0131kan bir di\u011fer ayr\u0131nt\u0131 ise duyanlar\u0131 hayrete soktu.<\/p>\n<h3>MUSTAFA SANDAL&#8217;IN E\u015e\u0130 MEL\u0130S S\u00dcT\u015eURUP \u00d6FKEDEN DEL\u0130YE D\u00d6ND\u00dc!<\/h3>\n<p>Yang\u0131n boyunca can\u0131n\u0131 siper edip yang\u0131nda mahsur kalanlar\u0131 kurtarmak i\u00e7in 24 saat boyunca ter d\u00f6ken AFAD ve itfaiye ekiplerinin otellere al\u0131nmad\u0131\u011f\u0131 iddias\u0131 yok art\u0131k dedirtti.<\/p>\n<p>\u00d6ne s\u00fcr\u00fclen iddialara g\u00f6re; otelin hala daha rezervasyon almaya devam etti\u011fini ifade ederken yang\u0131n esnas\u0131nda tam gaz \u00e7al\u0131\u015fmalara devam eden AFAD ekiplerinin, otelin yanmayan binas\u0131nda konaklamas\u0131 i\u00e7in \u00fccret istendi\u011fi bilgisi \u00fcnl\u00fc ismi \u00e7\u0131ld\u0131rtt\u0131.<\/p>\n<p><img loading=\"lazy\" decoding=\"async\" class=\"alignnone wp-image-91482\" src=\"https:\/\/www.tgrthaber.com\/mavikadin\/wp-content\/uploads\/melis-sutsurup-mustafa-sandal-ile-bosanma-haberleri-hakkinda-ilk-kez-konustu.jpg\" alt=\"\" width=\"1208\" height=\"680\" title=\"\" srcset=\"https:\/\/www.tgrthaber.com\/mavikadin\/wp-content\/uploads\/melis-sutsurup-mustafa-sandal-ile-bosanma-haberleri-hakkinda-ilk-kez-konustu.jpg 1600w, https:\/\/www.tgrthaber.com\/mavikadin\/wp-content\/uploads\/melis-sutsurup-mustafa-sandal-ile-bosanma-haberleri-hakkinda-ilk-kez-konustu-300x169.jpg 300w, https:\/\/www.tgrthaber.com\/mavikadin\/wp-content\/uploads\/melis-sutsurup-mustafa-sandal-ile-bosanma-haberleri-hakkinda-ilk-kez-konustu-1024x576.jpg 1024w, https:\/\/www.tgrthaber.com\/mavikadin\/wp-content\/uploads\/melis-sutsurup-mustafa-sandal-ile-bosanma-haberleri-hakkinda-ilk-kez-konustu-768x432.jpg 768w, https:\/\/www.tgrthaber.com\/mavikadin\/wp-content\/uploads\/melis-sutsurup-mustafa-sandal-ile-bosanma-haberleri-hakkinda-ilk-kez-konustu-1536x864.jpg 1536w\" sizes=\"(max-width: 1208px) 100vw, 1208px\" \/><\/p>\n<p>AFAD ekiplerinden \u00fccret isteyen otel sahibinin bu iddias\u0131 sosyal medyaya damga vururken Mustafa Sandal&#8217;\u0131n e\u015fi Melis S\u00fct\u015furup AFAD ekibinden istenen \u00fccret i\u00e7in sosyal medyada \u00f6fke kustu.<\/p>\n<p>\u00dcnl\u00fc \u015fark\u0131c\u0131n\u0131n e\u015fi S\u00fct\u015furup, &#8220;Ne zaman insan olmay\u0131 \u00f6\u011frenece\u011fiz? Ne zaman vicdan sahibi olaca\u011f\u0131z? Bu a\u00e7g\u00f6zl\u00fcl\u00fckten kurtulmak i\u00e7in daha ne olmas\u0131 gerekiyor? Nas\u0131l bir millet olduk biz b\u00f6yle? Yaz\u0131klar olsun.&#8221; ifadelerini kullanarak AFAD ekiplerinden istenen t\u00fcm \u00fccreti kar\u015f\u0131lamak i\u00e7in haz\u0131r oldu\u011funu beyan etti.<\/p>\n","protected":false},"excerpt":{"rendered":"<p>Kartalkaya yang\u0131n\u0131nda \u00e7al\u0131\u015fan AFAD ekibininin binan\u0131n yang\u0131n \u00e7\u0131kmayan b\u00f6l\u00fcm\u00fcnde istirahat etmeleri i\u00e7in m\u00fcsade istemeleri \u00fczerine \u00fccret talep eden otel \u00e7al\u0131\u015fanlar\u0131 b\u00fcy\u00fck tepki g\u00f6rd\u00fc.<\/p>\n","protected":false},"author":27,"featured_media":124636,"comment_status":"closed","ping_status":"closed","sticky":false,"template":"","format":"standard","meta":{"rank_math_lock_modified_date":false,"footnotes":""},"categories":[76],"tags":[8791,8759,8790,2746],"class_list":["post-124627","post","type-post","status-publish","format-standard","has-post-thumbnail","hentry","category-magazin","tag-afad-ekibi","tag-bolu-yangin","tag-kartalkaya-yangini","tag-melis-sutsurup"],"_links":{"self":[{"href":"https:\/\/www.tgrthaber.com\/mavikadin\/wp-json\/wp\/v2\/posts\/124627"}],"collection":[{"href":"https:\/\/www.tgrthaber.com\/mavikadin\/wp-json\/wp\/v2\/posts"}],"about":[{"href":"https:\/\/www.tgrthaber.com\/mavikadin\/wp-json\/wp\/v2\/types\/post"}],"author":[{"embeddable":true,"href":"https:\/\/www.tgrthaber.com\/mavikadin\/wp-json\/wp\/v2\/users\/27"}],"replies":[{"embeddable":true,"href":"https:\/\/www.tgrthaber.com\/mavikadin\/wp-json\/wp\/v2\/comments?post=124627"}],"version-history":[{"count":2,"href":"https:\/\/www.tgrthaber.com\/mavikadin\/wp-json\/wp\/v2\/posts\/124627\/revisions"}],"predecessor-version":[{"id":124638,"href":"https:\/\/www.tgrthaber.com\/mavikadin\/wp-json\/wp\/v2\/posts\/124627\/revisions\/124638"}],"wp:featuredmedia":[{"embeddable":true,"href":"https:\/\/www.tgrthaber.com\/mavikadin\/wp-json\/wp\/v2\/media\/124636"}],"wp:attachment":[{"href":"https:\/\/www.tgrthaber.com\/mavikadin\/wp-json\/wp\/v2\/media?parent=124627"}],"wp:term":[{"taxonomy":"category","embeddable":true,"href":"https:\/\/www.tgrthaber.com\/mavikadin\/wp-json\/wp\/v2\/categories?post=124627"},{"taxonomy":"post_tag","embeddable":true,"href":"https:\/\/www.tgrthaber.com\/mavikadin\/wp-json\/wp\/v2\/tags?post=124627"}],"curies":[{"name":"wp","href":"https:\/\/api.w.org\/{rel}","templated":true}]}}