{"id":124628,"date":"2025-01-22T19:14:34","date_gmt":"2025-01-22T16:14:34","guid":{"rendered":"https:\/\/www.tgrthaber.com\/mavikadin\/?p=124628"},"modified":"2025-01-22T19:22:27","modified_gmt":"2025-01-22T16:22:27","slug":"baris-baktas-ve-goksu-melek-ulucan-selahaddin-eyubbi-dizisinde-partner-oldu","status":"publish","type":"post","link":"https:\/\/www.tgrthaber.com\/mavikadin\/baris-baktas-ve-goksu-melek-ulucan-selahaddin-eyubbi-dizisinde-partner-oldu\/","title":{"rendered":"Bar\u0131\u015f Bakta\u015f ve G\u00f6ksu Melek Ulucan Selahaddin Eyubbi dizisinde partner oldu!"},"content":{"rendered":"<p class=\"p1\">T\u00fcrk televizyon d\u00fcnyas\u0131n\u0131n dikkat \u00e7eken dizilerinden biri olan ve\u00a0 b\u00fcy\u00fck prod\u00fcksiyonuyla ad\u0131ndan s\u00f6z ettiren Selahaddin Eyyubi dizisinde G\u00f6ksu Ulucan, Bar\u0131\u015f Bakta\u015f partner oldu. Tarihi ve dramatik unsurlar\u0131 bir araya getiren dizide, iki ba\u015far\u0131l\u0131 oyuncu, izleyicilere unutulmaz bir hikaye sunmaya haz\u0131rlan\u0131yor. Bar\u0131\u015f Bakta\u015f\u2019\u0131n karizmatik ve etkileyici oyunculu\u011fu ile G\u00f6ksu Ulucan\u2019\u0131n dikkat \u00e7eken g\u00fc\u00e7l\u00fc performans\u0131n\u0131n uyumu dizi i\u00e7in \u015fimdiden merak uyand\u0131rmaya ba\u015flad\u0131.<\/p>\n<h3>BARI\u015e BAKTA\u015e VE G\u00d6KSU ULUCAN SELAHADD\u0130N EYUBB\u0130 D\u0130Z\u0130S\u0130NDE PARTNER OLDU<\/h3>\n<p class=\"p2\">Ba\u015far\u0131l\u0131 oyuncu Bar\u0131\u015f Bakta\u015f, \u201cKan \u00c7i\u00e7ekleri\u201d dizisindeki etkileyici performans\u0131n\u0131n ard\u0131ndan h\u0131zla yeni projelere y\u00f6nelerek \u201cKud\u00fcs Fatihi Selahaddin Eyyubi\u201d dizisiyle seyirci kar\u015f\u0131s\u0131na \u00e7\u0131kt\u0131. Dizinin 40. b\u00f6l\u00fcm\u00fcn\u00fcn sonunda ekibe kat\u0131lan Bakta\u015f, yeni imaj\u0131yla b\u00fcy\u00fck ilgi toplad\u0131. Rol\u00fcne b\u00fcr\u00fcnmek i\u00e7in radikal bir de\u011fi\u015fime giden \u00fcnl\u00fc oyuncunun sa\u00e7lar\u0131na 8 saat s\u00fcren \u00f6zel bir i\u015flem uygulanarak 700 adet kaynak eklendi. Bunun yan\u0131 s\u0131ra karaktere \u00f6zel olarak tasarlanan kost\u00fcmleriyle de \u015fimdiden merak konusu oldu.<\/p>\n<p><img loading=\"lazy\" decoding=\"async\" class=\"alignnone wp-image-124630 size-large\" src=\"https:\/\/www.tgrthaber.com\/mavikadin\/wp-content\/uploads\/Ekran-Resmi-2025-01-22-19.02.07-1024x515.png\" alt=\"\" width=\"1024\" height=\"515\" title=\"\" srcset=\"https:\/\/www.tgrthaber.com\/mavikadin\/wp-content\/uploads\/Ekran-Resmi-2025-01-22-19.02.07-1024x515.png 1024w, https:\/\/www.tgrthaber.com\/mavikadin\/wp-content\/uploads\/Ekran-Resmi-2025-01-22-19.02.07-300x151.png 300w, https:\/\/www.tgrthaber.com\/mavikadin\/wp-content\/uploads\/Ekran-Resmi-2025-01-22-19.02.07-768x386.png 768w, https:\/\/www.tgrthaber.com\/mavikadin\/wp-content\/uploads\/Ekran-Resmi-2025-01-22-19.02.07.png 1070w\" sizes=\"(max-width: 1024px) 100vw, 1024px\" \/><\/p>\n<hr \/>\n<p class=\"p2\">Dizinin dikkat \u00e7eken bir di\u011fer ismi ise G\u00f6ksu Melek Ulucan. Gen\u00e7 oyuncu, dizide Sayra karakterini oynayacak ve g\u00fc\u00e7l\u00fc duru\u015fuyla hikayeye yeni bir soluk getirecek. Ulucan ve Bakta\u015f\u2019\u0131n dizideki partnerli\u011fi, izleyiciler aras\u0131nda b\u00fcy\u00fck bir merak uyand\u0131r\u0131rken, ikilinin ekran uyumunun projeye nas\u0131l yans\u0131yaca\u011f\u0131 \u015fimdiden konu\u015fulmaya ba\u015fland\u0131.<\/p>\n<h3>G\u00d6KSU MELEK ULUCAN K\u0130MD\u0130R, KA\u00c7 YA\u015eINDA?<\/h3>\n<p class=\"p1\">1996 do\u011fumlu G\u00f6ksu Melek Ulucan, \u0130stanbul\u2019da d\u00fcnyaya gelmi\u015ftir. Oyunculuk kariyerine emin ad\u0131mlarla ilerleyen Ulucan, Maltepe \u00dcniversitesi Radyo, Sinema ve Televizyon B\u00f6l\u00fcm\u00fc\u2019nden mezun olmu\u015ftur. E\u011fitim hayat\u0131 boyunca Zoom Arts\u2019ta temel oyunculuk e\u011fitimi al\u0131rken, usta y\u00f6netmen Hilal Saral\u2019dan da kamera \u00f6n\u00fc oyunculuk konusunda e\u011fitimler alarak yeteneklerini geli\u015ftirmi\u015ftir.<\/p>\n<p><img loading=\"lazy\" decoding=\"async\" class=\"alignnone wp-image-124629 \" src=\"https:\/\/www.tgrthaber.com\/mavikadin\/wp-content\/uploads\/Ekran-Resmi-2025-01-22-19.01.14.png\" alt=\"\" width=\"982\" height=\"705\" title=\"\" srcset=\"https:\/\/www.tgrthaber.com\/mavikadin\/wp-content\/uploads\/Ekran-Resmi-2025-01-22-19.01.14.png 886w, https:\/\/www.tgrthaber.com\/mavikadin\/wp-content\/uploads\/Ekran-Resmi-2025-01-22-19.01.14-300x215.png 300w, https:\/\/www.tgrthaber.com\/mavikadin\/wp-content\/uploads\/Ekran-Resmi-2025-01-22-19.01.14-768x551.png 768w\" sizes=\"(max-width: 982px) 100vw, 982px\" \/><\/p>\n<hr \/>\n<p class=\"p1\">\u0130lk profesyonel deneyimini 2019 y\u0131l\u0131nda \u201cAfili A\u015fk\u201d dizisinde oynad\u0131\u011f\u0131 Ay\u00e7a karakteriyle ya\u015fayan G\u00f6ksu Melek Ulucan, seyircinin be\u011fenisini kazanm\u0131\u015ft\u0131r. Ard\u0131ndan 2020 y\u0131l\u0131nda \u201c\u00d6\u011fretmen\u201d dizisinde Mine karakteriyle ekranlarda yer alm\u0131\u015f ve performans\u0131yla dikkat \u00e7ekmi\u015ftir.<\/p>\n<p>&nbsp;<\/p>\n","protected":false},"excerpt":{"rendered":"<p>T\u00fcrk televizyon d\u00fcnyas\u0131nda b\u00fcy\u00fck ilgi g\u00f6ren ve g\u00f6rkemli prod\u00fcksiyonuyla dikkat \u00e7eken Selahaddin Eyyubi dizisinde, ba\u015far\u0131l\u0131 oyuncular Bar\u0131\u015f Bakta\u015f ve G\u00f6ksu Ulucan partner oldu. \u0130kilinin uyumu sosyal meydada be\u011feni ya\u011fmuruna tutuldu. <\/p>\n","protected":false},"author":16,"featured_media":124631,"comment_status":"closed","ping_status":"closed","sticky":false,"template":"","format":"standard","meta":{"rank_math_lock_modified_date":false,"footnotes":""},"categories":[602],"tags":[8788,8787,8789],"class_list":["post-124628","post","type-post","status-publish","format-standard","has-post-thumbnail","hentry","category-diziler","tag-selahaddin-eyyubi-baris-baktas","tag-selahaddin-eyyubi-baris-baktas-goksu-melek-ulucan-partner","tag-selahaddin-eyyubi-goksu-melek-ulucan"],"_links":{"self":[{"href":"https:\/\/www.tgrthaber.com\/mavikadin\/wp-json\/wp\/v2\/posts\/124628"}],"collection":[{"href":"https:\/\/www.tgrthaber.com\/mavikadin\/wp-json\/wp\/v2\/posts"}],"about":[{"href":"https:\/\/www.tgrthaber.com\/mavikadin\/wp-json\/wp\/v2\/types\/post"}],"author":[{"embeddable":true,"href":"https:\/\/www.tgrthaber.com\/mavikadin\/wp-json\/wp\/v2\/users\/16"}],"replies":[{"embeddable":true,"href":"https:\/\/www.tgrthaber.com\/mavikadin\/wp-json\/wp\/v2\/comments?post=124628"}],"version-history":[{"count":3,"href":"https:\/\/www.tgrthaber.com\/mavikadin\/wp-json\/wp\/v2\/posts\/124628\/revisions"}],"predecessor-version":[{"id":124634,"href":"https:\/\/www.tgrthaber.com\/mavikadin\/wp-json\/wp\/v2\/posts\/124628\/revisions\/124634"}],"wp:featuredmedia":[{"embeddable":true,"href":"https:\/\/www.tgrthaber.com\/mavikadin\/wp-json\/wp\/v2\/media\/124631"}],"wp:attachment":[{"href":"https:\/\/www.tgrthaber.com\/mavikadin\/wp-json\/wp\/v2\/media?parent=124628"}],"wp:term":[{"taxonomy":"category","embeddable":true,"href":"https:\/\/www.tgrthaber.com\/mavikadin\/wp-json\/wp\/v2\/categories?post=124628"},{"taxonomy":"post_tag","embeddable":true,"href":"https:\/\/www.tgrthaber.com\/mavikadin\/wp-json\/wp\/v2\/tags?post=124628"}],"curies":[{"name":"wp","href":"https:\/\/api.w.org\/{rel}","templated":true}]}}