{"id":124639,"date":"2025-01-22T20:03:33","date_gmt":"2025-01-22T17:03:33","guid":{"rendered":"https:\/\/www.tgrthaber.com\/mavikadin\/?p=124639"},"modified":"2025-01-22T20:08:57","modified_gmt":"2025-01-22T17:08:57","slug":"grammy-2025in-sunucusu-aciklandi","status":"publish","type":"post","link":"https:\/\/www.tgrthaber.com\/mavikadin\/grammy-2025in-sunucusu-aciklandi\/","title":{"rendered":"Grammy 2025\u2019in sunucusu a\u00e7\u0131kland\u0131!"},"content":{"rendered":"<p class=\"p1\">M\u00fczik d\u00fcnyas\u0131n\u0131n en prestijli gecelerinden biri olan Grammy \u00d6d\u00fclleri\u2019nin sunucusu resmen a\u00e7\u0131kland\u0131. Televizyon d\u00fcnyas\u0131n\u0131n sevilen ismi, \u00fcnl\u00fc komedyen ve talk show sunucusu Trevor Noah, bir kez daha \u00f6d\u00fcl gecesinin ev sahipli\u011fini \u00fcstlenecek. Daha \u00f6nceki sunuculuk performanslar\u0131yla be\u011feni toplayan Noah, Grammy sahnesine getirdi\u011fi esprili ve enerjik sunumuyla bu y\u0131l da izleyicilere unutulmaz anlar ya\u015fatmaya haz\u0131rlan\u0131yor. Yap\u0131lan resmi duyuru, m\u00fczikseverler ve medya d\u00fcnyas\u0131nda heyecanla kar\u015f\u0131lan\u0131rken, organizasyonun nas\u0131l bir atmosfer sunaca\u011f\u0131 \u015fimdiden merak konusu oldu.<\/p>\n<h3>GRAMMY 2025&#8217;\u0130N SUNUCUSU BELL\u0130 OLDU<\/h3>\n<p class=\"p1\">M\u00fczik d\u00fcnyas\u0131n\u0131n en prestijli organizasyonlar\u0131ndan biri olan Grammy \u00d6d\u00fclleri, bu y\u0131l 67. kez sahiplerini bulmaya haz\u0131rlan\u0131yor. 2 \u015eubat 2025 tarihinde ger\u00e7ekle\u015fecek olan t\u00f6ren, yine unutulmaz anlara sahne olacak. Grammy sahnesine be\u015finci kez ev sahipli\u011fi yapacak olan \u00fcnl\u00fc komedyen ve televizyon sunucusu Trevor Noah, bir kez daha izleyicilere e\u011flenceli<span class=\"Apple-converted-space\">\u00a0 <\/span>bir gece ya\u015fatmaya haz\u0131rlan\u0131yor.<\/p>\n<p><img loading=\"lazy\" decoding=\"async\" class=\"alignnone wp-image-124640 \" src=\"https:\/\/www.tgrthaber.com\/mavikadin\/wp-content\/uploads\/Ekran-Resmi-2025-01-22-19.48.11.png\" alt=\"\" width=\"984\" height=\"519\" title=\"\" srcset=\"https:\/\/www.tgrthaber.com\/mavikadin\/wp-content\/uploads\/Ekran-Resmi-2025-01-22-19.48.11.png 956w, https:\/\/www.tgrthaber.com\/mavikadin\/wp-content\/uploads\/Ekran-Resmi-2025-01-22-19.48.11-300x158.png 300w, https:\/\/www.tgrthaber.com\/mavikadin\/wp-content\/uploads\/Ekran-Resmi-2025-01-22-19.48.11-768x405.png 768w\" sizes=\"(max-width: 984px) 100vw, 984px\" \/><\/p>\n<hr \/>\n<p class=\"p1\">Los Angeles\u2019ta, g\u00f6rkemli etkinliklere ev sahipli\u011fi yapan Crypto.com Arena\u2019da d\u00fczenlenecek \u00f6d\u00fcl t\u00f6reni, yaln\u0131zca m\u00fczik d\u00fcnyas\u0131n\u0131n en iyilerini \u00f6d\u00fcllendirmekle kalmayacak. Organizasyon bu y\u0131l, b\u00f6lgede meydana gelen orman yang\u0131nlar\u0131na dikkat \u00e7ekmek ve etkilenen topluluklara destek olmak amac\u0131yla \u00e7e\u015fitli yard\u0131m kampanyalar\u0131na da \u00f6nc\u00fcl\u00fck edecek. Trevor Noah, \u00f6nceki Grammy t\u00f6renlerinde oldu\u011fu gibi, keskin zekas\u0131 ve mizahi \u00fcslubuyla geceye damga vurmaya haz\u0131rlan\u0131yor. \u0130zleyiciler, sanat\u00e7\u0131lar\u0131n performanslar\u0131n\u0131n yan\u0131 s\u0131ra s\u00fcrpriz anlar\u0131n da ya\u015fanaca\u011f\u0131 bu prestijli geceyi merakla bekliyor.<\/p>\n<p><img loading=\"lazy\" decoding=\"async\" class=\"alignnone wp-image-124654 size-full\" src=\"https:\/\/www.tgrthaber.com\/mavikadin\/wp-content\/uploads\/grammy-2025-odulleri-sunucusu-belli-oldu-.png\" alt=\"\" width=\"1208\" height=\"720\" title=\"\" srcset=\"https:\/\/www.tgrthaber.com\/mavikadin\/wp-content\/uploads\/grammy-2025-odulleri-sunucusu-belli-oldu-.png 1208w, https:\/\/www.tgrthaber.com\/mavikadin\/wp-content\/uploads\/grammy-2025-odulleri-sunucusu-belli-oldu--300x179.png 300w, https:\/\/www.tgrthaber.com\/mavikadin\/wp-content\/uploads\/grammy-2025-odulleri-sunucusu-belli-oldu--1024x610.png 1024w, https:\/\/www.tgrthaber.com\/mavikadin\/wp-content\/uploads\/grammy-2025-odulleri-sunucusu-belli-oldu--768x458.png 768w\" sizes=\"(max-width: 1208px) 100vw, 1208px\" \/><\/p>\n<hr \/>\n<h3>TREVOR NOAH K\u0130MD\u0130R?<\/h3>\n<p class=\"p1\">G\u00fcney Afrika\u2019dan d\u00fcnya sahnesine uzanan, esprili zek\u00e2s\u0131 ve etkileyici anlat\u0131m\u0131yla milyonlar\u0131n be\u011fenisini kazanan Trevor Noah, sadece bir komedyen de\u011fil, ayn\u0131 zamanda ilham verici bir hayat hikayesine sahip bir fig\u00fcr. Apartheid d\u00f6nemi G\u00fcney Afrika\u2019s\u0131nda, bir siyah anne ve \u0130svi\u00e7reli bir baban\u0131n \u00e7ocu\u011fu olarak d\u00fcnyaya gelen Noah, ya\u015fam\u0131 boyunca ayr\u0131mc\u0131l\u0131kla m\u00fccadele etti ve mizah\u0131 bir ba\u015fa \u00e7\u0131kma arac\u0131 olarak kulland\u0131.<\/p>\n<p><img loading=\"lazy\" decoding=\"async\" class=\"alignnone wp-image-124658 size-full\" src=\"https:\/\/www.tgrthaber.com\/mavikadin\/wp-content\/uploads\/grammy-2025-odulleri-sunucusu-.png\" alt=\"\" width=\"1208\" height=\"720\" title=\"\" srcset=\"https:\/\/www.tgrthaber.com\/mavikadin\/wp-content\/uploads\/grammy-2025-odulleri-sunucusu-.png 1208w, https:\/\/www.tgrthaber.com\/mavikadin\/wp-content\/uploads\/grammy-2025-odulleri-sunucusu--300x179.png 300w, https:\/\/www.tgrthaber.com\/mavikadin\/wp-content\/uploads\/grammy-2025-odulleri-sunucusu--1024x610.png 1024w, https:\/\/www.tgrthaber.com\/mavikadin\/wp-content\/uploads\/grammy-2025-odulleri-sunucusu--768x458.png 768w\" sizes=\"(max-width: 1208px) 100vw, 1208px\" \/><\/p>\n<hr \/>\n<p class=\"p1\">K\u00fcresel sahnede kendini kan\u0131tlamadan \u00f6nce, yerel radyo ve televizyon programlar\u0131nda sunuculuk yapt\u0131. Ancak as\u0131l \u00e7\u0131k\u0131\u015f\u0131n\u0131, kendine \u00f6zg\u00fc mizahi dili ve k\u00fclt\u00fcrel g\u00f6zlemleriyle yapt\u0131\u011f\u0131 stand-up g\u00f6sterileriyle yakalad\u0131. 2015 y\u0131l\u0131nda, d\u00fcnyaca \u00fcnl\u00fc \u201cThe Daily Show\u201d program\u0131n\u0131n sunucusu olarak Jon Stewart\u2019tan bayra\u011f\u0131 devralarak k\u00fcresel bir fenomen haline geldi.<\/p>\n<p>&nbsp;<\/p>\n<p>&nbsp;<\/p>\n<p>&nbsp;<\/p>\n<p>&nbsp;<\/p>\n","protected":false},"excerpt":{"rendered":"<p>M\u00fczik d\u00fcnyas\u0131n\u0131n en prestijli gecelerinden biri olan Grammy \u00d6d\u00fclleri, bu y\u0131l da \u00fcnl\u00fc komedyen ve talk show sunucusu Trevor Noah\u2019a emanet. Daha \u00f6nceki sunumlar\u0131yla b\u00fcy\u00fck be\u011feni toplayan Noah, Grammy \u00f6d\u00fclleri 2025\u2019in bu y\u0131lki sunuculu\u011funu \u00fcstlenecek. <\/p>\n","protected":false},"author":16,"featured_media":124648,"comment_status":"closed","ping_status":"closed","sticky":false,"template":"","format":"standard","meta":{"rank_math_lock_modified_date":false,"footnotes":""},"categories":[76],"tags":[8792,8793,8794],"class_list":["post-124639","post","type-post","status-publish","format-standard","has-post-thumbnail","hentry","category-magazin","tag-grammy-odulleri-2025-sunucusu","tag-grammy-odulleri-2025-sunucusu-belli-oldu","tag-grammy-odulleri-2025-sunucusu-trevor-noah"],"_links":{"self":[{"href":"https:\/\/www.tgrthaber.com\/mavikadin\/wp-json\/wp\/v2\/posts\/124639"}],"collection":[{"href":"https:\/\/www.tgrthaber.com\/mavikadin\/wp-json\/wp\/v2\/posts"}],"about":[{"href":"https:\/\/www.tgrthaber.com\/mavikadin\/wp-json\/wp\/v2\/types\/post"}],"author":[{"embeddable":true,"href":"https:\/\/www.tgrthaber.com\/mavikadin\/wp-json\/wp\/v2\/users\/16"}],"replies":[{"embeddable":true,"href":"https:\/\/www.tgrthaber.com\/mavikadin\/wp-json\/wp\/v2\/comments?post=124639"}],"version-history":[{"count":4,"href":"https:\/\/www.tgrthaber.com\/mavikadin\/wp-json\/wp\/v2\/posts\/124639\/revisions"}],"predecessor-version":[{"id":124659,"href":"https:\/\/www.tgrthaber.com\/mavikadin\/wp-json\/wp\/v2\/posts\/124639\/revisions\/124659"}],"wp:featuredmedia":[{"embeddable":true,"href":"https:\/\/www.tgrthaber.com\/mavikadin\/wp-json\/wp\/v2\/media\/124648"}],"wp:attachment":[{"href":"https:\/\/www.tgrthaber.com\/mavikadin\/wp-json\/wp\/v2\/media?parent=124639"}],"wp:term":[{"taxonomy":"category","embeddable":true,"href":"https:\/\/www.tgrthaber.com\/mavikadin\/wp-json\/wp\/v2\/categories?post=124639"},{"taxonomy":"post_tag","embeddable":true,"href":"https:\/\/www.tgrthaber.com\/mavikadin\/wp-json\/wp\/v2\/tags?post=124639"}],"curies":[{"name":"wp","href":"https:\/\/api.w.org\/{rel}","templated":true}]}}