{"id":124642,"date":"2025-01-22T20:19:25","date_gmt":"2025-01-22T17:19:25","guid":{"rendered":"https:\/\/www.tgrthaber.com\/mavikadin\/?p=124642"},"modified":"2025-01-31T22:05:52","modified_gmt":"2025-01-31T19:05:52","slug":"oyuncu-baris-falayin-yeni-dizisi-belli-oldu-kardelenler-dizisinin-korhani-baris-falay-kimdir","status":"publish","type":"post","link":"https:\/\/www.tgrthaber.com\/mavikadin\/oyuncu-baris-falayin-yeni-dizisi-belli-oldu-kardelenler-dizisinin-korhani-baris-falay-kimdir\/","title":{"rendered":"Oyuncu Bar\u0131\u015f Falay&#8217;\u0131n yeni dizisi belli oldu! &#8216;Kardelenler&#8217; dizisinin Korhan&#8217;\u0131 Bar\u0131\u015f Falay kimdir?"},"content":{"rendered":"<p>&#8216;\u00d6mer&#8217;, &#8216;Menajerimi Ara&#8217;, &#8216;Avc\u0131&#8217;, &#8216;O\u011ful&#8217;, &#8216;Parampar\u00e7a&#8217;, &#8216;MedCezir&#8217;, &#8216;Yar\u0131m Elma&#8217;, &#8216;\u0130atanbul \u00c7ocuklar\u0131&#8217;, &#8216;Ev Alma Kom\u015fu Al&#8217;, &#8216;Ezel&#8217;\u00a0 gibi \u00f6nemli yap\u0131mlarda rol alan ekranlar\u0131n ba\u015far\u0131l\u0131 oyuncusu Bar\u0131\u015f Falay&#8217;\u0131n \u00e7ok yak\u0131n zamanda televizyon ekranlar\u0131nda yer alaca\u011f\u0131 dizi projesi belli oldu. ATV kanal\u0131 ile anla\u015ft\u0131\u011f\u0131 bilinen ve k\u0131sa zaman sonra &#8216;Kardelenler&#8217; dizisi &#8216;Koray&#8217; karakterini \u00fcstlenecek olan oyuncu Bar\u0131\u015f Falay&#8217;\u0131n ge\u00e7mi\u015f hayat\u0131 merak edildi.<\/p>\n<h3>&#8216;KARDELENLER&#8217; D\u0130Z\u0130S\u0130N\u0130N KORHAN&#8217;I OYUNCU BARI\u015e FALAY K\u0130MD\u0130R?<\/h3>\n<p>9 Nisan 1972 tarihinde Bal\u0131kesir&#8217;in Edremit semtinde do\u011fan ba\u015far\u0131l\u0131 oyuncu Bar\u0131\u015f Falay, babas\u0131n\u0131n memur olmas\u0131 sebebiyle birden \u00e7ok ilde ya\u015fam\u0131\u015ft\u0131r. Kocatepe Mimar Kemal Lisesi&#8217;nin bitirdikten sonra Ankara \u00dcniversitesi Dil ve Tarih-Co\u011frafya Fak\u00fcltesi Tiyatro B\u00f6l\u00fcm\u00fcnden ba\u015far\u0131l\u0131 bir \u015fekilde mezuniyetini tamamlam\u0131\u015ft\u0131r.<\/p>\n<p><img loading=\"lazy\" decoding=\"async\" class=\"alignnone wp-image-124663\" src=\"https:\/\/www.tgrthaber.com\/mavikadin\/wp-content\/uploads\/baris-falay-katilimevim-reklami.jpg\" alt=\"\" width=\"1208\" height=\"902\" title=\"\" srcset=\"https:\/\/www.tgrthaber.com\/mavikadin\/wp-content\/uploads\/baris-falay-katilimevim-reklami.jpg 830w, https:\/\/www.tgrthaber.com\/mavikadin\/wp-content\/uploads\/baris-falay-katilimevim-reklami-300x224.jpg 300w, https:\/\/www.tgrthaber.com\/mavikadin\/wp-content\/uploads\/baris-falay-katilimevim-reklami-768x574.jpg 768w\" sizes=\"(max-width: 1208px) 100vw, 1208px\" \/><\/p>\n<hr \/>\n<p>Birden \u00e7ok say\u0131da \u00f6zel tiyatrolarda ve Ankara Devlet Tiyatrosu&#8217;nda 2 y\u0131l g\u00f6rev ald\u0131ktan sonra, 1997 y\u0131l\u0131nda Kocaeli \u015eehir Tiyatrosu sanat\u00e7\u0131s\u0131 oldu. \u00dc\u00e7 Kuru\u015fluk Opera, Misafir, Kamyon, Roberto Zucco, K\u0131rm\u0131z\u0131 Yorgunlar\u0131, Azizn\u00e2me, Bar\u0131\u015f, Bahar Noktas\u0131, Ya\u015far Ne Ya\u015far Ne Ya\u015famaz, Karar Kimin oyunlar\u0131nda sergiledi\u011fi \u00fcst\u00fcn oyunculuk kabiliyeti ile herkesin takdirini kazand\u0131.<\/p>\n<p>Bu rol\u00fc sayesinde \u00fcnl\u00fc isim Bar\u0131\u015f Falay, Magazin Gazetecileri Derne\u011fi&#8217; taraf\u0131ndan &#8216;En \u0130yi Erkek Oyuncu&#8217; \u00f6d\u00fcl\u00fcn\u00fc almaya lay\u0131k g\u00f6r\u00fclm\u00fc\u015ft\u00fcr. Kendisi gibi oyunculuk yapan e\u015fi Esra Ronabar ile 7 Temmuz 2006 tarihinde d\u00fcnya evine girmi\u015f ve \u00e7iftin &#8216;R\u00fczgar Mavi&#8217; isminde bir o\u011flu bulunmaktad\u0131r.<\/p>\n<h3>OYUNCU BARI\u015e FALAY&#8217;IN YEN\u0130 D\u0130Z\u0130S\u0130 &#8216;KARDELENLER&#8217;E Y\u00d6NEL\u0130K A\u00c7IKLAMASI!<\/h3>\n<p>ATV kanal\u0131n\u0131n yeni sezon dizilerinden biri olup &#8216;Kardelenler&#8217; dizisi ile izleyici kar\u015f\u0131s\u0131na \u00e7\u0131kmaya haz\u0131rlanan oyuncu Bar\u0131\u015f Falay, dizide \u00f6nemli karakterlerden biri olan &#8216;Koray&#8217;\u0131 oynayacak. Yeni dizisinde oynayaca\u011f\u0131 karakter ile ilgili konu\u015fan oyuncu Bar\u0131\u015f Falay, \u015f\u00f6yle bir a\u00e7\u0131klamada bulunmu\u015ftu:<\/p>\n<p><img loading=\"lazy\" decoding=\"async\" class=\"alignnone wp-image-96964\" src=\"https:\/\/www.tgrthaber.com\/mavikadin\/wp-content\/uploads\/baris-falay.jpg\" alt=\"\" width=\"1208\" height=\"687\" title=\"\" srcset=\"https:\/\/www.tgrthaber.com\/mavikadin\/wp-content\/uploads\/baris-falay.jpg 1900w, https:\/\/www.tgrthaber.com\/mavikadin\/wp-content\/uploads\/baris-falay-300x171.jpg 300w, https:\/\/www.tgrthaber.com\/mavikadin\/wp-content\/uploads\/baris-falay-1024x582.jpg 1024w, https:\/\/www.tgrthaber.com\/mavikadin\/wp-content\/uploads\/baris-falay-768x437.jpg 768w, https:\/\/www.tgrthaber.com\/mavikadin\/wp-content\/uploads\/baris-falay-1536x873.jpg 1536w\" sizes=\"(max-width: 1208px) 100vw, 1208px\" \/><\/p>\n<hr \/>\n<p>&#8220;Kardelenler (isminden de \u00e7a\u011fr\u0131\u015faca\u011f\u0131 gibi, \u00e7\u00fcnk\u00fc kardelen \u00e7i\u00e7e\u011fi kar\u0131 delerek kendini var eder) b\u00fcy\u00fck zorluklar ya\u015fayan geni\u015f bir aile bireylerinin ili\u015fkilerini anlat\u0131yor. Bu anlat\u0131y\u0131 toplumsal sorunlar, bireyin hem i\u00e7sel hem de d\u0131\u015fsal sorunlarla m\u00fccadele etme \u015fekline b\u00fcy\u00fcte\u00e7 tutarak yap\u0131yor.&#8221;<\/p>\n<p>Ayr\u0131ca oyuncu Falay, dizinin haz\u0131rl\u0131k evresini ve projenin en \u00f6ne \u00e7\u0131kan y\u00f6n\u00fc ile ilgili \u015fu ifadelerde bulunmu\u015ftu:\u00a0&#8220;Bir hikayenin drama olabilmesi i\u00e7in ge\u00e7erli olan ilk kural \u00e7at\u0131\u015fmad\u0131r.<\/p>\n<p>\u00c7at\u0131\u015fman\u0131n taraflar\u0131ndan biri olan karakter, benim i\u00e7in her zaman cazibe ta\u015f\u0131r. Hem yorumlamas\u0131 zevkli hem de ana meseleye katk\u0131s\u0131 bak\u0131m\u0131ndan de\u011ferli. Koray&#8217;\u0131n hem bu ba\u011flamda hem de de\u011fi\u015fimi a\u00e7\u0131s\u0131ndan yarat\u0131m\u0131n\u0131n keyifli olaca\u011f\u0131n\u0131 hissettim.<\/p>\n<p><img loading=\"lazy\" decoding=\"async\" class=\"alignnone wp-image-124664\" src=\"https:\/\/www.tgrthaber.com\/mavikadin\/wp-content\/uploads\/pp.png\" alt=\"\" width=\"1208\" height=\"849\" title=\"\" srcset=\"https:\/\/www.tgrthaber.com\/mavikadin\/wp-content\/uploads\/pp.png 955w, https:\/\/www.tgrthaber.com\/mavikadin\/wp-content\/uploads\/pp-300x211.png 300w, https:\/\/www.tgrthaber.com\/mavikadin\/wp-content\/uploads\/pp-768x540.png 768w\" sizes=\"(max-width: 1208px) 100vw, 1208px\" \/><\/p>\n<hr \/>\n<p>Haz\u0131rl\u0131k s\u00fcreci benim ekstra \u00f6nem verdi\u011fim bir zaman dilimi. Do\u011fru bir haz\u0131rlanma s\u00fcreci sette zaman ve enerji kay\u0131plar\u0131n\u0131 \u00f6nl\u00fcyor. T\u00fcm yarat\u0131c\u0131 ekiple bu konuda hemfikir olmak \u00e7ok de\u011ferliydi.<\/p>\n<p>Benim karakterime dair haz\u0131rlanma s\u00fcrecim ise bitmeyen hikaye devam ettik\u00e7e ve \u00e7at\u0131\u015fma derinle\u015ftik\u00e7e daha da keyiflenip farkl\u0131la\u015farak hep devam ediyor.<\/p>\n<p>Toplumumuzun aile dinamiklerini ele al\u0131\u015f \u015fekliyle hemen herkesin kendisinden ve \u00e7ekirdek\/geni\u015f ailesinden karakterler kesitler bulabilece\u011fi bir i\u015f oldu\u011funu d\u00fc\u015f\u00fcn\u00fcyorum.&#8221;<\/p>\n","protected":false},"excerpt":{"rendered":"<p>ATV ekranlar\u0131nda yak\u0131nda yay\u0131nlanacak olan &#8216;Kardelenler&#8217; dizisinde oynayacak olan Bar\u0131\u015f Falay&#8217;\u0131n \u00f6zel hayat\u0131 merak edildi. Peki oyuncu Bar\u0131\u015f Falay kimdir?<\/p>\n","protected":false},"author":27,"featured_media":124666,"comment_status":"closed","ping_status":"closed","sticky":false,"template":"","format":"standard","meta":{"rank_math_lock_modified_date":false,"footnotes":""},"categories":[491],"tags":[2647,8801,8802],"class_list":["post-124642","post","type-post","status-publish","format-standard","has-post-thumbnail","hentry","category-biyografi","tag-baris-falay","tag-kardelenler-dizisi","tag-kardelenler-dizisi-korhan"],"_links":{"self":[{"href":"https:\/\/www.tgrthaber.com\/mavikadin\/wp-json\/wp\/v2\/posts\/124642"}],"collection":[{"href":"https:\/\/www.tgrthaber.com\/mavikadin\/wp-json\/wp\/v2\/posts"}],"about":[{"href":"https:\/\/www.tgrthaber.com\/mavikadin\/wp-json\/wp\/v2\/types\/post"}],"author":[{"embeddable":true,"href":"https:\/\/www.tgrthaber.com\/mavikadin\/wp-json\/wp\/v2\/users\/27"}],"replies":[{"embeddable":true,"href":"https:\/\/www.tgrthaber.com\/mavikadin\/wp-json\/wp\/v2\/comments?post=124642"}],"version-history":[{"count":3,"href":"https:\/\/www.tgrthaber.com\/mavikadin\/wp-json\/wp\/v2\/posts\/124642\/revisions"}],"predecessor-version":[{"id":124669,"href":"https:\/\/www.tgrthaber.com\/mavikadin\/wp-json\/wp\/v2\/posts\/124642\/revisions\/124669"}],"wp:featuredmedia":[{"embeddable":true,"href":"https:\/\/www.tgrthaber.com\/mavikadin\/wp-json\/wp\/v2\/media\/124666"}],"wp:attachment":[{"href":"https:\/\/www.tgrthaber.com\/mavikadin\/wp-json\/wp\/v2\/media?parent=124642"}],"wp:term":[{"taxonomy":"category","embeddable":true,"href":"https:\/\/www.tgrthaber.com\/mavikadin\/wp-json\/wp\/v2\/categories?post=124642"},{"taxonomy":"post_tag","embeddable":true,"href":"https:\/\/www.tgrthaber.com\/mavikadin\/wp-json\/wp\/v2\/tags?post=124642"}],"curies":[{"name":"wp","href":"https:\/\/api.w.org\/{rel}","templated":true}]}}