{"id":124643,"date":"2025-01-22T20:06:06","date_gmt":"2025-01-22T17:06:06","guid":{"rendered":"https:\/\/www.tgrthaber.com\/mavikadin\/?p=124643"},"modified":"2025-01-22T20:08:02","modified_gmt":"2025-01-22T17:08:02","slug":"23-ocak-2025-persembe-aksami-diziler-yayinlanacak-mi","status":"publish","type":"post","link":"https:\/\/www.tgrthaber.com\/mavikadin\/23-ocak-2025-persembe-aksami-diziler-yayinlanacak-mi\/","title":{"rendered":"23 Ocak 2025 Per\u015fembe ak\u015fam\u0131 diziler yay\u0131nlanacak m\u0131?"},"content":{"rendered":"<p>Sabah saatlerinde Bolu\u2019da ger\u00e7ekle\u015fen ac\u0131 nedeniyle \u00fclke genelinde 1 g\u00fcnl\u00fc\u011f\u00fcne yas ilan edildi. Ya\u015fan\u0131lan ac\u0131 kay\u0131plara sayg\u0131 g\u00f6stermek ad\u0131na dizi yap\u0131mc\u0131lar\u0131 bu haftaki dizilerin yeni b\u00f6l\u00fcmlerini yay\u0131nlamama karar ald\u0131lar. Peki, 23 Ocak 2025 Per\u015fembe ak\u015fam\u0131 diziler yay\u0131nlanacak m\u0131?<\/p>\n<h3>23 OCAK 2025 \u0130NC\u0130 TANELER\u0130 YAYINLANACAK MI?<\/h3>\n<p>Per\u015fembe ak\u015famlar\u0131n\u0131n vazge\u00e7ilmez dizisi olan \u0130nci Taneleri, bu hafta yeni b\u00f6l\u00fcm\u00fc olacak m\u0131? Ulusal yas ilan\u0131 nedeniyle dizi yap\u0131mc\u0131lar\u0131 yeni b\u00f6l\u00fcmlerini yay\u0131nlamad\u0131. Yas ilan\u0131n\u0131n bitmesine ra\u011fmen \u0130nci Taneleri yeni b\u00f6l\u00fcm\u00fcn\u00fc yay\u0131nlayacak m\u0131 yay\u0131nlamayacak m\u0131? tam olarak bilinmemektedir.<\/p>\n<p><img loading=\"lazy\" decoding=\"async\" class=\"alignnone wp-image-124649\" src=\"https:\/\/www.tgrthaber.com\/mavikadin\/wp-content\/uploads\/23-ocak-2025-inci-taneleri-yayinlanacak-mi-300x169.jpg\" alt=\"23 ocak 2025 inci taneleri yay\u0131nlanacak m\u0131\" width=\"1208\" height=\"680\" title=\"\" srcset=\"https:\/\/www.tgrthaber.com\/mavikadin\/wp-content\/uploads\/23-ocak-2025-inci-taneleri-yayinlanacak-mi-300x169.jpg 300w, https:\/\/www.tgrthaber.com\/mavikadin\/wp-content\/uploads\/23-ocak-2025-inci-taneleri-yayinlanacak-mi-1024x576.jpg 1024w, https:\/\/www.tgrthaber.com\/mavikadin\/wp-content\/uploads\/23-ocak-2025-inci-taneleri-yayinlanacak-mi-768x432.jpg 768w, https:\/\/www.tgrthaber.com\/mavikadin\/wp-content\/uploads\/23-ocak-2025-inci-taneleri-yayinlanacak-mi-1536x864.jpg 1536w, https:\/\/www.tgrthaber.com\/mavikadin\/wp-content\/uploads\/23-ocak-2025-inci-taneleri-yayinlanacak-mi.jpg 1920w\" sizes=\"(max-width: 1208px) 100vw, 1208px\" \/><\/p>\n<hr \/>\n<h3>23 OCAK 2025 S\u0130YAH KALP YAYINLANACAK MI?<\/h3>\n<p>Kapadokya\u2019n\u0131n en g\u00fc\u00e7l\u00fc ailesinin gelini olan Sumru\u2019nun iki \u00e7ocu\u011fu olan Nuh ve Melek\u2019in ge\u00e7mi\u015fteki yaln\u0131zl\u0131klar\u0131n\u0131n intikam\u0131n\u0131 almaya \u00e7al\u0131\u015f\u0131yorlar. Per\u015fembe gecelerinin sevilen dizileri aras\u0131nda yer alan Siyah Kalp dizisi 23 Ocak 2025 Per\u015fembe ak\u015fam\u0131 yay\u0131nlan\u0131p yay\u0131nlanmayaca\u011f\u0131 konusunda resmi bir a\u00e7\u0131klama yap\u0131lmad\u0131. Yar\u0131n ak\u015fama kadar dizi yap\u0131mc\u0131lar\u0131ndan resmi bir a\u00e7\u0131klama gelmezse 23 Ocak 2025 Per\u015fembe g\u00fcn\u00fc saat 20:00\u2019da Show TV\u2019de yeni b\u00f6l\u00fcm\u00fcyle yay\u0131nlanacak.<\/p>\n<p><img loading=\"lazy\" decoding=\"async\" class=\"alignnone wp-image-124646\" src=\"https:\/\/www.tgrthaber.com\/mavikadin\/wp-content\/uploads\/23-ocak-2025-siyah-kalp-yayinlanacak-mi-300x169.jpg\" alt=\"23 ocak 2025 siyah kalp yay\u0131nlanacak m\u0131\" width=\"1208\" height=\"680\" title=\"\" srcset=\"https:\/\/www.tgrthaber.com\/mavikadin\/wp-content\/uploads\/23-ocak-2025-siyah-kalp-yayinlanacak-mi-300x169.jpg 300w, https:\/\/www.tgrthaber.com\/mavikadin\/wp-content\/uploads\/23-ocak-2025-siyah-kalp-yayinlanacak-mi-1024x576.jpg 1024w, https:\/\/www.tgrthaber.com\/mavikadin\/wp-content\/uploads\/23-ocak-2025-siyah-kalp-yayinlanacak-mi-768x432.jpg 768w, https:\/\/www.tgrthaber.com\/mavikadin\/wp-content\/uploads\/23-ocak-2025-siyah-kalp-yayinlanacak-mi-1536x864.jpg 1536w, https:\/\/www.tgrthaber.com\/mavikadin\/wp-content\/uploads\/23-ocak-2025-siyah-kalp-yayinlanacak-mi.jpg 1920w\" sizes=\"(max-width: 1208px) 100vw, 1208px\" \/><\/p>\n<hr \/>\n<h3>23 Ocak 2025 HUDUTSUZ SEVDA YAYINLANACAK MI?<\/h3>\n<p>Hik\u00e2yesiyle ve oyuncu kadrosuyla ad\u0131ndan s\u00f6z ettiren ve Per\u015fembe ak\u015fam\u0131n\u0131n favori dizilerinin aras\u0131nda olan Hudutsuz Sevda dizisi her b\u00f6l\u00fcm\u00fcyle izleyiciyi ekrana kilitliyor. Bolu\u2019da ya\u015fan\u0131lan yang\u0131ndan dolay\u0131 yap\u0131mc\u0131lar dizilerinin yeni b\u00f6l\u00fcm\u00fcn\u00fc yay\u0131nlamama karar\u0131 al\u0131yorlar. Ulusal yas\u0131n bitmesine ra\u011fmen Hudutsuz Sevda dizi ekibi bu karar al\u0131p almayaca\u011f\u0131 \u015fimdilik bilinmiyor. Peki, 23 Ocak 2025 Hudutsuz Sevda dizisi yay\u0131nlanacak m\u0131? sorusu ak\u0131llara gelebilir. Dizinin yap\u0131m ekibinden resmi bir a\u00e7\u0131klama gelmezse 23 Ocak 2025 Per\u015fembe ak\u015fam\u0131 saat 20:00\u2019da NOW TV\u2019de Hudutsuz Sevda\u2019n\u0131n yeni b\u00f6l\u00fcm\u00fc ekranlara gelecek.<\/p>\n<p><img loading=\"lazy\" decoding=\"async\" class=\"alignnone wp-image-124645\" src=\"https:\/\/www.tgrthaber.com\/mavikadin\/wp-content\/uploads\/hudutsuz-sevda-1-300x169.jpg\" alt=\"23 ocak 2025 hudutsuz sevda yay\u0131nlanacak m\u0131 \" width=\"1208\" height=\"680\" title=\"\" srcset=\"https:\/\/www.tgrthaber.com\/mavikadin\/wp-content\/uploads\/hudutsuz-sevda-1-300x169.jpg 300w, https:\/\/www.tgrthaber.com\/mavikadin\/wp-content\/uploads\/hudutsuz-sevda-1-1024x576.jpg 1024w, https:\/\/www.tgrthaber.com\/mavikadin\/wp-content\/uploads\/hudutsuz-sevda-1-768x432.jpg 768w, https:\/\/www.tgrthaber.com\/mavikadin\/wp-content\/uploads\/hudutsuz-sevda-1-1536x864.jpg 1536w, https:\/\/www.tgrthaber.com\/mavikadin\/wp-content\/uploads\/hudutsuz-sevda-1.jpg 1920w\" sizes=\"(max-width: 1208px) 100vw, 1208px\" \/><\/p>\n<hr \/>\n<p>&nbsp;<\/p>\n","protected":false},"excerpt":{"rendered":"<p>Bolu, Kartalkaya\u2019daki otelde \u00e7\u0131kan yang\u0131nda canlar\u0131n\u0131 kaybeden insanlar i\u00e7in 1 g\u00fcnl\u00fc\u011f\u00fcne milli yas ilan edildi. Yas ilan\u0131 nedeniyle televizyonda bir\u00e7ok dizi yay\u0131nlanmama karar\u0131 almaya devam ediyor. Peki, 23 Ocak 2025 Per\u015fembe ak\u015fam\u0131 diziler olacak m\u0131? Milli yas s\u00fcrecine Per\u015fembe g\u00fcn\u00fc yay\u0131nlanan dizilerde d\u00e2hil olacak?<\/p>\n","protected":false},"author":10,"featured_media":124655,"comment_status":"closed","ping_status":"closed","sticky":false,"template":"","format":"standard","meta":{"rank_math_lock_modified_date":false,"footnotes":""},"categories":[602],"tags":[8795,8796],"class_list":["post-124643","post","type-post","status-publish","format-standard","has-post-thumbnail","hentry","category-diziler","tag-23-ocak-2025-persembe-aksami-dizileri","tag-23-ocak-2025-persembe-yayini"],"_links":{"self":[{"href":"https:\/\/www.tgrthaber.com\/mavikadin\/wp-json\/wp\/v2\/posts\/124643"}],"collection":[{"href":"https:\/\/www.tgrthaber.com\/mavikadin\/wp-json\/wp\/v2\/posts"}],"about":[{"href":"https:\/\/www.tgrthaber.com\/mavikadin\/wp-json\/wp\/v2\/types\/post"}],"author":[{"embeddable":true,"href":"https:\/\/www.tgrthaber.com\/mavikadin\/wp-json\/wp\/v2\/users\/10"}],"replies":[{"embeddable":true,"href":"https:\/\/www.tgrthaber.com\/mavikadin\/wp-json\/wp\/v2\/comments?post=124643"}],"version-history":[{"count":1,"href":"https:\/\/www.tgrthaber.com\/mavikadin\/wp-json\/wp\/v2\/posts\/124643\/revisions"}],"predecessor-version":[{"id":124652,"href":"https:\/\/www.tgrthaber.com\/mavikadin\/wp-json\/wp\/v2\/posts\/124643\/revisions\/124652"}],"wp:featuredmedia":[{"embeddable":true,"href":"https:\/\/www.tgrthaber.com\/mavikadin\/wp-json\/wp\/v2\/media\/124655"}],"wp:attachment":[{"href":"https:\/\/www.tgrthaber.com\/mavikadin\/wp-json\/wp\/v2\/media?parent=124643"}],"wp:term":[{"taxonomy":"category","embeddable":true,"href":"https:\/\/www.tgrthaber.com\/mavikadin\/wp-json\/wp\/v2\/categories?post=124643"},{"taxonomy":"post_tag","embeddable":true,"href":"https:\/\/www.tgrthaber.com\/mavikadin\/wp-json\/wp\/v2\/tags?post=124643"}],"curies":[{"name":"wp","href":"https:\/\/api.w.org\/{rel}","templated":true}]}}