{"id":124719,"date":"2025-01-22T22:18:40","date_gmt":"2025-01-22T19:18:40","guid":{"rendered":"https:\/\/www.tgrthaber.com\/mavikadin\/?p=124719"},"modified":"2025-01-22T22:28:47","modified_gmt":"2025-01-22T19:28:47","slug":"bilim-dunyasina-bomba-gibi-dustu-yillarca-bildiklerimizi-degistirebilecek-kesif","status":"publish","type":"post","link":"https:\/\/www.tgrthaber.com\/mavikadin\/bilim-dunyasina-bomba-gibi-dustu-yillarca-bildiklerimizi-degistirebilecek-kesif\/","title":{"rendered":"Bilim d\u00fcnyas\u0131na bomba gibi d\u00fc\u015ft\u00fc! Y\u0131llarca bildiklerimizi de\u011fi\u015ftirebilecek ke\u015fif\u2026"},"content":{"rendered":"<p>Pasifik Okyanusu\u2019nun taban\u0131nda yap\u0131lan ara\u015ft\u0131rmalar neticesinde, \u0131\u015f\u0131\u011f\u0131n ula\u015fmad\u0131\u011f\u0131 yerlerde metalik kayalar\u0131n oksijen \u00fcretti\u011fi ortaya \u00e7\u0131kt\u0131. Bu \u00e7arp\u0131c\u0131 ke\u015fif, bilim d\u00fcnyas\u0131nda bomba etkisi olu\u015fturdu.<\/p>\n<p>Y\u0131llar boyunca oksijenin \u00fcremesi i\u00e7in fotosentez yoluyla g\u00fcne\u015f \u0131\u015f\u0131\u011f\u0131na ihtiya\u00e7 duyuldu\u011fu fikri hakimdi. Do\u011fal yollarla olu\u015fan ve g\u00fcne\u015f \u0131\u015f\u0131\u011f\u0131 olmadan oksijenin ortaya \u00e7\u0131kt\u0131\u011f\u0131 ke\u015fif sonras\u0131 bilim d\u00fcnyas\u0131nda tart\u0131\u015fmalar ba\u015flad\u0131.<\/p>\n<p><img loading=\"lazy\" decoding=\"async\" class=\"alignnone wp-image-124721\" src=\"https:\/\/www.tgrthaber.com\/mavikadin\/wp-content\/uploads\/deniz-tabani-300x169.jpg\" alt=\"\" width=\"1280\" height=\"720\" title=\"\" srcset=\"https:\/\/www.tgrthaber.com\/mavikadin\/wp-content\/uploads\/deniz-tabani-300x169.jpg 300w, https:\/\/www.tgrthaber.com\/mavikadin\/wp-content\/uploads\/deniz-tabani-768x432.jpg 768w, https:\/\/www.tgrthaber.com\/mavikadin\/wp-content\/uploads\/deniz-tabani.jpg 800w\" sizes=\"(max-width: 1280px) 100vw, 1280px\" \/><\/p>\n<hr \/>\n<p>Ara\u015ft\u0131rmay\u0131 yapan biyojeokimya m\u00fchendisleri, yeni ke\u015ffin d\u00fcnyadaki ya\u015fam anlay\u0131\u015f\u0131m\u0131z\u0131 de\u011fi\u015ftirece\u011fini fakat ke\u015ffin daha \u00e7ok soru i\u015faretini de beraberinde getirdi\u011fini ifade etti.<\/p>\n<h3>&#8220;\u00c7OK ZAMANA \u0130HT\u0130YACIMIZ OLACAK&#8221;<\/h3>\n<p>Oksijen, g\u00f6zlemlenen verilere g\u00f6re g\u00fcne\u015f \u0131\u015f\u0131\u011f\u0131 olmadan ortaya \u00e7\u0131kmas\u0131 zor bir element olarak biliniyor. Pasifik Okyanusu\u2019nun taban\u0131ndaki ke\u015fif sonras\u0131 ara\u015ft\u0131rmac\u0131lar oksijenin ortaya \u00e7\u0131k\u0131\u015f hikayesini \u00e7\u00f6z\u00fcmlemeye \u00e7al\u0131\u015ft\u0131lar.<\/p>\n<p>Tam olarak net bir veriye ula\u015f\u0131lamasa da ara\u015ft\u0131rmac\u0131lar, oksijenin, okyanus taban\u0131ndaki mikroplar taraf\u0131ndan \u00fcretilebilece\u011fi tezini ortaya koydular. Ara\u015ft\u0131rmac\u0131lar konuya ili\u015fkin yapt\u0131klar\u0131 a\u00e7\u0131klamada, \u201cBunu \u00e7\u00f6zmek i\u00e7in \u00e7ok zamana ihtiyac\u0131m\u0131z olacak.&#8221; ifadelerini kulland\u0131lar.<\/p>\n","protected":false},"excerpt":{"rendered":"<p>Pasifik Okyanusu\u2019nun derinlerinde \u00e7al\u0131\u015fma yapan ara\u015ft\u0131rmac\u0131lar bilim d\u00fcnyas\u0131na bomba gibi d\u00fc\u015fen bir ke\u015ffe imza att\u0131lar. I\u015f\u0131\u011f\u0131n ula\u015famad\u0131\u011f\u0131 yerlerde metalik kayalar\u0131n oksijen \u00fcretti\u011fine dair yap\u0131lan \u00e7arp\u0131c\u0131 ke\u015fif yeni soru i\u015faretlerini de beraberinde getirdi. <\/p>\n","protected":false},"author":33,"featured_media":124720,"comment_status":"closed","ping_status":"closed","sticky":false,"template":"","format":"standard","meta":{"rank_math_lock_modified_date":false,"footnotes":""},"categories":[101,78],"tags":[8824,8826,8825,8823],"class_list":["post-124719","post","type-post","status-publish","format-standard","has-post-thumbnail","hentry","category-kesfet","category-yasam","tag-deniz-tabani","tag-karanlik-oksijen","tag-kesif","tag-oksijen"],"_links":{"self":[{"href":"https:\/\/www.tgrthaber.com\/mavikadin\/wp-json\/wp\/v2\/posts\/124719"}],"collection":[{"href":"https:\/\/www.tgrthaber.com\/mavikadin\/wp-json\/wp\/v2\/posts"}],"about":[{"href":"https:\/\/www.tgrthaber.com\/mavikadin\/wp-json\/wp\/v2\/types\/post"}],"author":[{"embeddable":true,"href":"https:\/\/www.tgrthaber.com\/mavikadin\/wp-json\/wp\/v2\/users\/33"}],"replies":[{"embeddable":true,"href":"https:\/\/www.tgrthaber.com\/mavikadin\/wp-json\/wp\/v2\/comments?post=124719"}],"version-history":[{"count":1,"href":"https:\/\/www.tgrthaber.com\/mavikadin\/wp-json\/wp\/v2\/posts\/124719\/revisions"}],"predecessor-version":[{"id":124722,"href":"https:\/\/www.tgrthaber.com\/mavikadin\/wp-json\/wp\/v2\/posts\/124719\/revisions\/124722"}],"wp:featuredmedia":[{"embeddable":true,"href":"https:\/\/www.tgrthaber.com\/mavikadin\/wp-json\/wp\/v2\/media\/124720"}],"wp:attachment":[{"href":"https:\/\/www.tgrthaber.com\/mavikadin\/wp-json\/wp\/v2\/media?parent=124719"}],"wp:term":[{"taxonomy":"category","embeddable":true,"href":"https:\/\/www.tgrthaber.com\/mavikadin\/wp-json\/wp\/v2\/categories?post=124719"},{"taxonomy":"post_tag","embeddable":true,"href":"https:\/\/www.tgrthaber.com\/mavikadin\/wp-json\/wp\/v2\/tags?post=124719"}],"curies":[{"name":"wp","href":"https:\/\/api.w.org\/{rel}","templated":true}]}}