{"id":124769,"date":"2025-01-23T00:13:11","date_gmt":"2025-01-22T21:13:11","guid":{"rendered":"https:\/\/www.tgrthaber.com\/mavikadin\/?p=124769"},"modified":"2025-01-31T22:07:50","modified_gmt":"2025-01-31T19:07:50","slug":"hattuc-hala-bassagligi-diledi-yali-capkini-suna-olecek-mi","status":"publish","type":"post","link":"https:\/\/www.tgrthaber.com\/mavikadin\/hattuc-hala-bassagligi-diledi-yali-capkini-suna-olecek-mi\/","title":{"rendered":"Yal\u0131 \u00c7apk\u0131n\u0131 Suna \u00f6lecek mi? Yal\u0131 \u00c7apk\u0131n\u0131 oyuncusu Beril Pozam diziden ayr\u0131lacak m\u0131?"},"content":{"rendered":"<p>Her Cuma ak\u015fam\u0131 Star TV\u2019de yay\u0131mlanan ve izleyiciler taraf\u0131ndan yo\u011fun ilgi g\u00f6ren Yal\u0131 \u00c7apk\u0131n\u0131 dizisinde 92. B\u00f6l\u00fcmde ya\u015fananlar b\u00fcy\u00fck heyecan ya\u015fatt\u0131. Son b\u00f6l\u00fcmde ya\u015fanan silahl\u0131 sald\u0131r\u0131 sonucunda Suna, Seyran ve Ferit vuruldu. \u0130zleyici \u015foka sokan durum sonras\u0131 yeni b\u00f6l\u00fcm\u00fc tan\u0131t\u0131m\u0131 yay\u0131mland\u0131. Yal\u0131 \u00c7apk\u0131n\u0131 Suna \u00f6lecek mi? Yal\u0131 \u00c7apk\u0131n\u0131 oyuncusu Beril Pozam diziden ayr\u0131lacak m\u0131?<\/p>\n<h3>Yal\u0131 \u00c7apk\u0131n\u0131 Suna \u00f6lecek mi?<\/h3>\n<p>Seyran ve Ferit hastanede birbirlerini ararlarken Suna yo\u011fun bak\u0131mda hayata tutunmaya \u00e7al\u0131\u015f\u0131yor. Hattu\u00e7 Hala\u2019n\u0131n &#8216;ba\u015f\u0131m\u0131z sa\u011f olsun&#8217; ifadesinin ard\u0131ndan Suna \u00f6ld\u00fc m\u00fc? sorusu ak\u0131llara geldi. Ayr\u0131ca Suna\u2019n\u0131n hamile oldu\u011fu ger\u00e7e\u011fi ortaya \u00e7\u0131kt\u0131. Baz\u0131 sosyal medya kullan\u0131c\u0131lar\u0131 Suna\u2019n\u0131n \u00e7ocu\u011funun Ferit\u2019ten oldu\u011funu d\u00fc\u015f\u00fcn\u00fcrken, di\u011fer kullan\u0131c\u0131lar da \u00e7ocu\u011fun Abidin\u2019den oldu\u011fu yorumunda bulundu.<\/p>\n<p>Afra Sara\u00e7o\u011flu\u2019nun canland\u0131rd\u0131\u011f\u0131 Seyran karakteri yeni fragmanda \u2018Onun yerine ke\u015fke ben \u00f6lseydim\u2019 dedi.<\/p>\n<p>Cuma ak\u015famlar\u0131n\u0131n vazge\u00e7ilmez dizisi Yal\u0131 \u00c7apk\u0131n\u0131\u2019nda, Suna karakterini canland\u0131ran Beril Pozam\u2019\u0131n yap\u0131mdan ayr\u0131l\u0131p ayr\u0131lmayaca\u011f\u0131 soru i\u015fareti olarak kal\u0131rken yeni b\u00f6l\u00fcmde \u00e7o\u011fu durumun kesinle\u015fmesi bekleniyor.<\/p>\n<p><img loading=\"lazy\" decoding=\"async\" class=\"alignnone wp-image-124773\" src=\"https:\/\/www.tgrthaber.com\/mavikadin\/wp-content\/uploads\/suna-seyran-300x169.png\" alt=\"\" width=\"1280\" height=\"720\" title=\"\" srcset=\"https:\/\/www.tgrthaber.com\/mavikadin\/wp-content\/uploads\/suna-seyran-300x169.png 300w, https:\/\/www.tgrthaber.com\/mavikadin\/wp-content\/uploads\/suna-seyran-1024x576.png 1024w, https:\/\/www.tgrthaber.com\/mavikadin\/wp-content\/uploads\/suna-seyran-768x432.png 768w, https:\/\/www.tgrthaber.com\/mavikadin\/wp-content\/uploads\/suna-seyran.png 1366w\" sizes=\"(max-width: 1280px) 100vw, 1280px\" \/><\/p>\n<hr \/>\n<h3>BER\u0130L POZAM K\u0130MD\u0130R?<\/h3>\n<p>Yal\u0131 \u00c7apk\u0131n\u0131 dizisinde Suna karakterine hayat veren Beril Pozam, Afilli A\u015fk dizisinde Nazmiye Yenge rol\u00fcyle \u00fcnlendi. Bilkent \u00dcniversitesi M\u00fczik ve Sahne Sanatlar\u0131 Fak\u00fcltesi mezunu olan ba\u015far\u0131l\u0131 isim 1995 y\u0131l\u0131 do\u011fumlu ve 30 ya\u015f\u0131ndad\u0131r. Ard\u0131ndan, 2020 y\u0131l\u0131nda Akrep, 2021\u2019de Ada Masal\u0131, 2022\u2019de Baba dizisinde rol ald\u0131. Oyuncu son olarak Yal\u0131 \u00c7apk\u0131n\u0131 dizisindeki rol arkada\u015f\u0131 Ersin Ar\u0131c\u0131 ile d\u00fcnya evine girdi.<\/p>\n<h3>YALI \u00c7APKINI F\u0130NAL\u0130NE AZ KALDI<\/h3>\n<p>Yal\u0131 \u00c7apk\u0131n\u0131\u2019n\u0131n reytinglerde istenilen ba\u015far\u0131y\u0131 bu sezon elde edememesi sebebiyle 100. b\u00f6l\u00fcmde final yapaca\u011f\u0131 iddialar aras\u0131nda yer ald\u0131. Fakat konuya ili\u015fkin yap\u0131m \u015firketinden hen\u00fcz bir a\u00e7\u0131klama gelmedi.<\/p>\n<h3>YALI \u00c7APKINI OYUNCULARI<\/h3>\n<p>Yal\u0131 \u00c7apk\u0131n\u0131 dizisinin oyuncu kadrosunda; Afra Sara\u00e7o\u011flu, Mert Ramazan Demir, \u00c7etin Tekindor, \u015eerif Sezer, G\u00fcl\u00e7in \u015eant\u0131rc\u0131o\u011flu, Emre Altu\u011f, G\u00f6zde Kansu, Ersin Ar\u0131c\u0131, Beril Pozam, \u0130rem Altu\u011f, \u00d6znur Ser\u00e7eler, H\u00fclya Duyar, Diren Polato\u011fullar\u0131 gibi ba\u015far\u0131l\u0131 isimler yer al\u0131yor.<\/p>\n","protected":false},"excerpt":{"rendered":"<p>Yal\u0131 \u00c7apk\u0131n\u0131 dizisinin 92. b\u00f6l\u00fcm\u00fcn\u00fcn fragman\u0131 yay\u0131mland\u0131. Hayranlar\u0131 \u015foke eden bir ger\u00e7ekse Suna\u2019n\u0131n \u00f6ld\u00fc\u011f\u00fc iddias\u0131yd\u0131. Di\u011fer karakterlerin \u00fczg\u00fcn olmas\u0131 konuyu peki\u015ftirirken Hattu\u00e7 Hala\u2019n\u0131n s\u00f6zleri tan\u0131t\u0131ma damga vurdu. Peki Yal\u0131 \u00c7apk\u0131n\u0131 Suna \u00f6lecek mi? Beril Pozam diziden ayr\u0131l\u0131yor mu?<\/p>\n","protected":false},"author":33,"featured_media":124772,"comment_status":"closed","ping_status":"closed","sticky":false,"template":"","format":"standard","meta":{"rank_math_lock_modified_date":false,"footnotes":""},"categories":[101],"tags":[8842,8841,8843],"class_list":["post-124769","post","type-post","status-publish","format-standard","has-post-thumbnail","hentry","category-kesfet","tag-beril-pozam","tag-yali-capkini-suna","tag-yali-capkini-suna-olecek-mi"],"_links":{"self":[{"href":"https:\/\/www.tgrthaber.com\/mavikadin\/wp-json\/wp\/v2\/posts\/124769"}],"collection":[{"href":"https:\/\/www.tgrthaber.com\/mavikadin\/wp-json\/wp\/v2\/posts"}],"about":[{"href":"https:\/\/www.tgrthaber.com\/mavikadin\/wp-json\/wp\/v2\/types\/post"}],"author":[{"embeddable":true,"href":"https:\/\/www.tgrthaber.com\/mavikadin\/wp-json\/wp\/v2\/users\/33"}],"replies":[{"embeddable":true,"href":"https:\/\/www.tgrthaber.com\/mavikadin\/wp-json\/wp\/v2\/comments?post=124769"}],"version-history":[{"count":5,"href":"https:\/\/www.tgrthaber.com\/mavikadin\/wp-json\/wp\/v2\/posts\/124769\/revisions"}],"predecessor-version":[{"id":127984,"href":"https:\/\/www.tgrthaber.com\/mavikadin\/wp-json\/wp\/v2\/posts\/124769\/revisions\/127984"}],"wp:featuredmedia":[{"embeddable":true,"href":"https:\/\/www.tgrthaber.com\/mavikadin\/wp-json\/wp\/v2\/media\/124772"}],"wp:attachment":[{"href":"https:\/\/www.tgrthaber.com\/mavikadin\/wp-json\/wp\/v2\/media?parent=124769"}],"wp:term":[{"taxonomy":"category","embeddable":true,"href":"https:\/\/www.tgrthaber.com\/mavikadin\/wp-json\/wp\/v2\/categories?post=124769"},{"taxonomy":"post_tag","embeddable":true,"href":"https:\/\/www.tgrthaber.com\/mavikadin\/wp-json\/wp\/v2\/tags?post=124769"}],"curies":[{"name":"wp","href":"https:\/\/api.w.org\/{rel}","templated":true}]}}