{"id":124808,"date":"2025-01-23T02:41:50","date_gmt":"2025-01-22T23:41:50","guid":{"rendered":"https:\/\/www.tgrthaber.com\/mavikadin\/?p=124808"},"modified":"2025-01-23T02:46:07","modified_gmt":"2025-01-22T23:46:07","slug":"oksuruk-icin-ceviz-perdesi-cayi-nasil-yapilir-oksurugu-aninda-kesen-dogal-tarif","status":"publish","type":"post","link":"https:\/\/www.tgrthaber.com\/mavikadin\/oksuruk-icin-ceviz-perdesi-cayi-nasil-yapilir-oksurugu-aninda-kesen-dogal-tarif\/","title":{"rendered":"\u00d6ks\u00fcr\u00fck i\u00e7in ceviz perdesi \u00e7ay\u0131 nas\u0131l yap\u0131l\u0131r? \u00d6ks\u00fcr\u00fc\u011f\u00fc an\u0131nda kesen do\u011fal tarif"},"content":{"rendered":"<p>K\u0131\u015f aylar\u0131nda kol gibi gezen hastal\u0131klara kar\u015f\u0131l\u0131k diren\u00e7ler d\u00fc\u015ft\u00fc, hastane kap\u0131lar\u0131 doldu ta\u015ft\u0131. \u00d6zellikle de \u015fu son g\u00fcnlerde art\u0131\u015f g\u00f6steren salg\u0131n hastal\u0131klar sonras\u0131nda neredeyse herkeste benzer \u015fikayetlerin oldu\u011fu g\u00f6r\u00fcl\u00fcr iken hastalar\u0131n en \u00e7ok \u00f6ks\u00fcr\u00fckten muzdarip oldu\u011fu tespit edildi.<\/p>\n<p>Ge\u00e7mek bilmeyen inat\u00e7\u0131 \u00f6ks\u00fcr\u00fc\u011fe kar\u015f\u0131 evlerde hem direncinizi sa\u011flam tutacak hem de balgaml\u0131 \u00f6ks\u00fcr\u00fc\u011f\u00fcn\u00fcz\u00fc geriletecek o \u00e7ok \u015fifal\u0131 ceviz perdesi \u00e7ay\u0131n\u0131n tarifini sizlere derledik.<\/p>\n<p>\u00d6ks\u00fcr\u00fc\u011f\u00fc do\u011fal yollarla en h\u0131zl\u0131 bir \u015fekilde kesen etkili ceviz perdesi \u00e7ay\u0131n\u0131n yap\u0131m\u0131na gelin beraber ba\u015flayal\u0131m! \u0130\u015fte \u00f6ks\u00fcr\u00fc\u011f\u00fc gerileten ceviz perdesi \u00e7ay\u0131 tarifi&#8230;<\/p>\n<h3>\u00d6KS\u00dcR\u00dcK KESEN CEV\u0130Z PERDES\u0130 \u00c7AYI!<\/h3>\n<p>Hem yeti\u015fkinlerde hem de bebek ve \u00e7ocuklarda \u00f6ks\u00fcr\u00fck rahats\u0131zl\u0131\u011f\u0131na kar\u015f\u0131l\u0131k yap\u0131labilen do\u011fal bir \u00e7ay tarifi olan ceviz perdeli kar\u0131\u015f\u0131m\u0131 \u015fip\u015fak bir \u015fekilde haz\u0131rlayabilirsiniz.<\/p>\n<p><img loading=\"lazy\" decoding=\"async\" class=\"wp-image-124809\" src=\"https:\/\/www.tgrthaber.com\/mavikadin\/wp-content\/uploads\/460055.jpg\" alt=\"\u00f6ks\u00fcr\u00fck i\u00e7in ceviz perdesi\" width=\"1208\" height=\"680\" title=\"\" srcset=\"https:\/\/www.tgrthaber.com\/mavikadin\/wp-content\/uploads\/460055.jpg 1280w, https:\/\/www.tgrthaber.com\/mavikadin\/wp-content\/uploads\/460055-300x169.jpg 300w, https:\/\/www.tgrthaber.com\/mavikadin\/wp-content\/uploads\/460055-1024x576.jpg 1024w, https:\/\/www.tgrthaber.com\/mavikadin\/wp-content\/uploads\/460055-768x432.jpg 768w\" sizes=\"(max-width: 1208px) 100vw, 1208px\" \/><\/p>\n<hr \/>\n<p>\u0130\u015fte \u00f6ks\u00fcr\u00fc\u011fe \u00e7ok iyi gelen do\u011fal tarif&#8230;<\/p>\n<h3>MALZEMELER:<\/h3>\n<p>8-10 adet cevizin i\u00e7 zar\u0131<br \/>\n1-2 tane ceviz i\u00e7i<br \/>\n1 tatl\u0131 ka\u015f\u0131\u011f\u0131 do\u011fal bal<br \/>\n1 su barda\u011f\u0131 su<\/p>\n<h3>YAPILI\u015eI:<\/h3>\n<p>\u00d6ks\u00fcr\u00fck kesici \u00e7ay\u0131n tarifi i\u00e7in ilk \u00f6nce cevizin i\u00e7 zar\u0131 ve ceviz i\u00e7ini uygun bir cezveye al\u0131n. Ard\u0131ndan kar\u0131\u015f\u0131m cezvede kaynamaya ba\u015flad\u0131ktan sonra 2-3 dakika daha kaynat\u0131p oca\u011f\u0131n alt\u0131n\u0131 kapat\u0131n. Son a\u015famada i\u00e7ine 1 tatl\u0131 ka\u015f\u0131\u011f\u0131 kadar bal ilave edip g\u00fczelce kar\u0131\u015ft\u0131r\u0131n. Il\u0131k bir \u015fekilde bebe\u011finizde t\u00fcketiniz.<\/p>\n<p><img loading=\"lazy\" decoding=\"async\" class=\"alignnone wp-image-124810\" src=\"https:\/\/www.tgrthaber.com\/mavikadin\/wp-content\/uploads\/32-7.png\" alt=\"\" width=\"1208\" height=\"684\" title=\"\" srcset=\"https:\/\/www.tgrthaber.com\/mavikadin\/wp-content\/uploads\/32-7.png 1095w, https:\/\/www.tgrthaber.com\/mavikadin\/wp-content\/uploads\/32-7-300x170.png 300w, https:\/\/www.tgrthaber.com\/mavikadin\/wp-content\/uploads\/32-7-1024x580.png 1024w, https:\/\/www.tgrthaber.com\/mavikadin\/wp-content\/uploads\/32-7-768x435.png 768w\" sizes=\"(max-width: 1208px) 100vw, 1208px\" \/><\/p>\n<hr \/>\n<p>1 ya\u015f\u0131ndan k\u00fc\u00e7\u00fck bebeklerde yar\u0131m \u00e7ay ka\u015f\u0131\u011f\u0131 olmak \u00fczere birka\u00e7 g\u00fcn verir iken daha b\u00fcy\u00fck \u00e7ocuklarda yar\u0131m \u00e7ay barda\u011f\u0131 kadar t\u00fcketilebilir, doktorunuzdan onay alabilirsiniz.<\/p>\n<h3>CEV\u0130Z PERDES\u0130 NEYE \u0130Y\u0130 GEL\u0130R? CEV\u0130Z PERDES\u0130N\u0130N FAYDALARI:<\/h3>\n<ul>\n<li>Ge\u00e7mek bilmeyen en inat\u00e7\u0131 \u00f6ks\u00fcr\u00fc\u011f\u00fcn kademeli bir \u015fekilde azalmas\u0131na yard\u0131mc\u0131 olur.<\/li>\n<li>Kandaki mikrobu temizlemeye yard\u0131mc\u0131 oldu\u011fu bilinir.<\/li>\n<li>Ast\u0131m rahats\u0131zl\u0131\u011f\u0131na kar\u015f\u0131 son derece etkilidir.<\/li>\n<li>Adeta tam bir do\u011fal balgam s\u00f6kt\u00fcr\u00fcc\u00fcd\u00fcr<\/li>\n<li>V\u00fccuttaki zararl\u0131 mikroplar\u0131 \u00f6ld\u00fcr\u00fcr<\/li>\n<li>G\u00fc\u00e7s\u00fcz olan ba\u011f\u0131\u015f\u0131kl\u0131k sistemini g\u00fc\u00e7lendirir<\/li>\n<\/ul>\n","protected":false},"excerpt":{"rendered":"<p>Bebek ve \u00e7ocuklarda dahil olmak \u00fczere yeti\u015fkinlik d\u00f6neminde g\u00f6r\u00fclen \u00f6ks\u00fcr\u00fc\u011fe kar\u015f\u0131 \u00e7ok iyi geldi\u011fi bilinen ceviz perdesi \u00e7ay\u0131n\u0131n tarifini sizlere derledik. \u0130\u015fte \u00f6ks\u00fcr\u00fck kesen ceviz perdesi \u00e7ay\u0131 tarifi&#8230;<\/p>\n","protected":false},"author":27,"featured_media":124811,"comment_status":"closed","ping_status":"closed","sticky":false,"template":"","format":"standard","meta":{"rank_math_lock_modified_date":false,"footnotes":""},"categories":[191],"tags":[8860,8861,8858,8857,8859],"class_list":["post-124808","post","type-post","status-publish","format-standard","has-post-thumbnail","hentry","category-yemek-tarifleri","tag-bebeklerde-oksuruk","tag-ceviz-perdesi-ne-ise-yarar","tag-oksuruge-ne-iyi-gelir","tag-oksuruk-icin-ceviz-perdesi","tag-oksuruk-kesici"],"_links":{"self":[{"href":"https:\/\/www.tgrthaber.com\/mavikadin\/wp-json\/wp\/v2\/posts\/124808"}],"collection":[{"href":"https:\/\/www.tgrthaber.com\/mavikadin\/wp-json\/wp\/v2\/posts"}],"about":[{"href":"https:\/\/www.tgrthaber.com\/mavikadin\/wp-json\/wp\/v2\/types\/post"}],"author":[{"embeddable":true,"href":"https:\/\/www.tgrthaber.com\/mavikadin\/wp-json\/wp\/v2\/users\/27"}],"replies":[{"embeddable":true,"href":"https:\/\/www.tgrthaber.com\/mavikadin\/wp-json\/wp\/v2\/comments?post=124808"}],"version-history":[{"count":1,"href":"https:\/\/www.tgrthaber.com\/mavikadin\/wp-json\/wp\/v2\/posts\/124808\/revisions"}],"predecessor-version":[{"id":124812,"href":"https:\/\/www.tgrthaber.com\/mavikadin\/wp-json\/wp\/v2\/posts\/124808\/revisions\/124812"}],"wp:featuredmedia":[{"embeddable":true,"href":"https:\/\/www.tgrthaber.com\/mavikadin\/wp-json\/wp\/v2\/media\/124811"}],"wp:attachment":[{"href":"https:\/\/www.tgrthaber.com\/mavikadin\/wp-json\/wp\/v2\/media?parent=124808"}],"wp:term":[{"taxonomy":"category","embeddable":true,"href":"https:\/\/www.tgrthaber.com\/mavikadin\/wp-json\/wp\/v2\/categories?post=124808"},{"taxonomy":"post_tag","embeddable":true,"href":"https:\/\/www.tgrthaber.com\/mavikadin\/wp-json\/wp\/v2\/tags?post=124808"}],"curies":[{"name":"wp","href":"https:\/\/api.w.org\/{rel}","templated":true}]}}