{"id":124841,"date":"2025-01-23T10:20:40","date_gmt":"2025-01-23T07:20:40","guid":{"rendered":"https:\/\/www.tgrthaber.com\/mavikadin\/?p=124841"},"modified":"2025-01-23T10:22:49","modified_gmt":"2025-01-23T07:22:49","slug":"feray-kanpolat-kimdir-siyah-kalp-dizisinde-yurek-burkan-bolu-faciasi","status":"publish","type":"post","link":"https:\/\/www.tgrthaber.com\/mavikadin\/feray-kanpolat-kimdir-siyah-kalp-dizisinde-yurek-burkan-bolu-faciasi\/","title":{"rendered":"Siyah Kalp dizisinde y\u00fcrek burkan Bolu facias\u0131! Feray Kanpolat kimdir?"},"content":{"rendered":"<p>Feray Kanpolat kimdir? merak ediliyor. Bolu Kartalkaya\u2019da Grand Kartal Oteli\u2019nde \u00e7\u0131kan yang\u0131nda hayat\u0131n\u0131 kaybeden isimler aras\u0131nda Feray Kanpolat ve k\u0131z\u0131 Oya Kanpolat da yer al\u0131yor.<\/p>\n<h3>FERAY KANPOLAT K\u0130MD\u0130R?<\/h3>\n<p>Bolu Kartalkaya Kayak Merkezi&#8217;ndeki 12 katl\u0131 Grand Kartal Otel&#8217;de \u00e7\u0131kan yang\u0131n sonucu 76 ki\u015fi hayat\u0131n\u0131 kaybetmi\u015fti.<\/p>\n<p>Yang\u0131n s\u0131ras\u0131nda 238 ki\u015finin konaklad\u0131\u011f\u0131 otelde Feray Kanpolat ve k\u0131z\u0131 Oya Kanpolat da bulunuyordu.<\/p>\n<p><img loading=\"lazy\" decoding=\"async\" class=\"alignnone wp-image-124844\" src=\"https:\/\/www.tgrthaber.com\/mavikadin\/wp-content\/uploads\/Bolu-2.webp\" alt=\"\" width=\"1208\" height=\"680\" title=\"\" srcset=\"https:\/\/www.tgrthaber.com\/mavikadin\/wp-content\/uploads\/Bolu-2.webp 1920w, https:\/\/www.tgrthaber.com\/mavikadin\/wp-content\/uploads\/Bolu-2-300x169.webp 300w, https:\/\/www.tgrthaber.com\/mavikadin\/wp-content\/uploads\/Bolu-2-1024x576.webp 1024w, https:\/\/www.tgrthaber.com\/mavikadin\/wp-content\/uploads\/Bolu-2-768x432.webp 768w, https:\/\/www.tgrthaber.com\/mavikadin\/wp-content\/uploads\/Bolu-2-1536x864.webp 1536w\" sizes=\"(max-width: 1208px) 100vw, 1208px\" \/><\/p>\n<hr \/>\n<p>Feray Kanpolat\u2019\u0131n annesi kimlik tespiti i\u00e7in DNA \u00f6rne\u011fi verdi.<\/p>\n<p>Anne Sema \u015eahin, k\u0131z\u0131 ve torununun hayat\u0131n\u0131 kaybetti\u011fi yang\u0131 televizyondan \u00f6\u011frendi\u011fini s\u00f6yleyerek, &#8220;Ben anne olarak 2 can\u0131m\u0131 kaybettim, ben zaten \u00f6ld\u00fcm. Otel sahiplerinden hesap soraca\u011f\u0131m. \u0130mza kampanyalar\u0131 ba\u015flataca\u011f\u0131m. Bu i\u015fin pe\u015fini b\u0131rakmayaca\u011f\u0131m. Su\u00e7lu olanlar cezas\u0131n\u0131 \u00e7eksinler. Ben \u015fu anda bir anne olarak burada s\u00fcr\u00fcn\u00fcyorum.\u201d Dedi.<\/p>\n<h3>\u201cDEVLET\u0130N SAH\u0130P \u00c7IKMASINI \u0130ST\u0130YORUM\u201d<\/h3>\n<p>Feray Kanpolat\u2019\u0131n annesi Sema \u015eahin s\u00f6zlerine \u015fu \u015fekilde devam etti:<br \/>\n\u201cBenim k\u0131z\u0131m kurtar\u0131lamam\u0131\u015f, k\u00fc\u00e7\u00fcc\u00fck kalm\u0131\u015f, bana g\u00f6stermiyorlar, k\u00f6m\u00fcrle\u015fmi\u015f. Ben DNA verdim. Bu itfaiyenin ge\u00e7 gelmesi ele\u015ftiriyorum, k\u0131n\u0131yorum. Ve bu devletin bizleri ba\u015f\u0131bo\u015f b\u0131rakmamas\u0131n\u0131 ve sahip \u00e7\u0131kmas\u0131n\u0131 istiyorum. Ben bu ya\u015fta bu ac\u0131lar\u0131 tatile giden \u00e7ocuklar\u0131mla ya\u015famamal\u0131yd\u0131m. Bunu g\u00f6rmemeliydim bu ya\u015fta. Benim taptaze filizlerim \u00f6lmemeliydi.<\/p>\n<p>Yang\u0131n merdiveni var m\u0131 yok mu, kap\u0131lar\u0131 a\u00e7\u0131k m\u0131, bir uyar\u0131 levhas\u0131 yok mu? Ni\u00e7in otele girenlere b\u00f6yle ah\u015fap otelde \u00f6yle bir bilgilendirme yap\u0131lmad\u0131. Bizim \u00e7ocuklar\u0131m\u0131z uykuda vefat etti&#8221;<\/p>\n<p><img loading=\"lazy\" decoding=\"async\" class=\"alignnone wp-image-124846\" src=\"https:\/\/www.tgrthaber.com\/mavikadin\/wp-content\/uploads\/Feray-Kanpolat-annesi-2.jpg\" alt=\"\" width=\"1208\" height=\"805\" title=\"\" srcset=\"https:\/\/www.tgrthaber.com\/mavikadin\/wp-content\/uploads\/Feray-Kanpolat-annesi-2.jpg 2560w, https:\/\/www.tgrthaber.com\/mavikadin\/wp-content\/uploads\/Feray-Kanpolat-annesi-2-300x200.jpg 300w, https:\/\/www.tgrthaber.com\/mavikadin\/wp-content\/uploads\/Feray-Kanpolat-annesi-2-1024x683.jpg 1024w, https:\/\/www.tgrthaber.com\/mavikadin\/wp-content\/uploads\/Feray-Kanpolat-annesi-2-768x512.jpg 768w, https:\/\/www.tgrthaber.com\/mavikadin\/wp-content\/uploads\/Feray-Kanpolat-annesi-2-1536x1024.jpg 1536w, https:\/\/www.tgrthaber.com\/mavikadin\/wp-content\/uploads\/Feray-Kanpolat-annesi-2-2048x1366.jpg 2048w\" sizes=\"(max-width: 1208px) 100vw, 1208px\" \/><\/p>\n<hr \/>\n<h3>S\u0130YAH KALP D\u0130Z\u0130S\u0130NDE ST\u0130L DANI\u015eMANIYDI<\/h3>\n<p>Feray Kanpolat\u2019\u0131n Karadut ve Siyah Kalp dizilerine stil dan\u0131\u015fmanl\u0131\u011f\u0131n\u0131 yapt\u0131\u011f\u0131 ortaya \u00e7\u0131kt\u0131.<\/p>\n<p>Ya\u015fanan ac\u0131 olaydan sonra yap\u0131m \u015firketi Tims&amp;B yay\u0131nlad\u0131\u011f\u0131 ba\u015fsa\u011fl\u0131\u011f\u0131 mesaj\u0131nda \u015fu sat\u0131rlara yer verdi:<\/p>\n<p>\u201cBolu Kartalkaya\u2019da \u00e7\u0131kan yang\u0131n felaketinde birlikte \u00e7al\u0131\u015ft\u0131\u011f\u0131m\u0131z ekip arkada\u015f\u0131m\u0131z Feray Kanpolat ve k\u0131z\u0131 Oya Kanpolat\u2019\u0131 kaybetmenin derin \u00fcz\u00fcnt\u00fcs\u00fcn\u00fc ya\u015f\u0131yoruz. Merhume Feray Kanpolat, Oya Kanpolat ve yang\u0131nda ya\u015fam\u0131n\u0131 yitiren t\u00fcm vatanda\u015flar\u0131m\u0131za Allah\u2019tan rahmet, ac\u0131l\u0131 aileleri ba\u015fta olmak \u00fczere yak\u0131nlar\u0131na ve t\u00fcm sevenlerine sab\u0131r ve ba\u015fsa\u011fl\u0131\u011f\u0131 diliyoruz.\u201d<\/p>\n<p><img loading=\"lazy\" decoding=\"async\" class=\"alignnone wp-image-124850\" src=\"https:\/\/www.tgrthaber.com\/mavikadin\/wp-content\/uploads\/Bolu.jpg\" alt=\"\" width=\"1208\" height=\"680\" title=\"\" srcset=\"https:\/\/www.tgrthaber.com\/mavikadin\/wp-content\/uploads\/Bolu.jpg 1600w, https:\/\/www.tgrthaber.com\/mavikadin\/wp-content\/uploads\/Bolu-300x169.jpg 300w, https:\/\/www.tgrthaber.com\/mavikadin\/wp-content\/uploads\/Bolu-1024x576.jpg 1024w, https:\/\/www.tgrthaber.com\/mavikadin\/wp-content\/uploads\/Bolu-768x432.jpg 768w, https:\/\/www.tgrthaber.com\/mavikadin\/wp-content\/uploads\/Bolu-1536x864.jpg 1536w\" sizes=\"(max-width: 1208px) 100vw, 1208px\" \/><\/p>\n<hr \/>\n<p>Karadut dizisinin y\u00f6netmeni Murat Sara\u00e7o\u011flu da \u201cKaradut dizisinde birlikte \u00e7al\u0131\u015ft\u0131\u011f\u0131m\u0131z Feray arkada\u015f\u0131m\u0131z\u0131 ve k\u0131z\u0131n\u0131 da kaybetmi\u015fiz. D\u00fcnya iyisi bir insand\u0131. Allah rahmet eylesin\u201d mesaj\u0131n\u0131 payla\u015ft\u0131.<\/p>\n<p><img loading=\"lazy\" decoding=\"async\" class=\"alignnone size-full wp-image-124848\" src=\"https:\/\/www.tgrthaber.com\/mavikadin\/wp-content\/uploads\/Karadut-dizisinde.webp\" alt=\"\" width=\"1080\" height=\"1551\" title=\"\" srcset=\"https:\/\/www.tgrthaber.com\/mavikadin\/wp-content\/uploads\/Karadut-dizisinde.webp 1080w, https:\/\/www.tgrthaber.com\/mavikadin\/wp-content\/uploads\/Karadut-dizisinde-209x300.webp 209w, https:\/\/www.tgrthaber.com\/mavikadin\/wp-content\/uploads\/Karadut-dizisinde-713x1024.webp 713w, https:\/\/www.tgrthaber.com\/mavikadin\/wp-content\/uploads\/Karadut-dizisinde-768x1103.webp 768w, https:\/\/www.tgrthaber.com\/mavikadin\/wp-content\/uploads\/Karadut-dizisinde-1070x1536.webp 1070w\" sizes=\"(max-width: 1080px) 100vw, 1080px\" \/><\/p>\n","protected":false},"excerpt":{"rendered":"<p>Feray Kanpolat kimdir? merak edildi. Bolu Kartalkaya\u2019daki otel yang\u0131n\u0131 facias\u0131nda hayat\u0131n\u0131 kaybeden isimlerden biri de Feray Kanpolat ve k\u0131z\u0131 Oya Kanpolat olmu\u015ftu. Feray Kanpolat\u2019\u0131n daha \u00f6nceden Siyah Kalp dizisinde \u00e7al\u0131\u015ft\u0131\u011f\u0131 \u00f6\u011frenildi.<\/p>\n","protected":false},"author":5,"featured_media":124845,"comment_status":"closed","ping_status":"closed","sticky":false,"template":"","format":"standard","meta":{"rank_math_lock_modified_date":false,"footnotes":""},"categories":[491],"tags":[8868,8869,2574],"class_list":["post-124841","post","type-post","status-publish","format-standard","has-post-thumbnail","hentry","category-biyografi","tag-feray-kanpolat","tag-oya-kanpolat","tag-siyah-kalp"],"_links":{"self":[{"href":"https:\/\/www.tgrthaber.com\/mavikadin\/wp-json\/wp\/v2\/posts\/124841"}],"collection":[{"href":"https:\/\/www.tgrthaber.com\/mavikadin\/wp-json\/wp\/v2\/posts"}],"about":[{"href":"https:\/\/www.tgrthaber.com\/mavikadin\/wp-json\/wp\/v2\/types\/post"}],"author":[{"embeddable":true,"href":"https:\/\/www.tgrthaber.com\/mavikadin\/wp-json\/wp\/v2\/users\/5"}],"replies":[{"embeddable":true,"href":"https:\/\/www.tgrthaber.com\/mavikadin\/wp-json\/wp\/v2\/comments?post=124841"}],"version-history":[{"count":3,"href":"https:\/\/www.tgrthaber.com\/mavikadin\/wp-json\/wp\/v2\/posts\/124841\/revisions"}],"predecessor-version":[{"id":124855,"href":"https:\/\/www.tgrthaber.com\/mavikadin\/wp-json\/wp\/v2\/posts\/124841\/revisions\/124855"}],"wp:featuredmedia":[{"embeddable":true,"href":"https:\/\/www.tgrthaber.com\/mavikadin\/wp-json\/wp\/v2\/media\/124845"}],"wp:attachment":[{"href":"https:\/\/www.tgrthaber.com\/mavikadin\/wp-json\/wp\/v2\/media?parent=124841"}],"wp:term":[{"taxonomy":"category","embeddable":true,"href":"https:\/\/www.tgrthaber.com\/mavikadin\/wp-json\/wp\/v2\/categories?post=124841"},{"taxonomy":"post_tag","embeddable":true,"href":"https:\/\/www.tgrthaber.com\/mavikadin\/wp-json\/wp\/v2\/tags?post=124841"}],"curies":[{"name":"wp","href":"https:\/\/api.w.org\/{rel}","templated":true}]}}