{"id":124865,"date":"2025-01-23T11:25:58","date_gmt":"2025-01-23T08:25:58","guid":{"rendered":"https:\/\/www.tgrthaber.com\/mavikadin\/?p=124865"},"modified":"2025-01-23T11:25:58","modified_gmt":"2025-01-23T08:25:58","slug":"banu-alkan-kac-yasinda-kiminle-evli-cocugu-var-mi","status":"publish","type":"post","link":"https:\/\/www.tgrthaber.com\/mavikadin\/banu-alkan-kac-yasinda-kiminle-evli-cocugu-var-mi\/","title":{"rendered":"Banu Alkan ka\u00e7 ya\u015f\u0131nda? Kiminle evli, \u00e7ocu\u011fu var m\u0131?"},"content":{"rendered":"<p>Kronik tansiyon ve diyabet hastas\u0131 olan \u00fcnl\u00fc sanat\u00e7\u0131 Banu Alkan, rahats\u0131zlanarak hastaneye kald\u0131r\u0131ld\u0131. Bunun \u00fczerine sosyal medyada Banu Alkan\u2019\u0131n beyin kanamas\u0131 ge\u00e7irdi\u011fi iddia edildi. Fakat sosyal medyadaki s\u00f6ylentiler ger\u00e7e\u011fi yans\u0131tmad\u0131. Banu Alkan\u2019\u0131n tansiyon ve kandaki \u015feker oran\u0131n\u0131n olduk\u00e7a y\u00fcksek olmas\u0131ndan dolay\u0131 hastaneye kald\u0131r\u0131ld\u0131\u011f\u0131 \u00f6\u011frenildi. Son olarak sa\u011fl\u0131k durumunun iyi oldu\u011fu s\u00f6ylenen Banu Alkan\u2019\u0131n \u00f6zel hayat\u0131 da merak edildi. Peki, Banu Alkan kimdir, ka\u00e7 ya\u015f\u0131nda? Banu Alkan kiminle evli, ka\u00e7 \u00e7ocu\u011fu var? \u0130\u015fte Banu Alkan hakk\u0131nda merak edilenler\u2026<\/p>\n<hr \/>\n<h3>BANU ALKAN K\u0130MD\u0130R?<\/h3>\n<p>Banu Alkan\u2019\u0131n ger\u00e7ek ad\u0131 Liz Remka Rebronja\u2019d\u0131r. Alkan, Sancak k\u00f6kenli marangoz bir ailenin be\u015finci \u00e7ocu\u011fu olarak d\u00fcnyaya gelmi\u015ftir. Alkan, 1 Nisan 1958 tarihinde o zaman\u0131n\u0131n Yugoslavya\u2019s\u0131 H\u0131rvatistan\u2019n\u0131n Dubrovink kentine d\u00fcnyaya geldi. Alkan, 1966 y\u0131l\u0131n\u0131n aral\u0131k ay\u0131nda ailesiyle birlikte Bal\u0131kesir ilinin Edremit il\u00e7esine g\u00f6\u00e7 etti.<\/p>\n<p><img loading=\"lazy\" decoding=\"async\" class=\"alignnone wp-image-124869\" src=\"https:\/\/www.tgrthaber.com\/mavikadin\/wp-content\/uploads\/Banu-Alkan-4-1024x576.jpg\" alt=\"Banu Alkan ka\u00e7 ya\u015f\u0131nda? Kiminle evli, \u00e7ocu\u011fu var m\u0131?\" width=\"1208\" height=\"680\" title=\"\" srcset=\"https:\/\/www.tgrthaber.com\/mavikadin\/wp-content\/uploads\/Banu-Alkan-4-1024x576.jpg 1024w, https:\/\/www.tgrthaber.com\/mavikadin\/wp-content\/uploads\/Banu-Alkan-4-300x169.jpg 300w, https:\/\/www.tgrthaber.com\/mavikadin\/wp-content\/uploads\/Banu-Alkan-4-768x432.jpg 768w, https:\/\/www.tgrthaber.com\/mavikadin\/wp-content\/uploads\/Banu-Alkan-4-1536x864.jpg 1536w, https:\/\/www.tgrthaber.com\/mavikadin\/wp-content\/uploads\/Banu-Alkan-4.jpg 1600w\" sizes=\"(max-width: 1208px) 100vw, 1208px\" \/><\/p>\n<hr \/>\n<p>Rebronja ailesi, T\u00fcrk vatanda\u015f\u0131 olarak \u201cAlkan\u201d soyad\u0131n\u0131 ald\u0131. H\u0131rvat\u00e7a\u2019da \u201cYaban G\u00fcl\u00fc\u201d anlam\u0131na gelen \u201cRemka\u201d, \u00f6nce Yaprak daha sonra Banu oldu. \u00d6nceki ad\u0131 Remka olan \u00fcnl\u00fc sanat\u00e7\u0131 Banu Alkan ismini ald\u0131. Alkan ailesi sonralarda \u0130stanbul\u2019a ta\u015f\u0131narak Kartal\u2019da ikamet etti. Alkan\u2019\u0131n \u00e7ocuklu\u011funun b\u00fcy\u00fck bir k\u0131sm\u0131 ise Kartal\u2019da ge\u00e7ti. Alkan, Kartal Maltepe Lisesi\u2019nde ba\u015flad\u0131\u011f\u0131 e\u011fitimini lise 2. s\u0131n\u0131fta b\u0131rakt\u0131.<\/p>\n<h3>BANU ALKAN KA\u00c7 YA\u015eINDA?<\/h3>\n<p>\u015eimdilerde 67 ya\u015f\u0131nda olan \u00fcnl\u00fc sanat\u00e7\u0131 Banu Alkan, 16 ya\u015f\u0131nda LCC kurslar\u0131na giderek mankenli\u011fe ba\u015flad\u0131. Alkan, daha sonra Vakko\u2019dan e\u011fitim ald\u0131. Aydan Adan-F\u00fcsun \u00d6zben Mankenlik Ajans\u0131\u2019n\u0131n kadrosuna girerek baz\u0131 reklam filmlerinde rol alan Alkan, 1976 y\u0131l\u0131nda \u201cSes Dergisi\u201dnin d\u00fczenledi\u011fi 8 Sinema Artisti Yar\u0131\u015fmas\u0131\u2019na kat\u0131ld\u0131.<\/p>\n<p><img loading=\"lazy\" decoding=\"async\" class=\"alignnone wp-image-124870\" src=\"https:\/\/www.tgrthaber.com\/mavikadin\/wp-content\/uploads\/Banu-Alkan-3-1024x576.jpg\" alt=\"Banu Alkan ka\u00e7 ya\u015f\u0131nda? Kiminle evli, \u00e7ocu\u011fu var m\u0131?\" width=\"1208\" height=\"680\" title=\"\" srcset=\"https:\/\/www.tgrthaber.com\/mavikadin\/wp-content\/uploads\/Banu-Alkan-3-1024x576.jpg 1024w, https:\/\/www.tgrthaber.com\/mavikadin\/wp-content\/uploads\/Banu-Alkan-3-300x169.jpg 300w, https:\/\/www.tgrthaber.com\/mavikadin\/wp-content\/uploads\/Banu-Alkan-3-768x432.jpg 768w, https:\/\/www.tgrthaber.com\/mavikadin\/wp-content\/uploads\/Banu-Alkan-3-1536x864.jpg 1536w, https:\/\/www.tgrthaber.com\/mavikadin\/wp-content\/uploads\/Banu-Alkan-3.jpg 1600w\" sizes=\"(max-width: 1208px) 100vw, 1208px\" \/><\/p>\n<hr \/>\n<p>\u00dcnl\u00fc sanat\u00e7\u0131 Banu Alkan, 17 ya\u015f\u0131ndayken evli ve zengin bir i\u015f adam\u0131 G\u00fcrb\u00fcz Hanif\u2019le birlikte olmaya ba\u015flad\u0131. Alkan\u2019\u0131n Hanif ile 20 y\u0131l s\u00fcren ili\u015fkisi, Hanif\u2019e kanser te\u015fhisi konmas\u0131ndan k\u0131sa bir s\u00fcre sonra Hanif\u2019in vefat\u0131yla sona erdi. Bu 20 y\u0131ll\u0131k s\u00fcre\u00e7te d\u00fcnyaevine girmeyen Alkan, olduk\u00e7a rahat bir ya\u015fam s\u00fcrm\u00fc\u015ft\u00fc. Alkan, mankenli\u011fin yan\u0131 s\u0131ra m\u00fczik ve oyunculuk alanlar\u0131nda da kendin g\u00f6sterdi ve ad\u0131ndan s\u00f6z ettirdi. 1989 y\u0131l\u0131nda \u00e7ekti\u011fi son filminden sonra uzun bir s\u00fcre ortalarda g\u00f6r\u00fcnmeyen Alkan, 1998 y\u0131l\u0131nda \u201cNeremi\u201d ad\u0131ndaki alb\u00fcm\u00fcyle b\u00fcy\u00fck ses getirdi ve g\u00fcndeme bomba gibi oturdu.<\/p>\n<p><img loading=\"lazy\" decoding=\"async\" class=\"alignnone wp-image-124871\" src=\"https:\/\/www.tgrthaber.com\/mavikadin\/wp-content\/uploads\/Banu-Alkan-1-1024x576.jpg\" alt=\"Banu Alkan ka\u00e7 ya\u015f\u0131nda? Kiminle evli, \u00e7ocu\u011fu var m\u0131?\" width=\"1208\" height=\"680\" title=\"\" srcset=\"https:\/\/www.tgrthaber.com\/mavikadin\/wp-content\/uploads\/Banu-Alkan-1-1024x576.jpg 1024w, https:\/\/www.tgrthaber.com\/mavikadin\/wp-content\/uploads\/Banu-Alkan-1-300x169.jpg 300w, https:\/\/www.tgrthaber.com\/mavikadin\/wp-content\/uploads\/Banu-Alkan-1-768x432.jpg 768w, https:\/\/www.tgrthaber.com\/mavikadin\/wp-content\/uploads\/Banu-Alkan-1-1536x864.jpg 1536w, https:\/\/www.tgrthaber.com\/mavikadin\/wp-content\/uploads\/Banu-Alkan-1.jpg 1600w\" sizes=\"(max-width: 1208px) 100vw, 1208px\" \/><\/p>\n<hr \/>\n<h3>BANU ALKAN K\u0130M\u0130NLE EVL\u0130?<\/h3>\n<p>\u00dcnl\u00fc sanat\u00e7\u0131 Banu Alkan\u2019\u0131n oyunculu\u011fu, \u015fark\u0131lar\u0131, sesi ve yorumu uzun s\u00fcre ele\u015ftirildi ve ilgi oda\u011f\u0131nda yer ald\u0131. Alkan, 2001 y\u0131l\u0131nda \u201cTuzu Kurular\u201d ve 2005 y\u0131l\u0131nda da \u201cK\u0131zma Birader\u201d isimli televizyon dizilerinde boy g\u00f6sterdi. 1975 y\u0131l\u0131nda LCC Mankenlik E\u011fitimi, 1985 y\u0131l\u0131nda Lady School Paris\u2019te \u00e7e\u015fitli e\u011fitimler ve \u00f6zel \u015fan dersleri ald\u0131.<\/p>\n<p><img loading=\"lazy\" decoding=\"async\" class=\"alignnone wp-image-124872\" src=\"https:\/\/www.tgrthaber.com\/mavikadin\/wp-content\/uploads\/Banu-Alkan-5-1024x576.jpg\" alt=\"Banu Alkan ka\u00e7 ya\u015f\u0131nda? Kiminle evli, \u00e7ocu\u011fu var m\u0131?\" width=\"1208\" height=\"680\" title=\"\" srcset=\"https:\/\/www.tgrthaber.com\/mavikadin\/wp-content\/uploads\/Banu-Alkan-5-1024x576.jpg 1024w, https:\/\/www.tgrthaber.com\/mavikadin\/wp-content\/uploads\/Banu-Alkan-5-300x169.jpg 300w, https:\/\/www.tgrthaber.com\/mavikadin\/wp-content\/uploads\/Banu-Alkan-5-768x432.jpg 768w, https:\/\/www.tgrthaber.com\/mavikadin\/wp-content\/uploads\/Banu-Alkan-5-1536x864.jpg 1536w, https:\/\/www.tgrthaber.com\/mavikadin\/wp-content\/uploads\/Banu-Alkan-5.jpg 1600w\" sizes=\"(max-width: 1208px) 100vw, 1208px\" \/><\/p>\n<hr \/>\n<p>Hayat\u0131n\u0131n a\u015fk\u0131yla ilk olarak 17 ya\u015f\u0131ndayken kar\u015f\u0131la\u015fan Banu Alkan, 20 y\u0131ll\u0131k ili\u015fkisini sevgilisi G\u00fcrb\u00fcz Hanif\u2019i kaybetmesiyle birlikte sonland\u0131rd\u0131. Alkan daha sonra 2000\u2019li y\u0131llar\u0131n ba\u015f\u0131nda i\u015f adam\u0131 Murat Ta\u015fdemir ile bir ili\u015fki ya\u015fad\u0131. 13 y\u0131l birliktelikleri devam eden \u00e7ift daha sonra ayr\u0131ld\u0131. Alkan, Ta\u015fdemir\u2019den ayr\u0131ld\u0131ktan sonra sahne \u00e7al\u0131\u015fmalar\u0131na devam ederek g\u00fcndemde kalmaya devam etti. Alkan, \u015fimdilerde ise b\u00fcy\u00fck a\u015fk\u0131 Kemal Y\u0131ld\u0131z ile d\u00fcnyaevine girdi. \u0130lk evlili\u011fini 66 ya\u015f\u0131nda 2024 y\u0131l\u0131nda ger\u00e7ekle\u015ftiren Alkan, Kemal Y\u0131ld\u0131z ile evlidir.<\/p>\n<h3>BANU ALKAN\u2019IN \u00c7OCU\u011eU VAR MI?<\/h3>\n<p>\u00dcnl\u00fc sanat\u00e7\u0131 Banu Alkan, 1974 y\u0131l\u0131ndan bu yana pop\u00fclerli\u011fini koruyor. Alkan\u2019\u0131n bir \u00e7ocu\u011funun olup olmad\u0131\u011f\u0131 da merak ediliyor. \u0130lk a\u015fk\u0131n\u0131 17 ya\u015flar\u0131nda bulan Alkan, sevdi\u011fi adam\u0131n vefat\u0131ndan sonra a\u015fk\u0131 42\u2019li ya\u015flar\u0131nda tekrar bulmu\u015f ve 13 y\u0131ll\u0131k uzun bir ili\u015fki i\u00e7erisine girmi\u015ftir. Alkan, Murat Ta\u015fdemir ile uzun s\u00fcren 13 y\u0131ll\u0131k ili\u015fkisini noktalad\u0131ktan sonra yeni a\u015fklara yelken a\u00e7m\u0131\u015ft\u0131r.<\/p>\n<p><img loading=\"lazy\" decoding=\"async\" class=\"alignnone wp-image-124873\" src=\"https:\/\/www.tgrthaber.com\/mavikadin\/wp-content\/uploads\/Banu-Alkan-7-1024x576.jpg\" alt=\"Banu Alkan ka\u00e7 ya\u015f\u0131nda? Kiminle evli, \u00e7ocu\u011fu var m\u0131?\" width=\"1208\" height=\"680\" title=\"\" srcset=\"https:\/\/www.tgrthaber.com\/mavikadin\/wp-content\/uploads\/Banu-Alkan-7-1024x576.jpg 1024w, https:\/\/www.tgrthaber.com\/mavikadin\/wp-content\/uploads\/Banu-Alkan-7-300x169.jpg 300w, https:\/\/www.tgrthaber.com\/mavikadin\/wp-content\/uploads\/Banu-Alkan-7-768x432.jpg 768w, https:\/\/www.tgrthaber.com\/mavikadin\/wp-content\/uploads\/Banu-Alkan-7-1536x864.jpg 1536w, https:\/\/www.tgrthaber.com\/mavikadin\/wp-content\/uploads\/Banu-Alkan-7.jpg 1600w\" sizes=\"(max-width: 1208px) 100vw, 1208px\" \/><\/p>\n<hr \/>\n<p>A\u015fk hayat\u0131 boyunca nikah masas\u0131na oturmayan Banu Alkan, ilk evlili\u011fini 2024 y\u0131l\u0131nda 66 ya\u015f\u0131nda Kemal Y\u0131ld\u0131z ile ger\u00e7ekle\u015ftirmi\u015ftir. \u015eimdilerde mutlu beraberliklerine devam eden Alkan, hi\u00e7 \u00e7ocuk sahibi olmam\u0131\u015ft\u0131r.<\/p>\n<h3>BANU ALKAN\u2019IN E\u015e\u0130 KEMAL YILDIZ K\u0130MD\u0130R?<\/h3>\n<p>\u015eimdilerde D\u00fcnya G\u00fczellerim Tatilde program\u0131yla ad\u0131n\u0131 s\u0131k s\u0131k duyuran Banu Alkan\u2019\u0131n programdaki bir diyalo\u011fu g\u00fcndeme bomba gibi oturmu\u015ftu. Alkan, \u201cBen yeni evlendim\u201d ifadelerini kullanm\u0131\u015f ve herkesi \u015fa\u015fk\u0131na \u00e7evirmi\u015fti. Daha sonra \u201cKemal Y\u0131ld\u0131z diyorum ba\u015fka bir \u015fey demiyorum.\u201d ifadelerine yer veren Alkan s\u00f6zleriyle dikkatleri \u00fczerine \u00e7ekmi\u015fti.<\/p>\n<p><img loading=\"lazy\" decoding=\"async\" class=\"alignnone wp-image-124874\" src=\"https:\/\/www.tgrthaber.com\/mavikadin\/wp-content\/uploads\/Banu-Alkan-2-1024x576.jpg\" alt=\"Banu Alkan ka\u00e7 ya\u015f\u0131nda? Kiminle evli, \u00e7ocu\u011fu var m\u0131?\" width=\"1208\" height=\"680\" title=\"\" srcset=\"https:\/\/www.tgrthaber.com\/mavikadin\/wp-content\/uploads\/Banu-Alkan-2-1024x576.jpg 1024w, https:\/\/www.tgrthaber.com\/mavikadin\/wp-content\/uploads\/Banu-Alkan-2-300x169.jpg 300w, https:\/\/www.tgrthaber.com\/mavikadin\/wp-content\/uploads\/Banu-Alkan-2-768x432.jpg 768w, https:\/\/www.tgrthaber.com\/mavikadin\/wp-content\/uploads\/Banu-Alkan-2-1536x864.jpg 1536w, https:\/\/www.tgrthaber.com\/mavikadin\/wp-content\/uploads\/Banu-Alkan-2.jpg 1600w\" sizes=\"(max-width: 1208px) 100vw, 1208px\" \/><\/p>\n<hr \/>\n<p>Banu Alkan\u2019\u0131n e\u015fi Kemal Y\u0131ld\u0131z\u2019\u0131n bir i\u015f insan\u0131 oldu\u011fu ve Hollanda\u2019da ya\u015fad\u0131\u011f\u0131 \u00f6\u011frenilmi\u015fti. Hen\u00fcz 45 ya\u015f\u0131nda olan Kemal Y\u0131ld\u0131z ile Banu Alkan aras\u0131ndaki ya\u015f fark\u0131 da \u00e7ok konu\u015fulmu\u015ftu.\u00a0 Banu Alkan ve Kemal Y\u0131ld\u0131z aras\u0131nda neredeyse 20 ya\u015f bulunuyor.<\/p>\n","protected":false},"excerpt":{"rendered":"<p>\u00dcnl\u00fc sanat\u00e7\u0131 Banu Alkan\u2019\u0131n \u00f6zel hayat\u0131 merak ediliyor. Peki, Banu Alkan kimdir, ka\u00e7 ya\u015f\u0131nda? Banu Alkan kiminle evli, \u00e7ocu\u011fu var m\u0131? \u0130\u015fte detaylar\u2026 <\/p>\n","protected":false},"author":26,"featured_media":124868,"comment_status":"closed","ping_status":"closed","sticky":false,"template":"","format":"standard","meta":{"rank_math_lock_modified_date":false,"footnotes":""},"categories":[491],"tags":[3698,8566],"class_list":["post-124865","post","type-post","status-publish","format-standard","has-post-thumbnail","hentry","category-biyografi","tag-banu-alkan","tag-dunya-guzellerim-tatilde"],"_links":{"self":[{"href":"https:\/\/www.tgrthaber.com\/mavikadin\/wp-json\/wp\/v2\/posts\/124865"}],"collection":[{"href":"https:\/\/www.tgrthaber.com\/mavikadin\/wp-json\/wp\/v2\/posts"}],"about":[{"href":"https:\/\/www.tgrthaber.com\/mavikadin\/wp-json\/wp\/v2\/types\/post"}],"author":[{"embeddable":true,"href":"https:\/\/www.tgrthaber.com\/mavikadin\/wp-json\/wp\/v2\/users\/26"}],"replies":[{"embeddable":true,"href":"https:\/\/www.tgrthaber.com\/mavikadin\/wp-json\/wp\/v2\/comments?post=124865"}],"version-history":[{"count":2,"href":"https:\/\/www.tgrthaber.com\/mavikadin\/wp-json\/wp\/v2\/posts\/124865\/revisions"}],"predecessor-version":[{"id":124877,"href":"https:\/\/www.tgrthaber.com\/mavikadin\/wp-json\/wp\/v2\/posts\/124865\/revisions\/124877"}],"wp:featuredmedia":[{"embeddable":true,"href":"https:\/\/www.tgrthaber.com\/mavikadin\/wp-json\/wp\/v2\/media\/124868"}],"wp:attachment":[{"href":"https:\/\/www.tgrthaber.com\/mavikadin\/wp-json\/wp\/v2\/media?parent=124865"}],"wp:term":[{"taxonomy":"category","embeddable":true,"href":"https:\/\/www.tgrthaber.com\/mavikadin\/wp-json\/wp\/v2\/categories?post=124865"},{"taxonomy":"post_tag","embeddable":true,"href":"https:\/\/www.tgrthaber.com\/mavikadin\/wp-json\/wp\/v2\/tags?post=124865"}],"curies":[{"name":"wp","href":"https:\/\/api.w.org\/{rel}","templated":true}]}}