{"id":124875,"date":"2025-01-23T11:49:16","date_gmt":"2025-01-23T08:49:16","guid":{"rendered":"https:\/\/www.tgrthaber.com\/mavikadin\/?p=124875"},"modified":"2025-01-23T14:46:59","modified_gmt":"2025-01-23T11:46:59","slug":"muge-anli-cileden-cikmisti-ufurukcu-gonul-bursada-gozaltina-alindi","status":"publish","type":"post","link":"https:\/\/www.tgrthaber.com\/mavikadin\/muge-anli-cileden-cikmisti-ufurukcu-gonul-bursada-gozaltina-alindi\/","title":{"rendered":"M\u00fcge Anl\u0131 \u00e7ileden \u00e7\u0131km\u0131\u015ft\u0131! \u00dcf\u00fcr\u00fck\u00e7\u00fc G\u00f6n\u00fcl tutukland\u0131"},"content":{"rendered":"<p>M\u00fcge Anl\u0131 d\u00fcnk\u00fc canl\u0131 yay\u0131nda \u00e7ileden \u00e7\u0131km\u0131\u015ft\u0131. Emine ve H\u00fclya karde\u015fler \u201cYanl\u0131\u015ftan d\u00f6nd\u00fck\u201d \u015feklinde konu\u015furken kendisini Mehdi\u2019nin askeri ilan eden \u00fcf\u00fcr\u00fck\u00e7\u00fc Derya G\u00f6n\u00fcl Ayd\u0131n \u00f6nce g\u00f6zalt\u0131na al\u0131nd\u0131 ve ifadesinin ard\u0131ndan da tutukland\u0131.<\/p>\n<h3>M\u00dcGE ANLI&#8217;DAK\u0130 \u00dcF\u00dcR\u00dcK\u00c7\u00dc KADIN TUTUKLANDI<\/h3>\n<p>M\u00fcge Anl\u0131&#8217;ya \u00f6l\u00fcm b\u00fcy\u00fcs\u00fc yapt\u0131\u011f\u0131n\u0131 ifade eden ve \u201cHeyecanlan\u0131n ak\u015fam daha \u00e7ok heyecanlanacaks\u0131n\u0131z!\u201d s\u00f6zleriyle Anl\u0131\u2019y\u0131 tehdit eden Derya G\u00f6n\u00fcl Ayd\u0131n tutukland\u0131.<\/p>\n<h3>M\u00dcGE ANLI \u00c7\u0130LEDEN \u00c7IKARMI\u015eTI!<\/h3>\n<p>Canl\u0131 yay\u0131nda s\u00f6yledi\u011fi sa\u00e7mal\u0131klar y\u00fcz\u00fcnden M\u00fcge Anl\u0131\u2019y\u0131 \u00e7ileden \u00e7\u0131karan \u00fcf\u00fcr\u00fck\u00e7\u00fc G\u00f6n\u00fcl g\u00f6zalt\u0131na al\u0131nm\u0131\u015ft\u0131.<\/p>\n<p>Almanya\u2019da \u00e7ocuklar\u0131n\u0131n hastal\u0131\u011f\u0131 y\u00fcz\u00fcnden Bursa\u2019da bulunan \u00fcf\u00fcr\u00fck\u00e7\u00fc Derya G\u00f6n\u00fcl Ayd\u0131n\u2019la bir araya gelen Emine ve H\u00fclya karde\u015fler \u00fcf\u00fcr\u00fck\u00e7\u00fc kad\u0131n\u0131n Bursa Nil\u00fcfer\u2019deki evine geldi.<\/p>\n<p><img loading=\"lazy\" decoding=\"async\" class=\"alignnone wp-image-124889\" src=\"https:\/\/www.tgrthaber.com\/mavikadin\/wp-content\/uploads\/Muge-4.webp\" alt=\"\" width=\"1208\" height=\"556\" title=\"\" srcset=\"https:\/\/www.tgrthaber.com\/mavikadin\/wp-content\/uploads\/Muge-4.webp 960w, https:\/\/www.tgrthaber.com\/mavikadin\/wp-content\/uploads\/Muge-4-300x138.webp 300w, https:\/\/www.tgrthaber.com\/mavikadin\/wp-content\/uploads\/Muge-4-768x354.webp 768w\" sizes=\"(max-width: 1208px) 100vw, 1208px\" \/><\/p>\n<hr \/>\n<h3>\u00dcF\u00dcR\u00dcK\u00c7\u00dc G\u00d6N\u00dcL\u2019\u00dcN \u0130DD\u0130ALARI \u015eOKE ETM\u0130\u015eT\u0130<\/h3>\n<p>Kendisinden haber al\u0131namayan Emine ve H\u00fclya Gayg\u0131s\u0131z karde\u015fleri e\u015fleri Emin ve Resul aram\u0131\u015f ancak bulamam\u0131\u015ft\u0131. M\u00fcge Anl\u0131\u2019ya \u00e7\u0131kan Emin ve Resul karde\u015fler \u00fcf\u00fcr\u00fck\u00e7\u00fc G\u00f6n\u00fcl\u2019\u00fcn iddialar\u0131 kar\u015f\u0131s\u0131nda \u015foke olmu\u015flard\u0131.<\/p>\n<p>M\u00fcge Anl\u0131 ve ekibinin yapt\u0131\u011f\u0131 \u00e7al\u0131\u015fmalar sonras\u0131 Emine ve H\u00fclya karde\u015flerin \u00fcf\u00fcr\u00fck\u00e7\u00fc Derya G\u00f6n\u00fcl\u2019\u00fcn yan\u0131nda oldu\u011fu \u00f6\u011frenildi. \u00c7ocuklar\u0131n\u0131 yanlar\u0131na alan k\u0131z karde\u015fler M\u00fcge Anl\u0131\u2019n\u0131n st\u00fcdyosuna gelerek yanl\u0131\u015ftan d\u00f6nd\u00fcklerini a\u00e7\u0131klad\u0131.<\/p>\n<p><img loading=\"lazy\" decoding=\"async\" class=\"alignnone wp-image-124891\" src=\"https:\/\/www.tgrthaber.com\/mavikadin\/wp-content\/uploads\/Muge-6.jpg\" alt=\"\" width=\"1208\" height=\"684\" title=\"\" srcset=\"https:\/\/www.tgrthaber.com\/mavikadin\/wp-content\/uploads\/Muge-6.jpg 821w, https:\/\/www.tgrthaber.com\/mavikadin\/wp-content\/uploads\/Muge-6-300x170.jpg 300w, https:\/\/www.tgrthaber.com\/mavikadin\/wp-content\/uploads\/Muge-6-768x435.jpg 768w\" sizes=\"(max-width: 1208px) 100vw, 1208px\" \/><\/p>\n<hr \/>\n<h3>\u201cH\u0130LAFET YAKINDIR, DEMEK K\u0130 BURADAN DUYURACAKTIM\u201d<\/h3>\n<p>Programa ba\u011flanan \u00fcf\u00fcr\u00fck\u00e7\u00fc Derya G\u00f6n\u00fcl Ayd\u0131n, &#8220;Mehdi geldi, Bursa\u2019da&#8221; ve &#8220;Hilafet yak\u0131nd\u0131r&#8221; gibi s\u00f6zlerini kulland\u0131. Konu\u015fmas\u0131na devam eden Ayd\u0131n, \u201cMehdi\u2019nin kim oldu\u011funu biliyorum. \u015eu anda saklan\u0131yor. Hilafet yak\u0131nd\u0131r, demek ki buradan duyuracakt\u0131m. Ben hastalar\u0131 tedavi ediyorum ama b\u00fcy\u00fc yapm\u0131yorum\u201d diye konu\u015ftu.<\/p>\n<p><img loading=\"lazy\" decoding=\"async\" class=\"alignnone wp-image-124892\" src=\"https:\/\/www.tgrthaber.com\/mavikadin\/wp-content\/uploads\/Muge-5.jpg\" alt=\"\" width=\"1208\" height=\"680\" title=\"\" srcset=\"https:\/\/www.tgrthaber.com\/mavikadin\/wp-content\/uploads\/Muge-5.jpg 1600w, https:\/\/www.tgrthaber.com\/mavikadin\/wp-content\/uploads\/Muge-5-300x169.jpg 300w, https:\/\/www.tgrthaber.com\/mavikadin\/wp-content\/uploads\/Muge-5-1024x576.jpg 1024w, https:\/\/www.tgrthaber.com\/mavikadin\/wp-content\/uploads\/Muge-5-768x432.jpg 768w, https:\/\/www.tgrthaber.com\/mavikadin\/wp-content\/uploads\/Muge-5-1536x864.jpg 1536w\" sizes=\"(max-width: 1208px) 100vw, 1208px\" \/><\/p>\n<hr \/>\n<h3>\u00dcF\u00dcR\u00dcK\u00c7\u00dc G\u00d6N\u00dcL \u0130FADE VERD\u0130<\/h3>\n<p>Konuyla ilgili olarak Bursa \u0130l Emniyet M\u00fcd\u00fcrl\u00fc\u011f\u00fc ekipleri harekete ge\u00e7ti. Polis ekipleri Nil\u00fcfer il\u00e7esindeki evinde g\u00f6zalt\u0131na al\u0131nan Derya G\u00f6n\u00fcl Ayd\u0131n\u2019\u0131 ifadesini almak \u00fczere emniyete g\u00f6t\u00fcrd\u00fc. \u00dcf\u00fcr\u00fck\u00e7\u00fc kad\u0131n ifadesinin ard\u0131ndan da tutukland\u0131.<\/p>\n","protected":false},"excerpt":{"rendered":"<p>M\u00fcge Anl\u0131 d\u00fcn \u00fcf\u00fcr\u00fck\u00e7\u00fc G\u00f6n\u00fcl&#8217;\u00fcn iddialar\u0131 kar\u015f\u0131s\u0131nda \u00e7ileden \u00e7\u0131km\u0131\u015ft\u0131. Almanya\u2019da kaybolan 2 k\u0131z karde\u015f Bursa\u2019da kendilerine yard\u0131m etti\u011fini s\u00f6yleyen \u00fcf\u00fcr\u00fck\u00e7\u00fc kad\u0131n\u0131n yan\u0131nda bulunmu\u015ftu. \u00dcf\u00fcr\u00fck\u00e7\u00fc G\u00f6n\u00fcl bug\u00fcn Bursa&#8217;da g\u00f6zalt\u0131na al\u0131nd\u0131. <\/p>\n","protected":false},"author":5,"featured_media":124898,"comment_status":"closed","ping_status":"closed","sticky":false,"template":"","format":"standard","meta":{"rank_math_lock_modified_date":false,"footnotes":""},"categories":[76],"tags":[2453,8871,8766],"class_list":["post-124875","post","type-post","status-publish","format-standard","has-post-thumbnail","hentry","category-magazin","tag-muge-anli","tag-muge-anli-bursa","tag-muge-anli-ufurukcu"],"_links":{"self":[{"href":"https:\/\/www.tgrthaber.com\/mavikadin\/wp-json\/wp\/v2\/posts\/124875"}],"collection":[{"href":"https:\/\/www.tgrthaber.com\/mavikadin\/wp-json\/wp\/v2\/posts"}],"about":[{"href":"https:\/\/www.tgrthaber.com\/mavikadin\/wp-json\/wp\/v2\/types\/post"}],"author":[{"embeddable":true,"href":"https:\/\/www.tgrthaber.com\/mavikadin\/wp-json\/wp\/v2\/users\/5"}],"replies":[{"embeddable":true,"href":"https:\/\/www.tgrthaber.com\/mavikadin\/wp-json\/wp\/v2\/comments?post=124875"}],"version-history":[{"count":3,"href":"https:\/\/www.tgrthaber.com\/mavikadin\/wp-json\/wp\/v2\/posts\/124875\/revisions"}],"predecessor-version":[{"id":124955,"href":"https:\/\/www.tgrthaber.com\/mavikadin\/wp-json\/wp\/v2\/posts\/124875\/revisions\/124955"}],"wp:featuredmedia":[{"embeddable":true,"href":"https:\/\/www.tgrthaber.com\/mavikadin\/wp-json\/wp\/v2\/media\/124898"}],"wp:attachment":[{"href":"https:\/\/www.tgrthaber.com\/mavikadin\/wp-json\/wp\/v2\/media?parent=124875"}],"wp:term":[{"taxonomy":"category","embeddable":true,"href":"https:\/\/www.tgrthaber.com\/mavikadin\/wp-json\/wp\/v2\/categories?post=124875"},{"taxonomy":"post_tag","embeddable":true,"href":"https:\/\/www.tgrthaber.com\/mavikadin\/wp-json\/wp\/v2\/tags?post=124875"}],"curies":[{"name":"wp","href":"https:\/\/api.w.org\/{rel}","templated":true}]}}