{"id":125030,"date":"2025-01-23T18:52:11","date_gmt":"2025-01-23T15:52:11","guid":{"rendered":"https:\/\/www.tgrthaber.com\/mavikadin\/?p=125030"},"modified":"2025-01-23T19:02:48","modified_gmt":"2025-01-23T16:02:48","slug":"alisan-kardesinin-emanetlerine-sahip-cikiyor-yegenleriyle-olan-paylasimina-begeni-yagdi","status":"publish","type":"post","link":"https:\/\/www.tgrthaber.com\/mavikadin\/alisan-kardesinin-emanetlerine-sahip-cikiyor-yegenleriyle-olan-paylasimina-begeni-yagdi\/","title":{"rendered":"Ali\u015fan karde\u015finin emanetlerine sahip \u00e7\u0131k\u0131yor! Ye\u011fenleriyle olan payla\u015f\u0131m\u0131na be\u011feni ya\u011fd\u0131!"},"content":{"rendered":"<p>\u00dcnl\u00fc \u015fark\u0131c\u0131 Ali\u015fan, koronavir\u00fcs nedeniyle kaybetti\u011fi karde\u015fi ve menajeri Sel\u00e7uk Tekta\u015f\u2019\u0131n ac\u0131s\u0131n\u0131 hala y\u00fcre\u011finde ta\u015f\u0131yor. Ya\u015fad\u0131\u011f\u0131 \u00fcz\u00fcnt\u00fcye ra\u011fmen ailesine sar\u0131larak ayakta kalmaya \u00e7al\u0131\u015fan Ali\u015fan, \u00f6zellikle ye\u011fenleri Ey\u015fan ve Ceylan\u2019a kol kanat germeye devam ediyor. Karde\u015finin emanetlerine her f\u0131rsatta destek olmaya \u00e7al\u0131\u015fan \u00fcnl\u00fc isim, sosyal medyada payla\u015ft\u0131\u011f\u0131 son foto\u011fraf\u0131yla g\u00fcndeme geldi. Ye\u011fenlerine sevgiyle sar\u0131ld\u0131\u011f\u0131 anlar\u0131 payla\u015fan Ali\u015fan, takip\u00e7ilerinden b\u00fcy\u00fck takdir toplad\u0131. Sosyal medya kullan\u0131c\u0131lar\u0131, Ali\u015fan\u2019\u0131n her zaman fedakar oldu\u011funa dair \u00f6vg\u00fcler ya\u011fd\u0131r\u0131rken, onun g\u00fc\u00e7l\u00fc ve koruyucu tavr\u0131n\u0131n herkese \u00f6rnek oldu\u011funu belirtti. Karde\u015finin yoklu\u011funu hissettirmemek i\u00e7in b\u00fcy\u00fck \u00e7aba sarf eden Ali\u015fan\u2019\u0131n payla\u015f\u0131m\u0131, k\u0131sa s\u00fcre i\u00e7erisinde be\u011feni ve yorum ya\u011fmuruna tutuldu.<\/p>\n<h3>AL\u0130\u015eAN YE\u011eENLER\u0130N\u0130 PAYLA\u015eTI, BE\u011eEN\u0130 YA\u011eDI<\/h3>\n<p class=\"p1\">\u00dcnl\u00fc \u015fark\u0131c\u0131 Ali\u015fan, 2021 y\u0131l\u0131nda koronavir\u00fcs nedeniyle kaybetti\u011fi karde\u015fi Sel\u00e7uk Tekta\u015f\u2019\u0131n emanetleri olan ye\u011fenleri Ey\u015fan ve Ceylan\u2019a olan d\u00fc\u015fk\u00fcnl\u00fc\u011f\u00fcyle herkese \u00f6rnek olmaya devam ediyor. Karde\u015finin vefat\u0131n\u0131n ard\u0131ndan b\u00fcy\u00fck bir sorumluluk \u00fcstlenen Ali\u015fan, ye\u011fenlerinin her an\u0131nda yan\u0131nda olmaya \u00e7al\u0131\u015f\u0131yor ve onlara adeta bir baba \u015fefkatiyle yakla\u015f\u0131yor. Sosyal medyada yapt\u0131\u011f\u0131 son payla\u015f\u0131mda, ye\u011fenleriyle birlikte mutlu anlar\u0131n\u0131 takip\u00e7ileriyle payla\u015fan \u00fcnl\u00fc isim, duygusal yorumlarla kar\u015f\u0131la\u015ft\u0131.<\/p>\n<p><img loading=\"lazy\" decoding=\"async\" class=\"alignnone wp-image-125031 \" src=\"https:\/\/www.tgrthaber.com\/mavikadin\/wp-content\/uploads\/Ekran-Resmi-2025-01-23-18.40.43.png\" alt=\"\" width=\"952\" height=\"895\" title=\"\" srcset=\"https:\/\/www.tgrthaber.com\/mavikadin\/wp-content\/uploads\/Ekran-Resmi-2025-01-23-18.40.43.png 598w, https:\/\/www.tgrthaber.com\/mavikadin\/wp-content\/uploads\/Ekran-Resmi-2025-01-23-18.40.43-300x282.png 300w\" sizes=\"(max-width: 952px) 100vw, 952px\" \/><\/p>\n<hr \/>\n<p class=\"p1\">Ali\u015fan\u2019\u0131n payla\u015f\u0131m\u0131 k\u0131sa s\u00fcrede b\u00fcy\u00fck ilgi g\u00f6rerek, hayranlar\u0131ndan binlerce be\u011feni ve yorum ald\u0131. Takip\u00e7ileri, \u201cAmca baba yar\u0131s\u0131d\u0131r, sen onlara \u00e7ok iyi bak\u0131yorsun\u201d, \u201cKarde\u015fin senin sayende huzur i\u00e7inde uyuyordur\u201d ve \u201cOnlara kol kanat gerdin, aslan gibisin Ali\u015fan\u201d gibi destekleyici yorumlarda bulundu. \u015eark\u0131c\u0131n\u0131n, ye\u011fenlerine olan ilgisi ve sevgisi sosyal medyada takdir toplarken, bir\u00e7ok ki\u015fi onun bu fedakarl\u0131\u011f\u0131n\u0131 \u00f6vg\u00fcyle kar\u015f\u0131lad\u0131. Sel\u00e7uk Tekta\u015f\u2019\u0131n vefat\u0131ndan sonra ailesine daha da s\u0131k\u0131 ba\u011flanan Ali\u015fan, hem kendi \u00e7ocuklar\u0131 hem de ye\u011fenleriyle g\u00fc\u00e7l\u00fc bir aile ba\u011f\u0131 kurmaya devam ediyor.<\/p>\n<p><img loading=\"lazy\" decoding=\"async\" class=\"alignnone wp-image-125038 size-full\" src=\"https:\/\/www.tgrthaber.com\/mavikadin\/wp-content\/uploads\/alisan-kardesiin-emnatine-sahip-cikiyor.png\" alt=\"\" width=\"1208\" height=\"720\" title=\"\" srcset=\"https:\/\/www.tgrthaber.com\/mavikadin\/wp-content\/uploads\/alisan-kardesiin-emnatine-sahip-cikiyor.png 1208w, https:\/\/www.tgrthaber.com\/mavikadin\/wp-content\/uploads\/alisan-kardesiin-emnatine-sahip-cikiyor-300x179.png 300w, https:\/\/www.tgrthaber.com\/mavikadin\/wp-content\/uploads\/alisan-kardesiin-emnatine-sahip-cikiyor-1024x610.png 1024w, https:\/\/www.tgrthaber.com\/mavikadin\/wp-content\/uploads\/alisan-kardesiin-emnatine-sahip-cikiyor-768x458.png 768w\" sizes=\"(max-width: 1208px) 100vw, 1208px\" \/><\/p>\n<hr \/>\n<h3>AL\u0130\u015eAN K\u0130MD\u0130R, KA\u00c7 YA\u015eINDA?<\/h3>\n<p class=\"p1\">M\u00fczik d\u00fcnyas\u0131na ad\u0131m atmadan \u00f6nce Serkan Burak Tekta\u015f ad\u0131yla bilinen Ali\u015fan, m\u00fczi\u011fe olan yetene\u011fini hen\u00fcz k\u00fc\u00e7\u00fck ya\u015flarda ke\u015ffetti. Daha iki ya\u015f\u0131ndayken \u0130brahim Tatl\u0131ses\u2019in \u201cSabuha\u201d ve \u0130zzet Alt\u0131nme\u015fe\u2019nin \u201cMaden Da\u011f\u0131\u201d t\u00fcrk\u00fclerini ezbere s\u00f6yleyerek ailesinin dikkatini \u00e7ekti. Okul y\u0131llar\u0131nda m\u00fczikle i\u00e7 i\u00e7e olan Ali\u015fan, \u00f6\u011fretmenleri taraf\u0131ndan s\u0131k s\u0131k t\u00fcrk\u00fc s\u00f6ylemesi i\u00e7in te\u015fvik edildi. Ancak onun en b\u00fcy\u00fck hayali pilot olmakt\u0131. \u00d6SS\u2019de yeterli puan\u0131 alamay\u0131nca, bu hayalini bir kenara b\u0131rakmak zorunda kald\u0131.<\/p>\n<p><img loading=\"lazy\" decoding=\"async\" class=\"alignnone wp-image-125036 size-full\" src=\"https:\/\/www.tgrthaber.com\/mavikadin\/wp-content\/uploads\/alisan-kardesinin-emanetine-sahip-cikiyor-.png\" alt=\"\" width=\"1208\" height=\"720\" title=\"\" srcset=\"https:\/\/www.tgrthaber.com\/mavikadin\/wp-content\/uploads\/alisan-kardesinin-emanetine-sahip-cikiyor-.png 1208w, https:\/\/www.tgrthaber.com\/mavikadin\/wp-content\/uploads\/alisan-kardesinin-emanetine-sahip-cikiyor--300x179.png 300w, https:\/\/www.tgrthaber.com\/mavikadin\/wp-content\/uploads\/alisan-kardesinin-emanetine-sahip-cikiyor--1024x610.png 1024w, https:\/\/www.tgrthaber.com\/mavikadin\/wp-content\/uploads\/alisan-kardesinin-emanetine-sahip-cikiyor--768x458.png 768w\" sizes=\"(max-width: 1208px) 100vw, 1208px\" \/><\/p>\n<hr \/>\n<p class=\"p1\">Lise birinci s\u0131n\u0131fta, babas\u0131n\u0131n deste\u011fiyle ilk kasetini haz\u0131rlayan Ali\u015fan, bu \u00e7al\u0131\u015fmay\u0131 profesyonel bir alb\u00fcm olarak g\u00f6rmese de m\u00fczik yolculu\u011funun \u00f6nemli bir ad\u0131m\u0131 oldu. M\u00fczi\u011fe olan yetene\u011fi k\u0131sa s\u00fcrede dikkat \u00e7ekti ve Prestij M\u00fczik\u2019in kurucu ortaklar\u0131ndan Hilmi Topalo\u011flu taraf\u0131ndan ke\u015ffedildi. Topalo\u011flu\u2019nun y\u00f6nlendirmesiyle, d\u00f6nemin pop\u00fcler sanat\u00e7\u0131lar\u0131ndan Mahsun K\u0131rm\u0131z\u0131g\u00fcl ve Burhan Aydemir\u2019in de deste\u011fiyle Ali\u015fan, m\u00fczik kariyerinde b\u00fcy\u00fck bir \u00e7\u0131k\u0131\u015f yakalad\u0131.<\/p>\n<p>&nbsp;<\/p>\n","protected":false},"excerpt":{"rendered":"<p>\u00dcnl\u00fc \u015fark\u0131c\u0131 Ali\u015fan, karde\u015fi Sel\u00e7uk Tekta\u015f\u2019\u0131n vefat\u0131ndan sonra ye\u011fenleri Ey\u015fan ve Ceylan\u2019a babal\u0131k yapmaya devam ediyor. Onlara her f\u0131rsatta destek olan Ali\u015fan\u2019\u0131n , son olarak sosyal medyada ye\u011fenleriyle payla\u015ft\u0131\u011f\u0131 foto\u011fraf\u0131na be\u011feni ya\u011fd\u0131. <\/p>\n","protected":false},"author":16,"featured_media":125034,"comment_status":"closed","ping_status":"closed","sticky":false,"template":"","format":"standard","meta":{"rank_math_lock_modified_date":false,"footnotes":""},"categories":[76],"tags":[147,8894,8895,8893],"class_list":["post-125030","post","type-post","status-publish","format-standard","has-post-thumbnail","hentry","category-magazin","tag-alisan","tag-alisan-eysan-ceylan-yegenleri","tag-alisan-selcuk-tektas","tag-alisan-yegenleri-paylasim"],"_links":{"self":[{"href":"https:\/\/www.tgrthaber.com\/mavikadin\/wp-json\/wp\/v2\/posts\/125030"}],"collection":[{"href":"https:\/\/www.tgrthaber.com\/mavikadin\/wp-json\/wp\/v2\/posts"}],"about":[{"href":"https:\/\/www.tgrthaber.com\/mavikadin\/wp-json\/wp\/v2\/types\/post"}],"author":[{"embeddable":true,"href":"https:\/\/www.tgrthaber.com\/mavikadin\/wp-json\/wp\/v2\/users\/16"}],"replies":[{"embeddable":true,"href":"https:\/\/www.tgrthaber.com\/mavikadin\/wp-json\/wp\/v2\/comments?post=125030"}],"version-history":[{"count":3,"href":"https:\/\/www.tgrthaber.com\/mavikadin\/wp-json\/wp\/v2\/posts\/125030\/revisions"}],"predecessor-version":[{"id":125039,"href":"https:\/\/www.tgrthaber.com\/mavikadin\/wp-json\/wp\/v2\/posts\/125030\/revisions\/125039"}],"wp:featuredmedia":[{"embeddable":true,"href":"https:\/\/www.tgrthaber.com\/mavikadin\/wp-json\/wp\/v2\/media\/125034"}],"wp:attachment":[{"href":"https:\/\/www.tgrthaber.com\/mavikadin\/wp-json\/wp\/v2\/media?parent=125030"}],"wp:term":[{"taxonomy":"category","embeddable":true,"href":"https:\/\/www.tgrthaber.com\/mavikadin\/wp-json\/wp\/v2\/categories?post=125030"},{"taxonomy":"post_tag","embeddable":true,"href":"https:\/\/www.tgrthaber.com\/mavikadin\/wp-json\/wp\/v2\/tags?post=125030"}],"curies":[{"name":"wp","href":"https:\/\/api.w.org\/{rel}","templated":true}]}}