{"id":125041,"date":"2025-01-23T19:40:08","date_gmt":"2025-01-23T16:40:08","guid":{"rendered":"https:\/\/www.tgrthaber.com\/mavikadin\/?p=125041"},"modified":"2025-01-23T19:40:08","modified_gmt":"2025-01-23T16:40:08","slug":"survivor-2025-aleyna-ve-meryem-kavgasi-bitmiyor-sesimden-vurmaya-calisiyor-deyip-ates-puskurdu","status":"publish","type":"post","link":"https:\/\/www.tgrthaber.com\/mavikadin\/survivor-2025-aleyna-ve-meryem-kavgasi-bitmiyor-sesimden-vurmaya-calisiyor-deyip-ates-puskurdu\/","title":{"rendered":"Survivor 2025 Aleyna ve Meryem kavgas\u0131 bitmiyor! \u2018Sesimden vurmaya \u00e7al\u0131\u015f\u0131yor&#8217; deyip ate\u015f p\u00fcsk\u00fcrd\u00fc"},"content":{"rendered":"<p class=\"p1\">Survivor 2025\u2019te Aleyna ve Meryem aras\u0131ndaki gerilim h\u0131z kesmeden devam ediyor. Yay\u0131nlanan son b\u00f6l\u00fcm fragman\u0131nda ikili aras\u0131ndaki sert tart\u0131\u015fmalar izleyicinin dikkatini \u00e7ekti. Meryem, Aleyna\u2019n\u0131n s\u00fcrekli kendisine sald\u0131rgan bir tav\u0131r sergiledi\u011fini belirterek, \u201cGeldi\u011fim ilk g\u00fcnden beri \u00fczerime geliyor, s\u00f6ylediklerinin nereye gitti\u011fini bilmiyor. Sesimden de vurmak istiyor ama sesim onu ilgilendirmiyor\u201d diyerek sitem etti. \u0130kilinin bitmek bilmeyen rekabeti adada tansiyonu y\u00fckseltmeye devam ediyor.<\/p>\n<h3>SURV\u0130VOR 2025 ALEYNA MERYEM KAVGASI B\u0130TM\u0130YOR<\/h3>\n<p class=\"p1\">Survivor 2025\u2019te heyecan giderek artarken, yar\u0131\u015fmac\u0131lar aras\u0131ndaki gerilim de t\u0131rmanmaya devam ediyor. Yay\u0131nlanan son b\u00f6l\u00fcm fragman\u0131nda, Meryem ve Asena aras\u0131ndaki tart\u0131\u015fman\u0131n h\u0131z kesmeden s\u00fcrd\u00fc\u011f\u00fc g\u00f6r\u00fcl\u00fcyor. Daha \u00f6nce dokunulmazl\u0131k oyununda kar\u015f\u0131 kar\u015f\u0131ya gelen ikili aras\u0131nda ba\u015flayan gerilim, ada hayat\u0131nda da etkisini s\u00fcrd\u00fcr\u00fcyor. Meryem\u2019in, Asena\u2019n\u0131n sesiyle dalga ge\u00e7ti\u011fini iddia etmesi ve \u201cS\u00fcrekli bana sald\u0131r\u0131 halinde, neden b\u00f6yle davrand\u0131\u011f\u0131n\u0131 anlam\u0131yorum\u201d s\u00f6zleri dikkat \u00e7ekti.<\/p>\n<div style=\"width: 640px;\" class=\"wp-video\"><!--[if lt IE 9]><script>document.createElement('video');<\/script><![endif]-->\n<video class=\"wp-video-shortcode\" id=\"video-125041-1\" width=\"640\" height=\"360\" preload=\"metadata\" controls=\"controls\"><source type=\"video\/mp4\" src=\"https:\/\/www.tgrthaber.com\/mavikadin\/wp-content\/uploads\/sur.mp4?_=1\" \/><a href=\"https:\/\/www.tgrthaber.com\/mavikadin\/wp-content\/uploads\/sur.mp4\">https:\/\/www.tgrthaber.com\/mavikadin\/wp-content\/uploads\/sur.mp4<\/a><\/video><\/div>\n<p class=\"p1\">Aleyna ise Meryem\u2019in tepkisine kar\u015f\u0131l\u0131k, \u201cBu kadar al\u0131nacak bir \u015fey yoktu, neden bu kadar b\u00fcy\u00fct\u00fcyor?\u201d diyerek kendisini savundu. Adada ya\u015fanan bu olay, yar\u0131\u015fmac\u0131lar aras\u0131nda grupla\u015fmalara yol a\u00e7arken, izleyiciler sosyal medyada taraflar\u0131n\u0131 belli etmeye ba\u015flad\u0131. Meryem\u2019in iddialar\u0131na Asena\u2019n\u0131n nas\u0131l bir yan\u0131t verece\u011fi ve aralar\u0131ndaki tart\u0131\u015fmalar\u0131n nas\u0131l sonu\u00e7lanaca\u011f\u0131 b\u00fcy\u00fck bir merak konusu haline geldi. Survivor\u2019\u0131n yeni b\u00f6l\u00fcm\u00fcnde bu tart\u0131\u015fman\u0131n daha da alevlenece\u011fi ve adada tansiyonun y\u00fckselmeye devam edece\u011fi tahmin ediliyor.<\/p>\n<p><img loading=\"lazy\" decoding=\"async\" class=\"alignnone wp-image-125043 size-full\" src=\"https:\/\/www.tgrthaber.com\/mavikadin\/wp-content\/uploads\/Ekran-Resmi-2025-01-23-19.30.01.png\" alt=\"\" width=\"970\" height=\"552\" title=\"\" srcset=\"https:\/\/www.tgrthaber.com\/mavikadin\/wp-content\/uploads\/Ekran-Resmi-2025-01-23-19.30.01.png 970w, https:\/\/www.tgrthaber.com\/mavikadin\/wp-content\/uploads\/Ekran-Resmi-2025-01-23-19.30.01-300x171.png 300w, https:\/\/www.tgrthaber.com\/mavikadin\/wp-content\/uploads\/Ekran-Resmi-2025-01-23-19.30.01-768x437.png 768w\" sizes=\"(max-width: 970px) 100vw, 970px\" \/><\/p>\n<hr \/>\n<h3>MERYEM KASAP K\u0130MD\u0130R, KA\u00c7 YA\u015eINDA?<\/h3>\n<p class=\"p1\">Karadeniz Teknik \u00dcniversitesi Beden E\u011fitimi ve Spor Y\u00fcksekokulu\u2019ndan mezun olan Meryem Kasap, \u00fcniversite y\u0131llar\u0131nda sergiledi\u011fi \u00fcst\u00fcn performansla ad\u0131ndan s\u00f6z ettirmeyi ba\u015fard\u0131. Gen\u00e7 ya\u015fta spora olan ilgisi ve azmi sayesinde T\u00fcrkiye \u015eampiyonu unvan\u0131n\u0131 elde eden Kasap, kariyerinde \u00f6nemli bir d\u00f6n\u00fcm noktas\u0131 ya\u015fad\u0131. Ba\u015far\u0131lar\u0131yla dikkat \u00e7eken sporcu, milli tak\u0131ma se\u00e7ilerek \u00fclkemizi uluslararas\u0131 arenada temsil etme f\u0131rsat\u0131 yakalad\u0131. Avrupa, Balkan ve Akdeniz \u015eampiyonalar\u0131\u2019nda ay-y\u0131ld\u0131zl\u0131 formayla yar\u0131\u015fan Kasap, burada g\u00f6sterdi\u011fi \u00fcst\u00fcn performansla bir\u00e7ok madalya kazand\u0131. Kat\u0131ld\u0131\u011f\u0131 her organizasyonda azmi ve kararl\u0131l\u0131\u011f\u0131yla g\u00f6z dolduran ba\u015far\u0131l\u0131 sporcu, T\u00fcrk atletizmine \u00f6nemli katk\u0131larda bulunmaya devam ediyor.<\/p>\n","protected":false},"excerpt":{"rendered":"<p>Survivor 2025\u2019te Aleyna ve Meryem aras\u0131ndaki gerginlik giderek t\u0131rman\u0131yor. Son b\u00f6l\u00fcm fragman\u0131nda sert s\u00f6zlerle kar\u015f\u0131 kar\u015f\u0131ya gelen ikili, tansiyonu iyice y\u00fckseltti. Meryem, Aleyna\u2019n\u0131n kendisine kar\u015f\u0131 s\u00fcrekli bir sald\u0131r\u0131 halinde oldu\u011funu belirterek, \u201cGeldi\u011fim ilk g\u00fcnden beri \u00fczerime geliyor. Sesimden vurmaya \u00e7al\u0131\u015f\u0131yor ki bu seni hi\u00e7 ilgilendirmiyor\u2019\u2019 diyerek tepki g\u00f6sterdi. <\/p>\n","protected":false},"author":16,"featured_media":125044,"comment_status":"closed","ping_status":"closed","sticky":false,"template":"","format":"standard","meta":{"rank_math_lock_modified_date":false,"footnotes":""},"categories":[101],"tags":[8897,8896],"class_list":["post-125041","post","type-post","status-publish","format-standard","has-post-thumbnail","hentry","category-kesfet","tag-survivor-2025-meryem-aleyna","tag-survivor-2025-meryem-aleyna-kavgasi"],"_links":{"self":[{"href":"https:\/\/www.tgrthaber.com\/mavikadin\/wp-json\/wp\/v2\/posts\/125041"}],"collection":[{"href":"https:\/\/www.tgrthaber.com\/mavikadin\/wp-json\/wp\/v2\/posts"}],"about":[{"href":"https:\/\/www.tgrthaber.com\/mavikadin\/wp-json\/wp\/v2\/types\/post"}],"author":[{"embeddable":true,"href":"https:\/\/www.tgrthaber.com\/mavikadin\/wp-json\/wp\/v2\/users\/16"}],"replies":[{"embeddable":true,"href":"https:\/\/www.tgrthaber.com\/mavikadin\/wp-json\/wp\/v2\/comments?post=125041"}],"version-history":[{"count":1,"href":"https:\/\/www.tgrthaber.com\/mavikadin\/wp-json\/wp\/v2\/posts\/125041\/revisions"}],"predecessor-version":[{"id":125045,"href":"https:\/\/www.tgrthaber.com\/mavikadin\/wp-json\/wp\/v2\/posts\/125041\/revisions\/125045"}],"wp:featuredmedia":[{"embeddable":true,"href":"https:\/\/www.tgrthaber.com\/mavikadin\/wp-json\/wp\/v2\/media\/125044"}],"wp:attachment":[{"href":"https:\/\/www.tgrthaber.com\/mavikadin\/wp-json\/wp\/v2\/media?parent=125041"}],"wp:term":[{"taxonomy":"category","embeddable":true,"href":"https:\/\/www.tgrthaber.com\/mavikadin\/wp-json\/wp\/v2\/categories?post=125041"},{"taxonomy":"post_tag","embeddable":true,"href":"https:\/\/www.tgrthaber.com\/mavikadin\/wp-json\/wp\/v2\/tags?post=125041"}],"curies":[{"name":"wp","href":"https:\/\/api.w.org\/{rel}","templated":true}]}}