{"id":125046,"date":"2025-01-23T20:03:17","date_gmt":"2025-01-23T17:03:17","guid":{"rendered":"https:\/\/www.tgrthaber.com\/mavikadin\/?p=125046"},"modified":"2025-01-23T20:10:09","modified_gmt":"2025-01-23T17:10:09","slug":"survivor-sampiyonu-cemal-can-canseven-askerlik-yerini-acikladi-bana-ulasin-mesaji-gundemde","status":"publish","type":"post","link":"https:\/\/www.tgrthaber.com\/mavikadin\/survivor-sampiyonu-cemal-can-canseven-askerlik-yerini-acikladi-bana-ulasin-mesaji-gundemde\/","title":{"rendered":"Survivor \u015fampiyonu Cemal Can Canseven askerlik yerini a\u00e7\u0131klad\u0131! &#8216;Bana ula\u015f\u0131n&#8217; mesaj\u0131 g\u00fcndemde!"},"content":{"rendered":"<p class=\"p1\">Survivor \u015fampiyonu Cemal Can Canseven, uzun s\u00fcredir merakla beklenen askerlik yerini sonunda \u00f6\u011frendi. \u00dcnl\u00fc isim, sosyal medya hesab\u0131ndan yapt\u0131\u011f\u0131 payla\u015f\u0131mla hayranlar\u0131n\u0131 heyecanland\u0131r\u0131rken, askerlik g\u00f6revini nerede yapaca\u011f\u0131n\u0131 duyurdu. Cemal Can\u2019\u0131n \u201cBana ula\u015f\u0131n\u201d mesaj\u0131 ise k\u0131sa s\u00fcrede sosyal medyan\u0131n g\u00fcndemine oturdu. E\u011flenceli ve samimi ki\u015fili\u011fiyle geni\u015f bir hayran kitlesine sahip olan Canseven\u2019in bu payla\u015f\u0131m\u0131, takip\u00e7ileri taraf\u0131ndan yo\u011fun ilgi g\u00f6rd\u00fc. Hayranlar\u0131, \u00fcnl\u00fc ismin askerlik s\u00fcrecinde nas\u0131l bir deneyim ya\u015fayaca\u011f\u0131n\u0131 merakla beklerken, Cemal Can\u2019\u0131n askerlik heyecan\u0131 sosyal medyada geni\u015f yank\u0131 uyand\u0131rd\u0131.<\/p>\n<h3>SURV\u0130VOR \u015eAMP\u0130YONU CEMAL CAN CANSEVEN ASKERL\u0130K YER\u0130N\u0130 A\u00c7IKLADI<\/h3>\n<p class=\"p1\">Milli Savunma Bakanl\u0131\u011f\u0131 taraf\u0131ndan a\u00e7\u0131klanan bedelli askerlik yerleri, pek \u00e7ok ki\u015fi gibi \u00fcnl\u00fc isimleri de yak\u0131ndan ilgilendirdi. Survivor 2020 \u015fampiyonu Cemal Can Canseven, askerlik yerinin belli olmas\u0131yla birlikte sosyal medya hesab\u0131ndan yapt\u0131\u011f\u0131 payla\u015f\u0131mla takip\u00e7ilerine bu haberi duyurdu. 29 ya\u015f\u0131ndaki sevilen fenomen, haziran ay\u0131nda askere gidece\u011fini ve g\u00f6rev yerinin Manisa\/Ala\u015fehir oldu\u011funu a\u00e7\u0131klad\u0131.<\/p>\n<p><img loading=\"lazy\" decoding=\"async\" class=\"alignnone wp-image-125047 size-large\" src=\"https:\/\/www.tgrthaber.com\/mavikadin\/wp-content\/uploads\/Ekran-Resmi-2025-01-23-19.56.35-1024x689.png\" alt=\"\" width=\"1024\" height=\"689\" title=\"\" srcset=\"https:\/\/www.tgrthaber.com\/mavikadin\/wp-content\/uploads\/Ekran-Resmi-2025-01-23-19.56.35-1024x689.png 1024w, https:\/\/www.tgrthaber.com\/mavikadin\/wp-content\/uploads\/Ekran-Resmi-2025-01-23-19.56.35-300x202.png 300w, https:\/\/www.tgrthaber.com\/mavikadin\/wp-content\/uploads\/Ekran-Resmi-2025-01-23-19.56.35-768x517.png 768w, https:\/\/www.tgrthaber.com\/mavikadin\/wp-content\/uploads\/Ekran-Resmi-2025-01-23-19.56.35.png 1314w\" sizes=\"(max-width: 1024px) 100vw, 1024px\" \/><\/p>\n<hr \/>\n<p class=\"p1\">Cemal Can, payla\u015f\u0131m\u0131nda \u201cDevre arkada\u015flar\u0131m\u0131 bulmam laz\u0131m, bana ula\u015f\u0131n.\u201d notunu d\u00fc\u015ferek yeni arkada\u015fl\u0131klar kurmaya haz\u0131r oldu\u011funu esprili bir dille ifade etti. Do\u011fal ve samimi tav\u0131rlar\u0131yla tan\u0131nan Canseven\u2019in bu payla\u015f\u0131m\u0131, sosyal medyada k\u0131sa s\u00fcrede g\u00fcndem olurken, hayranlar\u0131ndan y\u00fczlerce destek mesaj\u0131 ald\u0131. Takip\u00e7ileri, \u00fcnl\u00fc isme \u201c\u015eimdiden hay\u0131rl\u0131 tezkereler\u201d dile\u011finde bulunurken, Cemal Can\u2019\u0131n askerlik s\u00fcrecinde nas\u0131l deneyimler ya\u015fayaca\u011f\u0131 ise merak konusu oldu.<\/p>\n<p><img loading=\"lazy\" decoding=\"async\" class=\"alignnone wp-image-125049 \" src=\"https:\/\/www.tgrthaber.com\/mavikadin\/wp-content\/uploads\/Ekran-Resmi-2025-01-23-19.57.22-851x1024.png\" alt=\"\" width=\"946\" height=\"1138\" title=\"\" srcset=\"https:\/\/www.tgrthaber.com\/mavikadin\/wp-content\/uploads\/Ekran-Resmi-2025-01-23-19.57.22-851x1024.png 851w, https:\/\/www.tgrthaber.com\/mavikadin\/wp-content\/uploads\/Ekran-Resmi-2025-01-23-19.57.22-249x300.png 249w, https:\/\/www.tgrthaber.com\/mavikadin\/wp-content\/uploads\/Ekran-Resmi-2025-01-23-19.57.22-768x924.png 768w, https:\/\/www.tgrthaber.com\/mavikadin\/wp-content\/uploads\/Ekran-Resmi-2025-01-23-19.57.22-1277x1536.png 1277w, https:\/\/www.tgrthaber.com\/mavikadin\/wp-content\/uploads\/Ekran-Resmi-2025-01-23-19.57.22.png 1348w\" sizes=\"(max-width: 946px) 100vw, 946px\" \/><\/p>\n<hr \/>\n<h3>CEMAL CAN CANSEVEN K\u0130MD\u0130R, KA\u00c7 YA\u015eINDA?<\/h3>\n<p class=\"p1\">Cemal Can Canseven, 25 May\u0131s 1995\u2019te \u0130zmir\u2019de d\u00fcnyaya geldi. Annesi Rizeli, babas\u0131 ise Selanik g\u00f6\u00e7meni olan Canseven, e\u011fitim hayat\u0131na \u0130zmir\u2019de ba\u015flad\u0131 ve lise e\u011fitimini burada tamamlad\u0131ktan sonra \u0130stanbul\u2019a yerle\u015fti. Yeditepe \u00dcniversitesi Reklam Tasar\u0131m\u0131 ve \u0130leti\u015fim b\u00f6l\u00fcm\u00fcne giri\u015f yaparak akademik kariyerine burada devam etti. Ancak, m\u00fczi\u011fe olan ilgisi a\u011f\u0131r bas\u0131nca okulunu dondurma karar\u0131 alarak DJ\u2019lik alan\u0131na y\u00f6neldi.<\/p>\n<p class=\"p1\">Cemal Can, DJ\u2019lik e\u011fitimini \u0130stanbul DJ Academy\u2019de tamamlad\u0131ktan sonra bir\u00e7ok \u00f6nemli etkinlikte sahne alarak kendini bu alanda kan\u0131tlad\u0131. 2019 y\u0131l\u0131nda Holifest \u0130zmir\u2019de performans sergileyerek geni\u015f kitlelere hitap etti ve b\u00fcy\u00fck be\u011feni toplad\u0131. Enerjisi ve sahne performans\u0131yla dikkat \u00e7eken Cemal Can Canseven, sosyal medyada da k\u0131sa s\u00fcrede b\u00fcy\u00fck bir hayran kitlesine ula\u015ft\u0131.<\/p>\n<p><img loading=\"lazy\" decoding=\"async\" class=\"alignnone wp-image-125050 size-full\" src=\"https:\/\/www.tgrthaber.com\/mavikadin\/wp-content\/uploads\/Ekran-Resmi-2025-01-23-19.58.42.png\" alt=\"\" width=\"968\" height=\"528\" title=\"\" srcset=\"https:\/\/www.tgrthaber.com\/mavikadin\/wp-content\/uploads\/Ekran-Resmi-2025-01-23-19.58.42.png 968w, https:\/\/www.tgrthaber.com\/mavikadin\/wp-content\/uploads\/Ekran-Resmi-2025-01-23-19.58.42-300x164.png 300w, https:\/\/www.tgrthaber.com\/mavikadin\/wp-content\/uploads\/Ekran-Resmi-2025-01-23-19.58.42-768x419.png 768w\" sizes=\"(max-width: 968px) 100vw, 968px\" \/><\/p>\n<hr \/>\n<p class=\"p1\">M\u00fczi\u011fin yan\u0131 s\u0131ra spora da b\u00fcy\u00fck bir tutku duyan Canseven, ko\u015fu ve y\u00fczme gibi aktiviteleri ya\u015fam\u0131n\u0131n bir par\u00e7as\u0131 haline getirdi. 1.86 cm boyunda ve 82 kilo olan Cemal Can, sporcu kimli\u011fiyle de dikkat \u00e7ekiyor. \u0130kizler burcu olan ve ye\u015fil g\u00f6zleriyle hayranlar\u0131n\u0131n ilgisini \u00e7eken Canseven, Survivor yar\u0131\u015fmas\u0131yla ad\u0131n\u0131 geni\u015f kitlelere duyurmay\u0131 ba\u015fard\u0131 ve yar\u0131\u015fmadaki performans\u0131yla b\u00fcy\u00fck be\u011feni toplad\u0131.<\/p>\n<p>&nbsp;<\/p>\n","protected":false},"excerpt":{"rendered":"<p>Survivor 2020 \u015fampiyonu Cemal Can Canseven, askerlik g\u00f6rev yerinin belli oldu\u011funu duyurdu. \u00dcnl\u00fc isim, Manisa\/Ala\u015fehir\u2019de askerlik yapaca\u011f\u0131n\u0131 sosyal medya hesab\u0131ndan payla\u015f\u0131rken, \u201cBana ula\u015f\u0131n\u201d notuyla takip\u00e7ilerine seslendi. Samimi payla\u015f\u0131m\u0131 k\u0131sa s\u00fcrede b\u00fcy\u00fck ilgi g\u00f6rd\u00fc ve sosyal medyada g\u00fcndem oldu.<\/p>\n","protected":false},"author":16,"featured_media":125055,"comment_status":"closed","ping_status":"closed","sticky":false,"template":"","format":"standard","meta":{"rank_math_lock_modified_date":false,"footnotes":""},"categories":[76],"tags":[8898,8900,8899],"class_list":["post-125046","post","type-post","status-publish","format-standard","has-post-thumbnail","hentry","category-magazin","tag-cemal-can-canseven-askerlik","tag-cemal-can-canseven-askerlik-yeri","tag-cemal-can-canseven-bedelli-askerlik-yeri"],"_links":{"self":[{"href":"https:\/\/www.tgrthaber.com\/mavikadin\/wp-json\/wp\/v2\/posts\/125046"}],"collection":[{"href":"https:\/\/www.tgrthaber.com\/mavikadin\/wp-json\/wp\/v2\/posts"}],"about":[{"href":"https:\/\/www.tgrthaber.com\/mavikadin\/wp-json\/wp\/v2\/types\/post"}],"author":[{"embeddable":true,"href":"https:\/\/www.tgrthaber.com\/mavikadin\/wp-json\/wp\/v2\/users\/16"}],"replies":[{"embeddable":true,"href":"https:\/\/www.tgrthaber.com\/mavikadin\/wp-json\/wp\/v2\/comments?post=125046"}],"version-history":[{"count":2,"href":"https:\/\/www.tgrthaber.com\/mavikadin\/wp-json\/wp\/v2\/posts\/125046\/revisions"}],"predecessor-version":[{"id":125060,"href":"https:\/\/www.tgrthaber.com\/mavikadin\/wp-json\/wp\/v2\/posts\/125046\/revisions\/125060"}],"wp:featuredmedia":[{"embeddable":true,"href":"https:\/\/www.tgrthaber.com\/mavikadin\/wp-json\/wp\/v2\/media\/125055"}],"wp:attachment":[{"href":"https:\/\/www.tgrthaber.com\/mavikadin\/wp-json\/wp\/v2\/media?parent=125046"}],"wp:term":[{"taxonomy":"category","embeddable":true,"href":"https:\/\/www.tgrthaber.com\/mavikadin\/wp-json\/wp\/v2\/categories?post=125046"},{"taxonomy":"post_tag","embeddable":true,"href":"https:\/\/www.tgrthaber.com\/mavikadin\/wp-json\/wp\/v2\/tags?post=125046"}],"curies":[{"name":"wp","href":"https:\/\/api.w.org\/{rel}","templated":true}]}}