{"id":125071,"date":"2025-01-23T21:11:29","date_gmt":"2025-01-23T18:11:29","guid":{"rendered":"https:\/\/www.tgrthaber.com\/mavikadin\/?p=125071"},"modified":"2025-01-23T21:11:29","modified_gmt":"2025-01-23T18:11:29","slug":"survivor-2025-meryem-kasapin-estetiksiz-hali-sosyal-medyanin-diline-dustu-gorenler-o-olamaz-diyor","status":"publish","type":"post","link":"https:\/\/www.tgrthaber.com\/mavikadin\/survivor-2025-meryem-kasapin-estetiksiz-hali-sosyal-medyanin-diline-dustu-gorenler-o-olamaz-diyor\/","title":{"rendered":"Survivor 2025 Meryem Kasap&#8217;\u0131n estetiksiz hali sosyal medyan\u0131n diline d\u00fc\u015ft\u00fc! &#8216;G\u00f6renler o olamaz&#8217; diyor!"},"content":{"rendered":"<p class=\"p1\">Survivor 2025 All Star\u2019\u0131n dikkat \u00e7eken isimlerinden Meryem Kasap, yar\u0131\u015fmadaki performans\u0131yla oldu\u011fu kadar estetik \u00f6ncesi halleriyle de sosyal medyan\u0131n g\u00fcndemine oturdu. 2020 y\u0131l\u0131nda yar\u0131\u015fmaya kat\u0131lan ve sakatl\u0131\u011f\u0131 nedeniyle diskalifiye olan Meryem, \u201cYar\u0131m kalan hesab\u0131m\u0131 kapatmaya geldim\u201d diyerek Survivor\u2019a geri d\u00f6nd\u00fc. Ancak son g\u00fcnlerde yar\u0131\u015fmadaki ba\u015far\u0131s\u0131ndan \u00e7ok, estetik yapt\u0131rmadan \u00f6nceki g\u00f6r\u00fcnt\u00fcleriyle konu\u015fuluyor. Sosyal medyada payla\u015f\u0131lan eski foto\u011fraflar\u0131, takip\u00e7ileri aras\u0131nda b\u00fcy\u00fck yank\u0131 uyand\u0131rd\u0131. De\u011fi\u015fimiyle dikkatleri \u00fczerine \u00e7eken Meryem\u2019in eski halleri hakk\u0131nda binlerce yorum yap\u0131ld\u0131 ve foto\u011fraflar\u0131 k\u0131sa s\u00fcrede viral hale geldi.<\/p>\n<h3>SURV\u0130VOR 2025 MERYEM KASAP&#8217;IN ESTET\u0130KS\u0130Z HAL\u0130 SOSYAL MEDYANIN D\u0130L\u0130NDE<\/h3>\n<p class=\"p1\">Survivor 2025 \u00dcnl\u00fcler Tak\u0131m\u0131\u2019nda yer alan Meryem Kasap, yar\u0131\u015fmadaki performans\u0131yla oldu\u011fu kadar estetik de\u011fi\u015fimiyle de g\u00fcndemden d\u00fc\u015fm\u00fcyor. 2020 y\u0131l\u0131nda ya\u015fad\u0131\u011f\u0131 talihsiz sakatl\u0131k nedeniyle adaya veda etmek zorunda kalan milli atlet, bu sezon \u201cYar\u0131m kalan hesab\u0131m\u0131 kapatmaya geldim\u201d diyerek g\u00fc\u00e7l\u00fc bir d\u00f6n\u00fc\u015f yapt\u0131.<\/p>\n<p><img loading=\"lazy\" decoding=\"async\" class=\"alignnone wp-image-125078 size-large\" src=\"https:\/\/www.tgrthaber.com\/mavikadin\/wp-content\/uploads\/Ekran-Resmi-2025-01-23-20.57.01-1024x615.png\" alt=\"\" width=\"1024\" height=\"615\" title=\"\" srcset=\"https:\/\/www.tgrthaber.com\/mavikadin\/wp-content\/uploads\/Ekran-Resmi-2025-01-23-20.57.01-1024x615.png 1024w, https:\/\/www.tgrthaber.com\/mavikadin\/wp-content\/uploads\/Ekran-Resmi-2025-01-23-20.57.01-300x180.png 300w, https:\/\/www.tgrthaber.com\/mavikadin\/wp-content\/uploads\/Ekran-Resmi-2025-01-23-20.57.01-768x461.png 768w, https:\/\/www.tgrthaber.com\/mavikadin\/wp-content\/uploads\/Ekran-Resmi-2025-01-23-20.57.01.png 1192w\" sizes=\"(max-width: 1024px) 100vw, 1024px\" \/><\/p>\n<hr \/>\n<p class=\"p1\">Ancak bu d\u00f6n\u00fc\u015f sadece parkur performans\u0131yla s\u0131n\u0131rl\u0131 kalmad\u0131. Snob Magazin\u2019in haberine g\u00f6re, Kasap\u2019\u0131n y\u00fcz\u00fcndeki de\u011fi\u015fim sosyal medyada geni\u015f yank\u0131 uyand\u0131rd\u0131. \u00d6zellikle burun esteti\u011fi yapt\u0131rd\u0131\u011f\u0131 iddialar\u0131, hayranlar\u0131n\u0131 ikiye b\u00f6ld\u00fc.<\/p>\n<p><img loading=\"lazy\" decoding=\"async\" class=\"alignnone wp-image-125079 size-large\" src=\"https:\/\/www.tgrthaber.com\/mavikadin\/wp-content\/uploads\/Ekran-Resmi-2025-01-23-20.56.54-1024x847.png\" alt=\"\" width=\"1024\" height=\"847\" title=\"\" srcset=\"https:\/\/www.tgrthaber.com\/mavikadin\/wp-content\/uploads\/Ekran-Resmi-2025-01-23-20.56.54-1024x847.png 1024w, https:\/\/www.tgrthaber.com\/mavikadin\/wp-content\/uploads\/Ekran-Resmi-2025-01-23-20.56.54-300x248.png 300w, https:\/\/www.tgrthaber.com\/mavikadin\/wp-content\/uploads\/Ekran-Resmi-2025-01-23-20.56.54-768x635.png 768w, https:\/\/www.tgrthaber.com\/mavikadin\/wp-content\/uploads\/Ekran-Resmi-2025-01-23-20.56.54.png 1294w\" sizes=\"(max-width: 1024px) 100vw, 1024px\" \/><\/p>\n<hr \/>\n<p class=\"p1\">Sosyal medya kullan\u0131c\u0131lar\u0131, eski ve yeni hallerini k\u0131yaslayarak \u201cBu Meryem olamaz!\u201d yorumlar\u0131n\u0131 yaparken, baz\u0131 takip\u00e7ileri ise yeni g\u00f6r\u00fcnt\u00fcs\u00fcn\u00fcn \u00e7ok daha g\u00fczel oldu\u011funu savundu. Kasap, yar\u0131\u015fma boyunca g\u00f6sterdi\u011fi azimli performans\u0131yla hayranlar\u0131n\u0131 etkilemeye devam ederken, estetik iddialar\u0131 hakk\u0131nda yap\u0131lan yorumlar dikkat \u00e7ekti.<\/p>\n<h3>MERYEM KASAP K\u0130MD\u0130R, KA\u00c7 YA\u015eINDA?<\/h3>\n<p class=\"p2\">Meryem Kasap, 1 May\u0131s 1992\u2019de Trabzon\u2019da d\u00fcnyaya geldi. \u00c7ocukluk y\u0131llar\u0131n\u0131 Trabzon\u2019da ge\u00e7iren Kasap, k\u00fc\u00e7\u00fck ya\u015flardan itibaren spora ve sanata ilgi duydu. \u0130lkokul y\u0131llar\u0131nda tiyatroya merak saran Kasap, lise d\u00f6nemine geldi\u011finde tak\u0131m sporlar\u0131na y\u00f6nelerek hentbol oynamaya ba\u015flad\u0131. Ancak, bireysel sporlara olan ilgisi ve kendini daha iyi ifade edebilme arzusu, onu atletizmle tan\u0131\u015ft\u0131rd\u0131.<\/p>\n<p><img loading=\"lazy\" decoding=\"async\" class=\"alignnone wp-image-125082 size-full\" src=\"https:\/\/www.tgrthaber.com\/mavikadin\/wp-content\/uploads\/Ekran-Resmi-2025-01-23-21.02.03.png\" alt=\"\" width=\"986\" height=\"540\" title=\"\" srcset=\"https:\/\/www.tgrthaber.com\/mavikadin\/wp-content\/uploads\/Ekran-Resmi-2025-01-23-21.02.03.png 986w, https:\/\/www.tgrthaber.com\/mavikadin\/wp-content\/uploads\/Ekran-Resmi-2025-01-23-21.02.03-300x164.png 300w, https:\/\/www.tgrthaber.com\/mavikadin\/wp-content\/uploads\/Ekran-Resmi-2025-01-23-21.02.03-768x421.png 768w\" sizes=\"(max-width: 986px) 100vw, 986px\" \/><\/p>\n<hr \/>\n<p class=\"p2\">Spor kariyerine y\u00fcksek atlama bran\u015f\u0131yla ba\u015flayan Meryem Kasap, zamanla s\u00fcrat ve dayan\u0131kl\u0131l\u0131\u011fa olan yatk\u0131nl\u0131\u011f\u0131n\u0131 ke\u015ffederek 400 metre bran\u015f\u0131na y\u00f6neldi. Karadeniz Teknik \u00dcniversitesi Beden E\u011fitimi ve Spor Y\u00fcksekokulu\u2019ndan mezun olan Kasap, \u00fcniversite y\u0131llar\u0131nda g\u00f6sterdi\u011fi \u00fcst\u00fcn performansla T\u00fcrkiye \u015eampiyonu unvan\u0131n\u0131 kazand\u0131. Bu ba\u015far\u0131s\u0131, milli tak\u0131m se\u00e7melerinde dikkat \u00e7ekmesini sa\u011flad\u0131 ve k\u0131sa s\u00fcre i\u00e7inde T\u00fcrkiye\u2019yi uluslararas\u0131 arenada temsil etme f\u0131rsat\u0131n\u0131 yakalad\u0131. Avrupa, Balkan ve Akdeniz \u015eampiyonalar\u0131\u2019nda T\u00fcrkiye\u2019yi temsil eden ba\u015far\u0131l\u0131 sporcu, bir\u00e7ok madalya kazanarak ulusal ve uluslararas\u0131 d\u00fczeyde ad\u0131ndan s\u00f6z ettirdi.<\/p>\n","protected":false},"excerpt":{"rendered":"<p>Survivor 2025 All Star yar\u0131\u015fmac\u0131lar\u0131ndan Meryem Kasap, performans\u0131n\u0131n yan\u0131 s\u0131ra estetik \u00f6ncesi halleriyle de sosyal medyan\u0131n diline d\u00fc\u015ft\u00fc. 2020\u2019de sakatl\u0131k nedeniyle veda eden Meryem, \u201cYar\u0131m kalan hesab\u0131m\u0131 kapatmaya geldim\u201d s\u00f6zleriyle geri d\u00f6nse de de\u011fi\u015fimiyle g\u00fcndeme oturdu. Meryem\u2019in estetikszi halleri sosyal medyada k\u0131sa s\u00fcre i\u00e7erisinde g\u00fcndem oldu. <\/p>\n","protected":false},"author":16,"featured_media":125083,"comment_status":"closed","ping_status":"closed","sticky":false,"template":"","format":"standard","meta":{"rank_math_lock_modified_date":false,"footnotes":""},"categories":[101],"tags":[8911,8909,8910],"class_list":["post-125071","post","type-post","status-publish","format-standard","has-post-thumbnail","hentry","category-kesfet","tag-survivor-2025-meryem-kasap","tag-survivor-2025-meryem-kasap-estetiksiz","tag-survivor-meryem-kasap-estetiksiz"],"_links":{"self":[{"href":"https:\/\/www.tgrthaber.com\/mavikadin\/wp-json\/wp\/v2\/posts\/125071"}],"collection":[{"href":"https:\/\/www.tgrthaber.com\/mavikadin\/wp-json\/wp\/v2\/posts"}],"about":[{"href":"https:\/\/www.tgrthaber.com\/mavikadin\/wp-json\/wp\/v2\/types\/post"}],"author":[{"embeddable":true,"href":"https:\/\/www.tgrthaber.com\/mavikadin\/wp-json\/wp\/v2\/users\/16"}],"replies":[{"embeddable":true,"href":"https:\/\/www.tgrthaber.com\/mavikadin\/wp-json\/wp\/v2\/comments?post=125071"}],"version-history":[{"count":1,"href":"https:\/\/www.tgrthaber.com\/mavikadin\/wp-json\/wp\/v2\/posts\/125071\/revisions"}],"predecessor-version":[{"id":125084,"href":"https:\/\/www.tgrthaber.com\/mavikadin\/wp-json\/wp\/v2\/posts\/125071\/revisions\/125084"}],"wp:featuredmedia":[{"embeddable":true,"href":"https:\/\/www.tgrthaber.com\/mavikadin\/wp-json\/wp\/v2\/media\/125083"}],"wp:attachment":[{"href":"https:\/\/www.tgrthaber.com\/mavikadin\/wp-json\/wp\/v2\/media?parent=125071"}],"wp:term":[{"taxonomy":"category","embeddable":true,"href":"https:\/\/www.tgrthaber.com\/mavikadin\/wp-json\/wp\/v2\/categories?post=125071"},{"taxonomy":"post_tag","embeddable":true,"href":"https:\/\/www.tgrthaber.com\/mavikadin\/wp-json\/wp\/v2\/tags?post=125071"}],"curies":[{"name":"wp","href":"https:\/\/api.w.org\/{rel}","templated":true}]}}