{"id":125151,"date":"2025-01-24T00:09:37","date_gmt":"2025-01-23T21:09:37","guid":{"rendered":"https:\/\/www.tgrthaber.com\/mavikadin\/?p=125151"},"modified":"2025-01-24T00:09:37","modified_gmt":"2025-01-23T21:09:37","slug":"dehanin-yeni-fragmani-kafalari-karistirdi-esme-gitti-sirada-devran-mi-var","status":"publish","type":"post","link":"https:\/\/www.tgrthaber.com\/mavikadin\/dehanin-yeni-fragmani-kafalari-karistirdi-esme-gitti-sirada-devran-mi-var\/","title":{"rendered":"Deha\u2019n\u0131n yeni fragman\u0131 kafalar\u0131 kar\u0131\u015ft\u0131rd\u0131: Esme gitti, s\u0131rada Devran m\u0131 var?"},"content":{"rendered":"<p>Bu hafta 17. b\u00f6l\u00fcm\u00fc yay\u0131mlanacak Deha dizisinin ilk fragman\u0131 yay\u0131mland\u0131. Her Pazar Show TV\u2019de yay\u0131mlanan dizinin fragman\u0131nda Kuduz\u2019un Devran i\u00e7in gelmesi ailede \u015f\u00fcphe uyand\u0131rd\u0131. Devran karakterini oynayan Aras Bulut \u0130ynemli\u2019nin Kuduz karakterini oynayan Emir Benderlio\u011flu\u2019na verdi\u011fi g\u00f6zda\u011f\u0131 sonras\u0131 yeni bir d\u00fc\u015fman\u0131n dahil oldu\u011funu g\u00f6sterdi.<\/p>\n<p>Cesur ile aralar\u0131nda ya\u015fanan problem sonras\u0131 Cesur\u2019un Devran\u2019a \u201cEn b\u00fcy\u00fck sat\u0131l\u0131k sensin i\u015fte\u201d demesi kavgan\u0131n fitilini ate\u015fledi.<\/p>\n<p><img loading=\"lazy\" decoding=\"async\" class=\"alignnone wp-image-125152\" src=\"https:\/\/www.tgrthaber.com\/mavikadin\/wp-content\/uploads\/devran-kuduz-300x169.png\" alt=\"\" width=\"1280\" height=\"720\" title=\"\" srcset=\"https:\/\/www.tgrthaber.com\/mavikadin\/wp-content\/uploads\/devran-kuduz-300x169.png 300w, https:\/\/www.tgrthaber.com\/mavikadin\/wp-content\/uploads\/devran-kuduz-1024x576.png 1024w, https:\/\/www.tgrthaber.com\/mavikadin\/wp-content\/uploads\/devran-kuduz-768x432.png 768w, https:\/\/www.tgrthaber.com\/mavikadin\/wp-content\/uploads\/devran-kuduz.png 1366w\" sizes=\"(max-width: 1280px) 100vw, 1280px\" \/><\/p>\n<hr \/>\n<h3>ESME G\u0130TT\u0130, SIRADA DEVRAN MI VAR?<\/h3>\n<p>Doktorun Devran\u2019a \u201cAmeliyat olmazsan alt\u0131 aydan fazla ya\u015famazs\u0131n\u201d demesi izleyicilerde soru i\u015faretleri olu\u015fturdu. Ge\u00e7ti\u011fimiz hafta Esme karakterini oynayan Ahsen Ero\u011flu\u2019nun diziden bir anda ayr\u0131lmas\u0131 b\u00fcy\u00fck olay olmu\u015ftu. Yay\u0131mlanan yeni fragmanda doktorun Devran\u2019a s\u00f6yledi\u011fi s\u00f6zler, \u2018dizide bir ayr\u0131l\u0131k daha m\u0131 olacak?\u2019 sorusunu g\u00fcndeme getirdi.<\/p>\n<p>Yeni b\u00f6l\u00fcm\u00fc 26 Ocak Pazar g\u00fcn\u00fc Show TV\u2019de yay\u0131mlanacak Deha dizisinde olacaklar takip\u00e7ileri taraf\u0131ndan merak ediliyor.<\/p>\n","protected":false},"excerpt":{"rendered":"<p>Show TV\u2019de yay\u0131mlanan ve k\u0131sa s\u00fcrede ciddi izleyici kitlesine ula\u015fan Deha dizisinin 17. b\u00f6l\u00fcm fragman\u0131 yay\u0131mland\u0131. Tan\u0131t\u0131mda doktorun Devran karakterini oynayan Aras Bulut \u0130ynemli\u2019ye \u201cAmeliyat olmazsa alt\u0131 aydan fazla ya\u015famazs\u0131n\u201d demesi ak\u0131llara \u2018Esme gitti, s\u0131rada Devran m\u0131 var?\u2019 sorusunu getirdi. <\/p>\n","protected":false},"author":33,"featured_media":125153,"comment_status":"closed","ping_status":"closed","sticky":false,"template":"","format":"standard","meta":{"rank_math_lock_modified_date":false,"footnotes":""},"categories":[101],"tags":[2793,8941,8940],"class_list":["post-125151","post","type-post","status-publish","format-standard","has-post-thumbnail","hentry","category-kesfet","tag-aras-bulut-iynemli","tag-deha-devran","tag-deha-devran-diziden-ayrilacak-mi"],"_links":{"self":[{"href":"https:\/\/www.tgrthaber.com\/mavikadin\/wp-json\/wp\/v2\/posts\/125151"}],"collection":[{"href":"https:\/\/www.tgrthaber.com\/mavikadin\/wp-json\/wp\/v2\/posts"}],"about":[{"href":"https:\/\/www.tgrthaber.com\/mavikadin\/wp-json\/wp\/v2\/types\/post"}],"author":[{"embeddable":true,"href":"https:\/\/www.tgrthaber.com\/mavikadin\/wp-json\/wp\/v2\/users\/33"}],"replies":[{"embeddable":true,"href":"https:\/\/www.tgrthaber.com\/mavikadin\/wp-json\/wp\/v2\/comments?post=125151"}],"version-history":[{"count":2,"href":"https:\/\/www.tgrthaber.com\/mavikadin\/wp-json\/wp\/v2\/posts\/125151\/revisions"}],"predecessor-version":[{"id":125155,"href":"https:\/\/www.tgrthaber.com\/mavikadin\/wp-json\/wp\/v2\/posts\/125151\/revisions\/125155"}],"wp:featuredmedia":[{"embeddable":true,"href":"https:\/\/www.tgrthaber.com\/mavikadin\/wp-json\/wp\/v2\/media\/125153"}],"wp:attachment":[{"href":"https:\/\/www.tgrthaber.com\/mavikadin\/wp-json\/wp\/v2\/media?parent=125151"}],"wp:term":[{"taxonomy":"category","embeddable":true,"href":"https:\/\/www.tgrthaber.com\/mavikadin\/wp-json\/wp\/v2\/categories?post=125151"},{"taxonomy":"post_tag","embeddable":true,"href":"https:\/\/www.tgrthaber.com\/mavikadin\/wp-json\/wp\/v2\/tags?post=125151"}],"curies":[{"name":"wp","href":"https:\/\/api.w.org\/{rel}","templated":true}]}}