{"id":125156,"date":"2025-01-24T00:55:52","date_gmt":"2025-01-23T21:55:52","guid":{"rendered":"https:\/\/www.tgrthaber.com\/mavikadin\/?p=125156"},"modified":"2025-01-24T09:05:08","modified_gmt":"2025-01-24T06:05:08","slug":"saclar-nasil-hacimli-gosterilir-saclari-hacimli-ve-dolgun-gosteren-hileler","status":"publish","type":"post","link":"https:\/\/www.tgrthaber.com\/mavikadin\/saclar-nasil-hacimli-gosterilir-saclari-hacimli-ve-dolgun-gosteren-hileler\/","title":{"rendered":"Sa\u00e7lar nas\u0131l hacimli g\u00f6sterilir? Sa\u00e7lar\u0131 hacimli ve dolgun g\u00f6steren hileler"},"content":{"rendered":"<p>\u0130nce telli bir sa\u00e7 yap\u0131s\u0131na sahip olan kad\u0131nlar\u0131n en b\u00fcy\u00fck kabusu cans\u0131z, s\u00f6n\u00fck ve hacimsiz g\u00f6r\u00fcnen sa\u00e7lar\u0131d\u0131r. \u0130nce telli oldu\u011fu i\u00e7in \u015fekillendirmesi de zor olan bu gibi sa\u00e7 tiplerinde do\u011fru ad\u0131mlarla uygulanacak olan metodlarla hayal edilen dolgun ve g\u00fcr g\u00f6r\u00fcn\u00fcml\u00fc sa\u00e7lara kavu\u015fmak m\u00fcmk\u00fcn. Peki sa\u00e7lar\u0131 dolgun ve g\u00fcr g\u00f6stermek i\u00e7in ne yap\u0131lmal\u0131? \u0130\u015fte sa\u00e7lar\u0131 oldu\u011fundan daha dolgun g\u00f6steren sa\u00e7 hileleri&#8230;<\/p>\n<h3>SA\u00c7LARI DOLGUN VE HAC\u0130ML\u0130 G\u00d6STERMEN\u0130N H\u0130LELER\u0130<\/h3>\n<p>Evde bak\u0131m yaparken uygulayabilece\u011finiz baz\u0131 taktikler sayesinde sa\u00e7lar\u0131n\u0131z\u0131 \u00e7ok daha g\u00fcr ve kalabal\u0131k g\u00f6sterebilirsiniz! Peki ama nas\u0131l m\u0131? \u0130\u015fte sa\u00e7lar\u0131 dolgun g\u00f6stermenin \u00f6nemli p\u00fcf noktalar\u0131&#8230;.<\/p>\n<p><img loading=\"lazy\" decoding=\"async\" class=\"alignnone wp-image-125158\" src=\"https:\/\/www.tgrthaber.com\/mavikadin\/wp-content\/uploads\/rr-10.png\" alt=\"\" width=\"1208\" height=\"795\" title=\"\" srcset=\"https:\/\/www.tgrthaber.com\/mavikadin\/wp-content\/uploads\/rr-10.png 922w, https:\/\/www.tgrthaber.com\/mavikadin\/wp-content\/uploads\/rr-10-300x198.png 300w, https:\/\/www.tgrthaber.com\/mavikadin\/wp-content\/uploads\/rr-10-768x506.png 768w\" sizes=\"(max-width: 1208px) 100vw, 1208px\" \/><\/p>\n<hr \/>\n<h3>SA\u00c7 KES\u0130M\u0130<\/h3>\n<p>\u0130nce telli ya da d\u00fcz sa\u00e7lar\u0131n\u0131z varsa \u00f6ncelikle sa\u00e7 kesim modellerinde U kesim ya da kelebek kesim gibi katl\u0131 modelleri tercih ederek daha yo\u011fun ve vol\u00fcml\u00fc bir g\u00f6r\u00fcn\u00fcm elde edebilirsiniz. Hem modern hem de g\u00fcr bir g\u00f6r\u00fcn\u00fcm i\u00e7in katl\u0131 kesimlere muhakkak bir \u015fans vermelisiniz.<\/p>\n<h3>SA\u00c7 KURUTMA<\/h3>\n<p>Banyo yapt\u0131ktan sonra sa\u00e7lar\u0131n\u0131z\u0131 kuruturken uygulayaca\u011f\u0131n\u0131z birka\u00e7 basit t\u00fcyo ile sa\u00e7lar\u0131n daha hareketli g\u00f6r\u00fcnmesini sa\u011flayabilirsiniz. Bunun i\u00e7in sa\u00e7lar\u0131 tersten ve a\u015fa\u011f\u0131dan kurutmak; sa\u00e7 tellerini k\u00f6kten yukar\u0131 do\u011fru daha fazla kalkmas\u0131na yard\u0131mc\u0131 olaca\u011f\u0131 i\u00e7in daha hacimli g\u00f6r\u00fcn\u00fcm sa\u011flamaktad\u0131r.<\/p>\n<h3>SA\u00c7 \u015eEK\u0130LLEND\u0130RME<\/h3>\n<p>Sa\u00e7 tepesine \u0131s\u0131 uygulanmas\u0131 sa\u00e7lar\u0131n daha hacimsiz g\u00f6r\u00fcnmesine neden olaca\u011f\u0131 i\u00e7in sa\u00e7 \u015fekillendirmesi yaparken sa\u00e7\u0131n ortas\u0131ndan \u015fekillendirme yap\u0131lmas\u0131 daha uygundur. Hatta yap\u0131labilirse sa\u00e7 tepesine krepe at\u0131larak sa\u00e7\u0131n daha hacimli g\u00f6r\u00fcnmesini sa\u011flayabilirsiniz.<\/p>\n<h3>SA\u00c7 AYRIMI<\/h3>\n<p>Sa\u00e7lardaki g\u00f6r\u00fcnt\u00fcy\u00fc de\u011fi\u015ftirmede olduk\u00e7a i\u015fe yarar bir y\u00f6ntem olan sa\u00e7 ayr\u0131m\u0131 basit ve en etkili y\u00f6ntemlerdendir.<\/p>\n<p><img loading=\"lazy\" decoding=\"async\" class=\"wp-image-121635\" src=\"https:\/\/www.tgrthaber.com\/mavikadin\/wp-content\/uploads\/sac-hatalari-bakim.jpg\" alt=\"Sa\u00e7lar\u0131n parlak g\u00f6r\u00fcnmesi i\u00e7in ne yap\u0131lmal\u0131\" width=\"1208\" height=\"747\" title=\"\" srcset=\"https:\/\/www.tgrthaber.com\/mavikadin\/wp-content\/uploads\/sac-hatalari-bakim.jpg 647w, https:\/\/www.tgrthaber.com\/mavikadin\/wp-content\/uploads\/sac-hatalari-bakim-300x185.jpg 300w\" sizes=\"(max-width: 1208px) 100vw, 1208px\" \/><\/p>\n<hr \/>\n<p>G\u00fcndelik ya\u015fant\u0131n\u0131zda sa\u00e7lar\u0131n\u0131z\u0131 ortadan ay\u0131rarak kullanmay\u0131 seviyorsan\u0131z; bu sa\u00e7lar\u0131n\u0131z\u0131 hacimsiz ve cans\u0131z g\u00f6sterebiliyor iken sa\u00e7\u0131 sa\u011fdan ya da soldan olmak \u00fczere bir taraftan ay\u0131rmak sa\u00e7lar\u0131n daha vol\u00fcml\u00fc g\u00f6r\u00fcnmesine neden olacakt\u0131r.<\/p>\n<h3>SA\u00c7 BAKIM \u00dcR\u00dcNLER\u0130<\/h3>\n<p>Parlak ve canl\u0131 bir g\u00f6r\u00fcn\u00fcm i\u00e7in olduk\u00e7a \u00f6nemli bir rol\u00fc olan sa\u00e7 bak\u0131m\u0131 i\u00e7in sa\u00e7\u0131n ihtiyac\u0131na y\u00f6nelik do\u011fru \u00fcr\u00fcnler kullan\u0131ld\u0131\u011f\u0131 zaman sa\u011fl\u0131kl\u0131 sa\u00e7lara kavu\u015fmak m\u00fcmk\u00fcn olabilir. \u00d6zellikle de sa\u00e7 ve t\u0131rnak sa\u011fl\u0131\u011f\u0131 i\u00e7in kullan\u0131labilecek olan biotin i\u00e7erikli \u00fcr\u00fcnler, sa\u00e7lar\u0131n daha hacimli ve dolgun g\u00f6r\u00fcnmesini sa\u011flayacakt\u0131r.<\/p>\n<h3>SA\u00c7LARI PARLAK G\u00d6STERMEK \u0130\u00c7\u0130N EVDE YAPILAB\u0130LECEK 3 ETK\u0130L\u0130 MASKE TAR\u0130F\u0130!<\/h3>\n<h3>YUMURTA MASKES\u0130<\/h3>\n<p>2 tane yumurtay\u0131 k\u00f6p\u00fck k\u00f6p\u00fck olana dek iyice \u00e7\u0131rp\u0131n. Daha sonra bir yemek ka\u015f\u0131\u011f\u0131 kadar badem ya\u011f\u0131 ve yar\u0131m bardak kadar yo\u011furdu ilave edip kar\u0131\u015ft\u0131r\u0131n.<\/p>\n<p><img loading=\"lazy\" decoding=\"async\" class=\"alignnone wp-image-114981\" src=\"https:\/\/www.tgrthaber.com\/mavikadin\/wp-content\/uploads\/tansiyon-hastalari-yumurta-yiyebilir-mi-haslanmis-yumurta-tansiyonu-yukseltir-mi.jpg\" alt=\"\" width=\"1208\" height=\"634\" title=\"\" srcset=\"https:\/\/www.tgrthaber.com\/mavikadin\/wp-content\/uploads\/tansiyon-hastalari-yumurta-yiyebilir-mi-haslanmis-yumurta-tansiyonu-yukseltir-mi.jpg 640w, https:\/\/www.tgrthaber.com\/mavikadin\/wp-content\/uploads\/tansiyon-hastalari-yumurta-yiyebilir-mi-haslanmis-yumurta-tansiyonu-yukseltir-mi-300x158.jpg 300w\" sizes=\"(max-width: 1208px) 100vw, 1208px\" \/><\/p>\n<hr \/>\n<p>Haz\u0131rlad\u0131\u011f\u0131n\u0131z kar\u0131\u015f\u0131m\u0131 sa\u00e7\u0131n\u0131za ve sa\u00e7 derinize do\u011fru s\u00fcr\u00fcn.<br \/>\nEn sonunda kafan\u0131za bonenizi ge\u00e7irip ortalama bir 20 dakika kadar bekleyin.<br \/>\nY\u0131kama a\u015famas\u0131nda ise sa\u00e7\u0131n\u0131z\u0131 g\u00fczelce \u015fampuanlay\u0131p so\u011fuk suyla durulay\u0131n.<\/p>\n<h3>ZEYT\u0130NYA\u011eI MASKES\u0130<\/h3>\n<p>4 yemek ka\u015f\u0131\u011f\u0131 kadar zeytinya\u011f\u0131 ile 2 tane yumurtay\u0131 yine iyice \u00e7\u0131rp\u0131n.<br \/>\nDaha sonra haz\u0131rlad\u0131\u011f\u0131n\u0131z bu kar\u0131\u015f\u0131m\u0131 sa\u00e7\u0131n\u0131za s\u00fcr\u00fcn.<br \/>\nKar\u0131\u015f\u0131mla \u00f6r\u00fcl\u00fc olan sa\u00e7lar\u0131n\u0131z\u0131 boneyle ya da stre\u00e7le kapatarak maskenin sa\u00e7\u0131n\u0131za daha iyi n\u00fcfuz etmesini sa\u011flay\u0131n.<br \/>\n20 dakika beklettikten sonra \u0131l\u0131k su ile durulama i\u015flemi ile maskeyi sonland\u0131r\u0131n.<\/p>\n<h3>BALLI SA\u00c7 MASKES\u0130<\/h3>\n<p>3 yemek ka\u015f\u0131\u011f\u0131 kadar zeytinya\u011f\u0131n\u0131 1 tatl\u0131 ka\u015f\u0131\u011f\u0131 kadar bal ile kar\u0131\u015ft\u0131r\u0131p sa\u00e7\u0131n\u0131za s\u00fcr\u00fcn.<\/p>\n<p><img loading=\"lazy\" decoding=\"async\" class=\"alignnone wp-image-112873\" src=\"https:\/\/www.tgrthaber.com\/mavikadin\/wp-content\/uploads\/UN-45.png\" alt=\"\" width=\"1208\" height=\"680\" title=\"\" srcset=\"https:\/\/www.tgrthaber.com\/mavikadin\/wp-content\/uploads\/UN-45.png 1920w, https:\/\/www.tgrthaber.com\/mavikadin\/wp-content\/uploads\/UN-45-300x169.png 300w, https:\/\/www.tgrthaber.com\/mavikadin\/wp-content\/uploads\/UN-45-1024x576.png 1024w, https:\/\/www.tgrthaber.com\/mavikadin\/wp-content\/uploads\/UN-45-768x432.png 768w, https:\/\/www.tgrthaber.com\/mavikadin\/wp-content\/uploads\/UN-45-1536x864.png 1536w\" sizes=\"(max-width: 1208px) 100vw, 1208px\" \/><\/p>\n<hr \/>\n<p>Daha sonra yine etkili bir sonu\u00e7 almak i\u00e7in sa\u00e7lar\u0131n\u0131z\u0131 boneyle ya da stre\u00e7le \u00f6rt\u00fcn.<br \/>\n15 dakika \u00f6ylece beklettikten sonra sa\u00e7 yap\u0131n\u0131za uygun bir \u015fampuanla y\u0131kay\u0131p iyice durulay\u0131n.<\/p>\n<h3>SA\u00c7I PARLAK G\u00d6STERMEK \u0130\u00c7\u0130N HANG\u0130 T\u00dcR DO\u011eAL YA\u011eLAR KULLANILAB\u0130L\u0130R?<\/h3>\n<p>Parlak ve sa\u011fl\u0131kl\u0131 sa\u00e7a sahip olmak isteyen kad\u0131nlar sa\u00e7 bak\u0131m rutinlerine ekleyebilece\u011fi pek \u00e7ok alternatif mevcut olsa da do\u011fal ya\u011flar\u0131n etkisi bir ba\u015fkad\u0131r. Sa\u011fl\u0131kl\u0131, canl\u0131 ve par\u0131l par\u0131l parlayan bir sa\u00e7 i\u00e7in g\u00fcndelik hayat\u0131n\u0131zda eksik etmemeniz gereken ya\u011flar\u0131 sizler i\u00e7in s\u0131ralad\u0131k. \u0130\u015fte sa\u00e7lara parlakl\u0131k hissi veren do\u011fal ya\u011f \u00e7e\u015fitleri&#8230;<\/p>\n<p>Jojoba Ya\u011f\u0131<br \/>\nHindistancevizi Ya\u011f\u0131<br \/>\nZeytinya\u011f\u0131<br \/>\nLavanta Ya\u011f\u0131<br \/>\nArgan Ya\u011f\u0131<br \/>\nBadem Ya\u011f\u0131<br \/>\nBiberiye Ya\u011f\u0131<\/p>\n","protected":false},"excerpt":{"rendered":"<p>Sa\u00e7lar\u0131n\u0131z\u0131 hem dolgun hem hacimli g\u00f6stermek i\u00e7in sa\u00e7lar\u0131n\u0131zda dikkat etmeniz gereken baz\u0131 hususlar vard\u0131r. Peki sa\u00e7lar nas\u0131l daha hacimli ve dolgun g\u00f6sterilir?<\/p>\n","protected":false},"author":27,"featured_media":125157,"comment_status":"closed","ping_status":"closed","sticky":false,"template":"","format":"standard","meta":{"rank_math_lock_modified_date":false,"footnotes":""},"categories":[166],"tags":[3395,8944,8144,8942,8943],"class_list":["post-125156","post","type-post","status-publish","format-standard","has-post-thumbnail","hentry","category-sac-bakimi-sac-uzatma","tag-bebek-saclari-nasil-uzar","tag-dolgun-sac","tag-parlak-sac","tag-sac-gurlerstirme","tag-saclar-nasil-dolgun-gorunur"],"_links":{"self":[{"href":"https:\/\/www.tgrthaber.com\/mavikadin\/wp-json\/wp\/v2\/posts\/125156"}],"collection":[{"href":"https:\/\/www.tgrthaber.com\/mavikadin\/wp-json\/wp\/v2\/posts"}],"about":[{"href":"https:\/\/www.tgrthaber.com\/mavikadin\/wp-json\/wp\/v2\/types\/post"}],"author":[{"embeddable":true,"href":"https:\/\/www.tgrthaber.com\/mavikadin\/wp-json\/wp\/v2\/users\/27"}],"replies":[{"embeddable":true,"href":"https:\/\/www.tgrthaber.com\/mavikadin\/wp-json\/wp\/v2\/comments?post=125156"}],"version-history":[{"count":2,"href":"https:\/\/www.tgrthaber.com\/mavikadin\/wp-json\/wp\/v2\/posts\/125156\/revisions"}],"predecessor-version":[{"id":125161,"href":"https:\/\/www.tgrthaber.com\/mavikadin\/wp-json\/wp\/v2\/posts\/125156\/revisions\/125161"}],"wp:featuredmedia":[{"embeddable":true,"href":"https:\/\/www.tgrthaber.com\/mavikadin\/wp-json\/wp\/v2\/media\/125157"}],"wp:attachment":[{"href":"https:\/\/www.tgrthaber.com\/mavikadin\/wp-json\/wp\/v2\/media?parent=125156"}],"wp:term":[{"taxonomy":"category","embeddable":true,"href":"https:\/\/www.tgrthaber.com\/mavikadin\/wp-json\/wp\/v2\/categories?post=125156"},{"taxonomy":"post_tag","embeddable":true,"href":"https:\/\/www.tgrthaber.com\/mavikadin\/wp-json\/wp\/v2\/tags?post=125156"}],"curies":[{"name":"wp","href":"https:\/\/api.w.org\/{rel}","templated":true}]}}