{"id":125251,"date":"2025-01-24T11:28:24","date_gmt":"2025-01-24T08:28:24","guid":{"rendered":"https:\/\/www.tgrthaber.com\/mavikadin\/?p=125251"},"modified":"2025-01-24T11:28:24","modified_gmt":"2025-01-24T08:28:24","slug":"mirac-kandili-ne-zaman-2025-yilinda-mirac-kandilinde-hangi-gun-oruc-tutulur-hangi-ibadetler-yapilir","status":"publish","type":"post","link":"https:\/\/www.tgrthaber.com\/mavikadin\/mirac-kandili-ne-zaman-2025-yilinda-mirac-kandilinde-hangi-gun-oruc-tutulur-hangi-ibadetler-yapilir\/","title":{"rendered":"Mira\u00e7 kandili ne zaman 2025 y\u0131l\u0131nda? Mira\u00e7 kandilinde hangi g\u00fcn oru\u00e7 tutulur, hangi ibadetler yap\u0131l\u0131r?"},"content":{"rendered":"<p>Diyanet \u0130\u015fleri Ba\u015fkanl\u0131\u011f\u0131 2025 y\u0131l\u0131 dini g\u00fcnler takvimi a\u00e7\u0131kland\u0131. En \u00e7ok ara\u015ft\u0131r\u0131lan merak edilenlerden biri de 2025 y\u0131l\u0131 Mira\u00e7 kandili ne zaman? Sorusudur.<\/p>\n<p>Sevgili Peygamber efendimiz Muhammed aleyhisselam\u2019\u0131n \u00f6nce semaya daha sonra bilinmeyen yerlere g\u00f6t\u00fcr\u00fcld\u00fc\u011f\u00fc Mira\u00e7 gecesi her sene M\u00fcsl\u00fcmanlar taraf\u0131ndan Mira\u00e7 kandili olarak idrak edilmektedir.<\/p>\n<p>Mira\u00e7, Sevgili ve \u015eerefli Peygamber Efendimiz\u2019in b\u00fcy\u00fck mucizelerindendir. Sevgili Peygamberimiz bu m\u00fcbarek gecede bilinmeyen, anla\u015f\u0131lamayan, anlat\u0131lamayan \u015fekilde Allah\u00fc Teala\u2019y\u0131 g\u00f6rd\u00fc ve Allah\u00fc Teala ile konu\u015ftu. Peygamber efendimiz Allah\u00fc Teala\u2019dan \u00fcmmetini affetmesini diledi.<\/p>\n<p>Mira\u00e7 gecesini zikir, dua ve ibadet ile ge\u00e7irerek gecenin feyz ve bereketine kavu\u015fulabilir.<\/p>\n<h3>2025 YILINDA M\u0130RA\u00c7 KAND\u0130L\u0130 NE ZAMAN?<\/h3>\n<p>Mira\u00e7, merdiven anlam\u0131na gelmektedir.<\/p>\n<p>Mira\u00e7 gecesi ise Sevgili ve \u015eerefli Peygamber efendimizin ruh ve bedenle birlikte g\u00f6klere \u00e7\u0131kar\u0131ld\u0131\u011f\u0131 oradan da melekler taraf\u0131ndan bilinmeyen yerlere g\u00f6t\u00fcr\u00fcld\u00fc\u011f\u00fc gecedir.<\/p>\n<p>Mira\u00e7 gecesi her sene hicri aylardan Recep ay\u0131na 27. Gecesine tekab\u00fcl etmektedir.<\/p>\n<p><img loading=\"lazy\" decoding=\"async\" class=\"wp-image-125253\" src=\"https:\/\/www.tgrthaber.com\/mavikadin\/wp-content\/uploads\/mirac-kandili-2025-ne-zaman-4.jpg\" alt=\"2025 mira\u00e7 kandili ne zaman\" width=\"1208\" height=\"680\" title=\"\" srcset=\"https:\/\/www.tgrthaber.com\/mavikadin\/wp-content\/uploads\/mirac-kandili-2025-ne-zaman-4.jpg 1920w, https:\/\/www.tgrthaber.com\/mavikadin\/wp-content\/uploads\/mirac-kandili-2025-ne-zaman-4-300x169.jpg 300w, https:\/\/www.tgrthaber.com\/mavikadin\/wp-content\/uploads\/mirac-kandili-2025-ne-zaman-4-1024x576.jpg 1024w, https:\/\/www.tgrthaber.com\/mavikadin\/wp-content\/uploads\/mirac-kandili-2025-ne-zaman-4-768x432.jpg 768w, https:\/\/www.tgrthaber.com\/mavikadin\/wp-content\/uploads\/mirac-kandili-2025-ne-zaman-4-1536x864.jpg 1536w\" sizes=\"(max-width: 1208px) 100vw, 1208px\" \/><\/p>\n<hr \/>\n<p>Mira\u00e7 gecesi Kuran-\u0131 Kerim\u2019de \u0130sra suresinde ge\u00e7mektedir.<\/p>\n<p>M\u00fcsl\u00fcmanlar bu m\u00fcbarek geceyi ganimet bilmeli g\u00fcnd\u00fcz\u00fcn\u00fc oru\u00e7la gecesini ise ibadetle ge\u00e7irmelidir.<\/p>\n<p>Peki 2025 senesinde Mira\u00e7 kandili miladi olarak hangi g\u00fcne geliyor?<\/p>\n<p><strong>2025 senesi Mira\u00e7 kandili 26 Ocak Pazar&#8217;\u0131 27 Ocak Pazartesi&#8217;ye ba\u011flayan gece idrak edilecektir.<\/strong><\/p>\n<p><strong>\u0130slamiyette m\u00fcbarek geceler \u00f6\u011fleden sonra ba\u015flar. 26 Ocak 2025 Pazar g\u00fcn\u00fc \u00f6\u011fleden sonra Mira\u00e7 kandili gecesi ba\u015flamakta olup, Mira\u00e7 gecesi imsa\u011fa kadar devam eder.<\/strong><\/p>\n<p>Mira\u00e7 kandili g\u00fcn\u00fc ise 27 Ocak 2025 Pazartesi imsak ile ba\u015flar, g\u00fcn bat\u0131m\u0131na yani ak\u015fam ezan\u0131na kadar devam eder.<\/p>\n<h3>M\u0130RA\u00c7 GECES\u0130NDE HANG\u0130 \u0130BADETLER YAPILMALI?<\/h3>\n<p>Mira\u00e7 gecesini manevi kazan\u00e7 kap\u0131s\u0131 bilmeli, bu m\u00fcbarek geceyi elinden geldi\u011fince ibadetle ge\u00e7irmelidir.<\/p>\n<p><strong>Kur\u2019an-\u0131 kerim okumal\u0131, kaza namaz\u0131 k\u0131lmal\u0131, tesbih \u00e7ekmeli, tevbe isti\u011ffar etmeli, sadaka vermeli fakirleri sevindirmeli, hediyele\u015fmeli, \u00a0ev halk\u0131n\u0131 mutlu etmeli, ilmihal kitab\u0131 okumal\u0131 ilim \u00f6\u011frenmelidir.<\/strong><\/p>\n<p>G\u00fczel, sevin\u00e7li bir g\u00fcn oldu\u011funu ev halk\u0131na hissettirmelidir.<\/p>\n<p>Mira\u00e7 kandilinde kendimiz, ailemiz, \u00fclkemiz ve t\u00fcm M\u00fcsl\u00fcmanlar i\u00e7in g\u00fczel dualar etmeli, kazadan beladan korumas\u0131, 2 cihan saadeti nasip etmesi i\u00e7in yalvarmal\u0131d\u0131r.<\/p>\n<p>Kuran-\u0131 Kerim\u2019den diledi\u011fimiz sureler okunabilir. Yasin, Tebareke, Nebe, Rahman gibi sureleri okumak da \u00e7ok sevapt\u0131r. Kuran-\u0131 Kerimden sureler, ayeti kerimeler okunup gelmi\u015f ge\u00e7mi\u015f t\u00fcm M\u00fcsl\u00fcmanlar\u0131n ruhuna hediye etmeli.<\/p>\n<p><img loading=\"lazy\" decoding=\"async\" class=\"wp-image-125254\" src=\"https:\/\/www.tgrthaber.com\/mavikadin\/wp-content\/uploads\/mirac-kandili-2025-ne-zaman-2.jpg\" alt=\"2025 mira\u00e7 kandili ne zaman\" width=\"1208\" height=\"680\" title=\"\" srcset=\"https:\/\/www.tgrthaber.com\/mavikadin\/wp-content\/uploads\/mirac-kandili-2025-ne-zaman-2.jpg 1920w, https:\/\/www.tgrthaber.com\/mavikadin\/wp-content\/uploads\/mirac-kandili-2025-ne-zaman-2-300x169.jpg 300w, https:\/\/www.tgrthaber.com\/mavikadin\/wp-content\/uploads\/mirac-kandili-2025-ne-zaman-2-1024x576.jpg 1024w, https:\/\/www.tgrthaber.com\/mavikadin\/wp-content\/uploads\/mirac-kandili-2025-ne-zaman-2-768x432.jpg 768w, https:\/\/www.tgrthaber.com\/mavikadin\/wp-content\/uploads\/mirac-kandili-2025-ne-zaman-2-1536x864.jpg 1536w\" sizes=\"(max-width: 1208px) 100vw, 1208px\" \/><\/p>\n<hr \/>\n<p>Hadisi \u015eeriflerde buyruldu ki:<\/p>\n<p>(Bu gece, iyi amel eden i\u00e7in y\u00fcz y\u0131ll\u0131k m\u00fck\u00e2fat vard\u0131r.)<\/p>\n<p>(Recebin 27. g\u00fcn\u00fc oru\u00e7 tutana, 60 y\u0131ll\u0131k oru\u00e7 sevab\u0131 verilir.)<\/p>\n<p>(\u0130sra gecesi [Miraca \u00e7\u0131k\u0131nca] Cennetin kap\u0131s\u0131 \u00fczerinde \u201cSadakan\u0131n on, \u00f6d\u00fcn\u00e7 vermenin sevab\u0131 onsekiz mislidir\u201d yaz\u0131lm\u0131\u015f oldu\u011funu g\u00f6rd\u00fcm.) [Beyheki]<\/p>\n<h3>M\u0130RA\u00c7 KAND\u0130L\u0130NDE HANG\u0130 TESP\u0130HLER S\u00d6YLEN\u0130R, HANG\u0130 Z\u0130K\u0130RLER OKUNUR?<\/h3>\n<p>Mira\u00e7 kandilinde \u201cS\u00fcbh\u00e2nallahi ve bi-hamdihi s\u00fcbh\u00e2nallahil-az\u00eem\u201d, \u201cLa ilahe illallah, Muhammed\u00fcn Resulullah\u201d, \u201cEsta\u011ffirullah el azim\u201d, \u201cAllah\u00fcmme salli ala Muhammed ve ala \u00e2li Muhammed\u201d, \u201cElhamd\u00fclillah\u201d, \u201cAllah\u00fc ekber\u201d, \u201c&#8221;La ilahe illa ente, s\u00fcbhaneke inni k\u00fcnt\u00fc minezzalimin&#8221; &#8220;La havle ve la kuvvete illa billahil aliyyil azim&#8221;, \u201cHasb\u00fcnallah ve ni\u2019mel-vekil\u201d \u201cEsta\u011ffirullahel&#8217;az\u00eem ellez\u00ee l\u00e2 il\u00e2he ill\u00e2 huv el-hayyelkayy\u00fbme ve et\u00fbb\u00fc ileyh\u201d gibi tespihler okunabilir.<\/p>\n<p><img loading=\"lazy\" decoding=\"async\" class=\"wp-image-125256\" src=\"https:\/\/www.tgrthaber.com\/mavikadin\/wp-content\/uploads\/mirac-kandili-2025-ne-zaman-3.jpg\" alt=\"2025 mira\u00e7 kandili ne zaman\" width=\"1208\" height=\"680\" title=\"\" srcset=\"https:\/\/www.tgrthaber.com\/mavikadin\/wp-content\/uploads\/mirac-kandili-2025-ne-zaman-3.jpg 1920w, https:\/\/www.tgrthaber.com\/mavikadin\/wp-content\/uploads\/mirac-kandili-2025-ne-zaman-3-300x169.jpg 300w, https:\/\/www.tgrthaber.com\/mavikadin\/wp-content\/uploads\/mirac-kandili-2025-ne-zaman-3-1024x576.jpg 1024w, https:\/\/www.tgrthaber.com\/mavikadin\/wp-content\/uploads\/mirac-kandili-2025-ne-zaman-3-768x432.jpg 768w, https:\/\/www.tgrthaber.com\/mavikadin\/wp-content\/uploads\/mirac-kandili-2025-ne-zaman-3-1536x864.jpg 1536w\" sizes=\"(max-width: 1208px) 100vw, 1208px\" \/><\/p>\n<hr \/>\n<h3>2025 M\u0130RA\u00c7 KAND\u0130L\u0130NDE NE ZAMAN ORU\u00c7 TUTMALI?<\/h3>\n<p>Mira\u00e7 kandilini oru\u00e7lu ge\u00e7irmek \u00e7ok sevapt\u0131r. 2025 y\u0131l\u0131nda Mira\u00e7 kandili 26 Ocak Pazar gecesinde kutlanacakt\u0131r. Mira\u00e7 kandilinin g\u00fcn\u00fc ise 27 Ocak Pazartesi g\u00fcn\u00fcd\u00fcr.<\/p>\n<p>Hicri takvimde \u00f6nce gece ard\u0131ndan g\u00fcnd\u00fcz gelmektedir.<\/p>\n<p><strong>Mira\u00e7 kandilini oru\u00e7lu ge\u00e7irmek isteyenler yaln\u0131zca 26 Ocak Pazar g\u00fcn\u00fc oru\u00e7 tutabilir. Veya Pazar- Pazartesi g\u00fcnleri pe\u015f pe\u015fe oru\u00e7 tutup 2 g\u00fcn\u00fc de oru\u00e7lu ge\u00e7irilebilir. Yahut yaln\u0131zca 27 Ocak Pazartesi g\u00fcn\u00fc oru\u00e7 tutulabilir.<\/strong><\/p>\n","protected":false},"excerpt":{"rendered":"<p>Mira\u00e7 gecesi \u0130slamiyet\u2019in kutsal sayd\u0131\u011f\u0131, ibadetlerin ve dualar\u0131n kabul oldu\u011fu m\u00fcbarek gecelerdendir. Mira\u00e7 gecesinde Sevgili Peygamberimiz Mekke&#8217;den Kud\u00fcs&#8217;e oradan da yedi kat g\u00f6klere ve bilinmeyen yerlere g\u00f6t\u00fcr\u00fcld\u00fc. Peki 2025 y\u0131l\u0131 Mira\u00e7 kandili ne zaman?<\/p>\n","protected":false},"author":30,"featured_media":125252,"comment_status":"closed","ping_status":"closed","sticky":false,"template":"","format":"standard","meta":{"rank_math_lock_modified_date":false,"footnotes":""},"categories":[101],"tags":[8969,8968],"class_list":["post-125251","post","type-post","status-publish","format-standard","has-post-thumbnail","hentry","category-kesfet","tag-kandil-geceleri","tag-mirac-kandili"],"_links":{"self":[{"href":"https:\/\/www.tgrthaber.com\/mavikadin\/wp-json\/wp\/v2\/posts\/125251"}],"collection":[{"href":"https:\/\/www.tgrthaber.com\/mavikadin\/wp-json\/wp\/v2\/posts"}],"about":[{"href":"https:\/\/www.tgrthaber.com\/mavikadin\/wp-json\/wp\/v2\/types\/post"}],"author":[{"embeddable":true,"href":"https:\/\/www.tgrthaber.com\/mavikadin\/wp-json\/wp\/v2\/users\/30"}],"replies":[{"embeddable":true,"href":"https:\/\/www.tgrthaber.com\/mavikadin\/wp-json\/wp\/v2\/comments?post=125251"}],"version-history":[{"count":4,"href":"https:\/\/www.tgrthaber.com\/mavikadin\/wp-json\/wp\/v2\/posts\/125251\/revisions"}],"predecessor-version":[{"id":125264,"href":"https:\/\/www.tgrthaber.com\/mavikadin\/wp-json\/wp\/v2\/posts\/125251\/revisions\/125264"}],"wp:featuredmedia":[{"embeddable":true,"href":"https:\/\/www.tgrthaber.com\/mavikadin\/wp-json\/wp\/v2\/media\/125252"}],"wp:attachment":[{"href":"https:\/\/www.tgrthaber.com\/mavikadin\/wp-json\/wp\/v2\/media?parent=125251"}],"wp:term":[{"taxonomy":"category","embeddable":true,"href":"https:\/\/www.tgrthaber.com\/mavikadin\/wp-json\/wp\/v2\/categories?post=125251"},{"taxonomy":"post_tag","embeddable":true,"href":"https:\/\/www.tgrthaber.com\/mavikadin\/wp-json\/wp\/v2\/tags?post=125251"}],"curies":[{"name":"wp","href":"https:\/\/api.w.org\/{rel}","templated":true}]}}