{"id":125281,"date":"2025-01-24T12:53:18","date_gmt":"2025-01-24T09:53:18","guid":{"rendered":"https:\/\/www.tgrthaber.com\/mavikadin\/?p=125281"},"modified":"2025-01-24T12:53:18","modified_gmt":"2025-01-24T09:53:18","slug":"unlu-sarkici-teomandan-ozel-hayati-hakkinda-carpici-aciklamalar-kendimi-capkin-olarak-gormuyorum","status":"publish","type":"post","link":"https:\/\/www.tgrthaber.com\/mavikadin\/unlu-sarkici-teomandan-ozel-hayati-hakkinda-carpici-aciklamalar-kendimi-capkin-olarak-gormuyorum\/","title":{"rendered":"\u00dcnl\u00fc \u015fark\u0131c\u0131 Teoman\u2019dan \u00f6zel hayat\u0131 hakk\u0131nda \u00e7arp\u0131c\u0131 a\u00e7\u0131klamalar! \u201cKendimi \u00e7apk\u0131n olarak g\u00f6rm\u00fcyorum\u201d"},"content":{"rendered":"<p>\u00dcnl\u00fc \u015fark\u0131c\u0131 Teoman, ba\u015far\u0131l\u0131 m\u00fczik kariyerinin yan\u0131 s\u0131ra \u00f6zel hayat\u0131yla da konu\u015fulmaya devam ediyor. \u00d6zellikle de \u00e7apk\u0131nl\u0131\u011f\u0131yla ad\u0131ndan s\u0131k s\u0131k s\u00f6z ettiren Teoman, \u00f6zel hayat\u0131 hakk\u0131nda \u00e7arp\u0131c\u0131 a\u00e7\u0131klamalarda bulundu. Ge\u00e7ti\u011fimiz g\u00fcnlerde Ni\u015fanta\u015f\u0131\u2019nda g\u00f6r\u00fcnt\u00fclenen Teoman, gazetecilerin sorular\u0131n\u0131 yan\u0131tlad\u0131. Verdi\u011fi r\u00f6portajda samimi a\u00e7\u0131klamalarda bulunan Teoman, \u00f6zel hayat\u0131yla ilgili \u00e7arp\u0131c\u0131 a\u00e7\u0131klamalarda da bulundu. Bak\u0131n Teoman \u00f6zel hayat\u0131 hakk\u0131nda neler konu\u015ftu.<\/p>\n<hr \/>\n<h3>\u201cKEND\u0130M\u0130 \u00c7APKIN OLARAK G\u00d6RM\u00dcYORUM\u201d<\/h3>\n<p>\u00dcnl\u00fc \u015fark\u0131c\u0131 Teoman, son zamanlarda yapt\u0131\u011f\u0131 a\u00e7\u0131klamalarla magazin d\u00fcnyas\u0131n\u0131n g\u00fcndemine bomba gibi oturuyor. Ge\u00e7ti\u011fimiz g\u00fcnlerde Ni\u015fanta\u015f\u0131\u2019nda g\u00f6r\u00fcnt\u00fclenen Teoman, \u00f6zel hayat\u0131yla ilgili yine \u00e7ok konu\u015fulacak a\u00e7\u0131klamalarda bulundu.<\/p>\n<p><img loading=\"lazy\" decoding=\"async\" class=\"alignnone wp-image-125283\" src=\"https:\/\/www.tgrthaber.com\/mavikadin\/wp-content\/uploads\/Teoman-2-1024x576.jpg\" alt=\"\u00dcnl\u00fc \u015fark\u0131c\u0131 Teoman\u2019dan \u00f6zel hayat\u0131 hakk\u0131nda \u00e7arp\u0131c\u0131 a\u00e7\u0131klamalar! \" width=\"1208\" height=\"680\" title=\"\" srcset=\"https:\/\/www.tgrthaber.com\/mavikadin\/wp-content\/uploads\/Teoman-2-1024x576.jpg 1024w, https:\/\/www.tgrthaber.com\/mavikadin\/wp-content\/uploads\/Teoman-2-300x169.jpg 300w, https:\/\/www.tgrthaber.com\/mavikadin\/wp-content\/uploads\/Teoman-2-768x432.jpg 768w, https:\/\/www.tgrthaber.com\/mavikadin\/wp-content\/uploads\/Teoman-2-1536x864.jpg 1536w, https:\/\/www.tgrthaber.com\/mavikadin\/wp-content\/uploads\/Teoman-2.jpg 1600w\" sizes=\"(max-width: 1208px) 100vw, 1208px\" \/><\/p>\n<hr \/>\n<p>Ge\u00e7ti\u011fimiz zamanlarda \u201cInstagram\u2019da \u00f6neriler b\u00f6l\u00fcm\u00fcnden g\u00fczel k\u0131zlar\u0131 takip ediyorum\u201d a\u00e7\u0131klamalar\u0131yla magazin d\u00fcnyas\u0131nda \u00e7ok konu\u015fulan Teoman, bu konu hakk\u0131nda a\u00e7\u0131klamalarda bulundu. G\u00fczel k\u0131zlar\u0131 takip etti\u011fini \u00e7apk\u0131nl\u0131k amac\u0131yla yapmad\u0131\u011f\u0131n\u0131 dile getiren Teoman, \u201c\u00c7apk\u0131nl\u0131k yapmad\u0131\u011f\u0131m\u0131 belirtmek i\u00e7in s\u00f6ylemi\u015ftim. Onlar\u0131 g\u00fczel fig\u00fcrler olarak takip etti\u011fimi, asl\u0131nda \u00e7apk\u0131nl\u0131k amac\u0131yla yapmad\u0131\u011f\u0131m\u0131 s\u00f6ylemi\u015ftim. Fakat \u00f6yle s\u00f6yleyince tabii k\u00fc\u00e7\u00fck bir yerden al\u0131n\u0131yor. Bu ya\u015ftan sonra insan \u00e7apk\u0131n olmasa daha iyi olur.\u201d ifadelerine yer verdi.<\/p>\n<p><img loading=\"lazy\" decoding=\"async\" class=\"alignnone wp-image-125284\" src=\"https:\/\/www.tgrthaber.com\/mavikadin\/wp-content\/uploads\/Teoman-8-1024x576.jpg\" alt=\"\u00dcnl\u00fc \u015fark\u0131c\u0131 Teoman\u2019dan \u00f6zel hayat\u0131 hakk\u0131nda \u00e7arp\u0131c\u0131 a\u00e7\u0131klamalar! \" width=\"1208\" height=\"680\" title=\"\" srcset=\"https:\/\/www.tgrthaber.com\/mavikadin\/wp-content\/uploads\/Teoman-8-1024x576.jpg 1024w, https:\/\/www.tgrthaber.com\/mavikadin\/wp-content\/uploads\/Teoman-8-300x169.jpg 300w, https:\/\/www.tgrthaber.com\/mavikadin\/wp-content\/uploads\/Teoman-8-768x432.jpg 768w, https:\/\/www.tgrthaber.com\/mavikadin\/wp-content\/uploads\/Teoman-8-1536x864.jpg 1536w, https:\/\/www.tgrthaber.com\/mavikadin\/wp-content\/uploads\/Teoman-8.jpg 1600w\" sizes=\"(max-width: 1208px) 100vw, 1208px\" \/><\/p>\n<hr \/>\n<p>Teoman, gazetecilerin \u201cKendinizi hala \u00e7apk\u0131n olarak g\u00f6r\u00fcyor musunuz?\u201d sorusu kar\u015f\u0131s\u0131nda ise \u201cG\u00f6rm\u00fcyorum. Bu ya\u015fta biraz daha vites k\u00fc\u00e7\u00fcltmekte fayda var.\u201d ifadelerine yer verdi.<\/p>\n<h3>\u201cESK\u0130 TEOMAN, SAAT 6\u2019DA YATARDI, YEN\u0130 TEOMAN 6\u2019DA KALKIYOR\u201d<\/h3>\n<p>Gazeteciler, s\u00fcrekli \u00e7apk\u0131nl\u0131\u011f\u0131yla g\u00fcndeme gelen \u00fcnl\u00fc \u015fark\u0131c\u0131ya \u00e7apk\u0131nl\u0131k y\u0131llar\u0131n\u0131 hat\u0131rlat\u0131nca; Teoman g\u00fclerek, \u201cBen de o y\u0131llar\u0131 hat\u0131rl\u0131yorum. \u015eimdi d\u00fc\u015f\u00fcn\u00fcnce komik geliyor. \u015eimdiki hayat\u0131mla kar\u015f\u0131la\u015ft\u0131r\u0131l\u0131nca\u2026 Sabah 6\u2019da kalkt\u0131m, evde spor yapt\u0131m, d\u0131\u015far\u0131ya \u00e7\u0131kt\u0131m&#8230; Eski Teoman 6\u2019da yatard\u0131 yeni Teoman 6\u2019da kalk\u0131yor. O y\u0131llardaki gibi ya\u015fam\u0131yorum.\u201d \u015feklinde konu\u015ftu.<\/p>\n<p><img loading=\"lazy\" decoding=\"async\" class=\"alignnone wp-image-125285\" src=\"https:\/\/www.tgrthaber.com\/mavikadin\/wp-content\/uploads\/Teoman-3-1024x576.jpg\" alt=\"\u00dcnl\u00fc \u015fark\u0131c\u0131 Teoman\u2019dan \u00f6zel hayat\u0131 hakk\u0131nda \u00e7arp\u0131c\u0131 a\u00e7\u0131klamalar! \" width=\"1208\" height=\"680\" title=\"\" srcset=\"https:\/\/www.tgrthaber.com\/mavikadin\/wp-content\/uploads\/Teoman-3-1024x576.jpg 1024w, https:\/\/www.tgrthaber.com\/mavikadin\/wp-content\/uploads\/Teoman-3-300x169.jpg 300w, https:\/\/www.tgrthaber.com\/mavikadin\/wp-content\/uploads\/Teoman-3-768x432.jpg 768w, https:\/\/www.tgrthaber.com\/mavikadin\/wp-content\/uploads\/Teoman-3-1536x864.jpg 1536w, https:\/\/www.tgrthaber.com\/mavikadin\/wp-content\/uploads\/Teoman-3.jpg 1600w\" sizes=\"(max-width: 1208px) 100vw, 1208px\" \/><\/p>\n<hr \/>\n<p>\u015eimdilerde 57 ya\u015f\u0131nda olan \u00fcnl\u00fc \u015fark\u0131c\u0131n\u0131n \u201cZeyno\u201d ad\u0131nda 11 ya\u015f\u0131nda bir k\u0131z\u0131 var. Gazeteciler k\u0131z babas\u0131 olan Teoman\u2019a \u201cBaba Teoman nas\u0131l biri?\u201d diye sorunca \u00fcnl\u00fc \u015fark\u0131c\u0131 \u201cBenim tek rol\u00fcm o de\u011fil asl\u0131nda. Benim ya\u015f\u0131mda olunca insan, annesine o\u011ful oluyor, bir \u00e7ocuk gibi bak\u0131yor. \u00c7ocu\u011funa bir baba gibi bak\u0131yor. &#8216;Aile adam\u0131&#8217; diyemeyiz bana&#8230; Ben hala rock\u2019n Teoman\u2019\u0131m. Ba\u015fka rollerimde var art\u0131k. \u015eirketimin ba\u015f\u0131nday\u0131m. Konserlerime \u00f6zen g\u00f6steriyorum. A\u00e7\u0131k\u00e7as\u0131 eskiden pek \u00f6zen g\u00f6stermezdim. Art\u0131k hem bir i\u015f adam\u0131s\u0131n hem bir aile reisisin. Benim al\u0131\u015f\u0131k olmad\u0131\u011f\u0131m farkl\u0131 sorumluluklar y\u00fcklendim. Tam ba\u015fard\u0131\u011f\u0131m\u0131 s\u00f6yleyemem ama halletmeye \u00e7al\u0131\u015f\u0131yorum.\u201d ifadelerini kulland\u0131.<\/p>\n<p><img loading=\"lazy\" decoding=\"async\" class=\"alignnone wp-image-125286\" src=\"https:\/\/www.tgrthaber.com\/mavikadin\/wp-content\/uploads\/Teoman-1-1024x576.jpg\" alt=\"\u00dcnl\u00fc \u015fark\u0131c\u0131 Teoman\u2019dan \u00f6zel hayat\u0131 hakk\u0131nda \u00e7arp\u0131c\u0131 a\u00e7\u0131klamalar! \" width=\"1208\" height=\"680\" title=\"\" srcset=\"https:\/\/www.tgrthaber.com\/mavikadin\/wp-content\/uploads\/Teoman-1-1024x576.jpg 1024w, https:\/\/www.tgrthaber.com\/mavikadin\/wp-content\/uploads\/Teoman-1-300x169.jpg 300w, https:\/\/www.tgrthaber.com\/mavikadin\/wp-content\/uploads\/Teoman-1-768x432.jpg 768w, https:\/\/www.tgrthaber.com\/mavikadin\/wp-content\/uploads\/Teoman-1-1536x864.jpg 1536w, https:\/\/www.tgrthaber.com\/mavikadin\/wp-content\/uploads\/Teoman-1.jpg 1600w\" sizes=\"(max-width: 1208px) 100vw, 1208px\" \/><\/p>\n<hr \/>\n<h3>\u201cTAKINTILI B\u0130R\u0130Y\u0130MD\u0130R\u201d<\/h3>\n<p>\u00d6zel hayat\u0131n\u0131n yan\u0131nda i\u015f hayat\u0131yla ilgili de \u00e7e\u015fitli a\u00e7\u0131klamalarda bulunan Teoman, gazetecilerin \u201cNeden kablolu mikrofon kullan\u0131yorsunuz?\u201d sorular\u0131na: \u201cDi\u011fer telsiz mikrofonlardan \u00e7ok rahats\u0131z oluyorum. Bir elimin o kabloyu kavramas\u0131 gerekiyor. Al\u0131\u015fkanl\u0131k asl\u0131nda&#8230;\u201d \u015feklinde yan\u0131t verdi.<\/p>\n<p><img loading=\"lazy\" decoding=\"async\" class=\"alignnone wp-image-125287\" src=\"https:\/\/www.tgrthaber.com\/mavikadin\/wp-content\/uploads\/Adsiz-tasarim-20-29-1024x576.jpg\" alt=\"\u00dcnl\u00fc \u015fark\u0131c\u0131 Teoman\u2019dan \u00f6zel hayat\u0131 hakk\u0131nda \u00e7arp\u0131c\u0131 a\u00e7\u0131klamalar! \" width=\"1208\" height=\"680\" title=\"\" srcset=\"https:\/\/www.tgrthaber.com\/mavikadin\/wp-content\/uploads\/Adsiz-tasarim-20-29-1024x576.jpg 1024w, https:\/\/www.tgrthaber.com\/mavikadin\/wp-content\/uploads\/Adsiz-tasarim-20-29-300x169.jpg 300w, https:\/\/www.tgrthaber.com\/mavikadin\/wp-content\/uploads\/Adsiz-tasarim-20-29-768x432.jpg 768w, https:\/\/www.tgrthaber.com\/mavikadin\/wp-content\/uploads\/Adsiz-tasarim-20-29-1536x864.jpg 1536w, https:\/\/www.tgrthaber.com\/mavikadin\/wp-content\/uploads\/Adsiz-tasarim-20-29.jpg 1600w\" sizes=\"(max-width: 1208px) 100vw, 1208px\" \/><\/p>\n<hr \/>\n<p>Gazetecilerin Teoman\u2019a \u201cBilmedi\u011fimiz ba\u015fka tak\u0131nt\u0131lar\u0131n\u0131z var m\u0131?\u201d sorusu \u00fczerine Teoman, \u201cBilmedi\u011fimiz ba\u015fka tak\u0131nt\u0131lar\u0131n\u0131z var m\u0131?\u201d sorusuna \u201cBen de tak\u0131nt\u0131 \u00e7ok. Tak\u0131nt\u0131l\u0131 biriyimdir. Bir s\u00fcr\u00fc konuda. Nerede oturaca\u011f\u0131m\u0131 se\u00e7erim. Bir restoranda yuvarlak masaya oturmay\u0131 sevmem. Bir s\u00fcr\u00fc uyduruk uyduruk \u015feyim var.\u201d ifadelerini kulland\u0131. Bunun \u00fczerine gazetecilerin \u201cKi\u015filere takar m\u0131s\u0131n\u0131z?\u201d sorusuna Teoman, \u201cBenim insanlarla derdim yok. Kendime nefret \u00f6z\u00fcrl\u00fc diyorum. Kelek atanlardan bile nefret edemiyorum\u201d \u015feklinde yan\u0131t verdi.<\/p>\n","protected":false},"excerpt":{"rendered":"<p>\u00dcnl\u00fc \u015fark\u0131c\u0131 Teoman, yapt\u0131\u011f\u0131 a\u00e7\u0131klamalarla s\u0131k s\u0131k g\u00fcndeme gelmeye devam ediyor. \u00c7apk\u0131nl\u0131\u011f\u0131yla magazin d\u00fcnyas\u0131n\u0131n g\u00fcndemine oturan Teoman, \u00f6zel hayat\u0131 hakk\u0131nda \u00e7arp\u0131c\u0131 a\u00e7\u0131klamalarda bulundu. \u0130\u015fte detaylar\u2026 <\/p>\n","protected":false},"author":26,"featured_media":125282,"comment_status":"closed","ping_status":"closed","sticky":false,"template":"","format":"standard","meta":{"rank_math_lock_modified_date":false,"footnotes":""},"categories":[76],"tags":[133,2218,8973,1082],"class_list":["post-125281","post","type-post","status-publish","format-standard","has-post-thumbnail","hentry","category-magazin","tag-magazin","tag-magazin-haberleri","tag-sarkici-teoman","tag-teoman"],"_links":{"self":[{"href":"https:\/\/www.tgrthaber.com\/mavikadin\/wp-json\/wp\/v2\/posts\/125281"}],"collection":[{"href":"https:\/\/www.tgrthaber.com\/mavikadin\/wp-json\/wp\/v2\/posts"}],"about":[{"href":"https:\/\/www.tgrthaber.com\/mavikadin\/wp-json\/wp\/v2\/types\/post"}],"author":[{"embeddable":true,"href":"https:\/\/www.tgrthaber.com\/mavikadin\/wp-json\/wp\/v2\/users\/26"}],"replies":[{"embeddable":true,"href":"https:\/\/www.tgrthaber.com\/mavikadin\/wp-json\/wp\/v2\/comments?post=125281"}],"version-history":[{"count":2,"href":"https:\/\/www.tgrthaber.com\/mavikadin\/wp-json\/wp\/v2\/posts\/125281\/revisions"}],"predecessor-version":[{"id":125289,"href":"https:\/\/www.tgrthaber.com\/mavikadin\/wp-json\/wp\/v2\/posts\/125281\/revisions\/125289"}],"wp:featuredmedia":[{"embeddable":true,"href":"https:\/\/www.tgrthaber.com\/mavikadin\/wp-json\/wp\/v2\/media\/125282"}],"wp:attachment":[{"href":"https:\/\/www.tgrthaber.com\/mavikadin\/wp-json\/wp\/v2\/media?parent=125281"}],"wp:term":[{"taxonomy":"category","embeddable":true,"href":"https:\/\/www.tgrthaber.com\/mavikadin\/wp-json\/wp\/v2\/categories?post=125281"},{"taxonomy":"post_tag","embeddable":true,"href":"https:\/\/www.tgrthaber.com\/mavikadin\/wp-json\/wp\/v2\/tags?post=125281"}],"curies":[{"name":"wp","href":"https:\/\/api.w.org\/{rel}","templated":true}]}}