{"id":125417,"date":"2025-01-24T18:24:23","date_gmt":"2025-01-24T15:24:23","guid":{"rendered":"https:\/\/www.tgrthaber.com\/mavikadin\/?p=125417"},"modified":"2025-03-09T23:55:37","modified_gmt":"2025-03-09T20:55:37","slug":"survivor-2025-sevgi-ime-kimdir-bransi-sasirtti-yasi-memleketi-ve-hayati-arastiriliyor","status":"publish","type":"post","link":"https:\/\/www.tgrthaber.com\/mavikadin\/survivor-2025-sevgi-ime-kimdir-bransi-sasirtti-yasi-memleketi-ve-hayati-arastiriliyor\/","title":{"rendered":"Survivor 2025 Sevgi \u0130me kimdir? Bran\u015f\u0131 \u015fa\u015f\u0131rtt\u0131! Ya\u015f\u0131, memleketi ve hayat\u0131 ara\u015ft\u0131r\u0131l\u0131yor!"},"content":{"rendered":"<p class=\"p1\">Survivor 2025 All Star ve G\u00f6n\u00fcll\u00fcler b\u00fcy\u00fck bir heyecanla devam ediyor. Yar\u0131\u015fman\u0131n en dikkat \u00e7eken isimlerinden biri de Sevgi \u0130me oldu. <span class=\"Apple-converted-space\">\u00a0 <\/span>G\u00f6n\u00fcll\u00fcler tak\u0131m\u0131nda m\u00fccadele eden<span class=\"Apple-converted-space\">\u00a0 <\/span>gen\u00e7 sporcu, performans\u0131 ve azmiyle ad\u0131ndan s\u00f6z ettiriyor. Sevgi \u0130me\u2019nin hangi bran\u015fta uzmanla\u015ft\u0131\u011f\u0131 ve yar\u0131\u015fmadaki iddias\u0131 merak konusu oldu. Spor ge\u00e7mi\u015fi ve fiziksel dayan\u0131kl\u0131l\u0131\u011f\u0131yla \u00f6ne \u00e7\u0131kan yar\u0131\u015fmac\u0131, izleyiciler taraf\u0131ndan detayl\u0131 bir \u015fekilde ara\u015ft\u0131r\u0131l\u0131yor. Survivor\u2019da sergiledi\u011fi performansla dikkat \u00e7eken Sevgi \u0130me&#8217;nin bran\u015f\u0131 ne?\u00a0 Survivor 2025 Sevgi \u0130me kimdir, ka\u00e7 ya\u015f\u0131nda? \u0130\u015fte detaylar\u2026<\/p>\n<h3>SURV\u0130VOR 2025 SEVG\u0130 \u0130ME K\u0130MD\u0130R, KA\u00c7 YA\u015eINDA?<\/h3>\n<p class=\"p1\">Survivor 2025, izleyiciler i\u00e7in her y\u0131l oldu\u011fu gibi bu sezon da b\u00fcy\u00fck bir heyecan kayna\u011f\u0131 olmaya devam ediyor. G\u00f6n\u00fcll\u00fcler tak\u0131m\u0131nda yer alan Sevgi \u0130me, dikkat \u00e7eken yar\u0131\u015fmac\u0131lar aras\u0131nda yer al\u0131yor. Peki, Sevgi \u0130me kimdir? Ka\u00e7 ya\u015f\u0131nda, nereli ve mesle\u011fi ne? Survivor\u2019daki performans\u0131 ve ki\u015fili\u011fiyle ilgi \u00e7eken Sevgi \u0130me hakk\u0131nda detaylar ara\u015ft\u0131r\u0131lmaya ba\u015fland\u0131.<\/p>\n<p><img loading=\"lazy\" decoding=\"async\" class=\"alignnone wp-image-125419 \" src=\"https:\/\/www.tgrthaber.com\/mavikadin\/wp-content\/uploads\/Ekran-Resmi-2025-01-24-18.15.47.png\" alt=\"\" width=\"980\" height=\"551\" title=\"\" srcset=\"https:\/\/www.tgrthaber.com\/mavikadin\/wp-content\/uploads\/Ekran-Resmi-2025-01-24-18.15.47.png 968w, https:\/\/www.tgrthaber.com\/mavikadin\/wp-content\/uploads\/Ekran-Resmi-2025-01-24-18.15.47-300x169.png 300w, https:\/\/www.tgrthaber.com\/mavikadin\/wp-content\/uploads\/Ekran-Resmi-2025-01-24-18.15.47-768x432.png 768w\" sizes=\"(max-width: 980px) 100vw, 980px\" \/><\/p>\n<hr \/>\n<p class=\"p1\">Ordu\u2019nun Kumru il\u00e7esinde do\u011fup b\u00fcy\u00fcyen Sevgi \u0130me, gen\u00e7 ya\u015f\u0131na ra\u011fmen spora olan ilgisi ve disipliniyle tan\u0131n\u0131yor. Memleketini ulusal \u00e7apta temsil etmekten gurur duyan yar\u0131\u015fmac\u0131, sosyal \u00e7evresinde de aktif ve enerjik ki\u015fili\u011fiyle biliniyor. Yar\u0131\u015fmaya kat\u0131lmadan \u00f6nce \u00e7e\u015fitli spor dallar\u0131nda kendini geli\u015ftiren Sevgi\u2019nin, \u00f6zellikle dayan\u0131kl\u0131l\u0131k gerektiren bran\u015flarda ba\u015far\u0131l\u0131 oldu\u011fu belirtiliyor. Sevgi \u0130me&#8217;nin atletizm, jimnastik ve s\u0131r\u0131kla atlama alanlar\u0131ndaki ba\u015far\u0131s\u0131 g\u00fcndemden d\u00fc\u015fm\u00fcyor.<\/p>\n<p><img loading=\"lazy\" decoding=\"async\" class=\"alignnone wp-image-125420 \" src=\"https:\/\/www.tgrthaber.com\/mavikadin\/wp-content\/uploads\/Ekran-Resmi-2025-01-24-18.16.52.png\" alt=\"\" width=\"986\" height=\"555\" title=\"\" srcset=\"https:\/\/www.tgrthaber.com\/mavikadin\/wp-content\/uploads\/Ekran-Resmi-2025-01-24-18.16.52.png 966w, https:\/\/www.tgrthaber.com\/mavikadin\/wp-content\/uploads\/Ekran-Resmi-2025-01-24-18.16.52-300x169.png 300w, https:\/\/www.tgrthaber.com\/mavikadin\/wp-content\/uploads\/Ekran-Resmi-2025-01-24-18.16.52-768x432.png 768w\" sizes=\"(max-width: 986px) 100vw, 986px\" \/><\/p>\n<hr \/>\n<p class=\"p1\">Survivor 2025\u2019e kat\u0131l\u0131m\u0131yla birlikte Sevgi \u0130me\u2019nin fiziksel \u00f6zellikleri ve yar\u0131\u015fma performans\u0131 da merak konusu oldu. Fit ve atletik yap\u0131s\u0131yla dikkat \u00e7eken yar\u0131\u015fmac\u0131n\u0131n, 1.65-1.70 cm boyunda ve yakla\u015f\u0131k 55-60 kg a\u011f\u0131rl\u0131\u011f\u0131nda oldu\u011fu tahmin ediliyor. Parkurlardaki h\u0131zl\u0131 refleksleri ve stratejik yakla\u015f\u0131mlar\u0131yla rakiplerine kar\u015f\u0131 g\u00fc\u00e7l\u00fc bir m\u00fccadele sergileyen Sevgi \u0130me&#8217;nin bireysel yetenekleri ve tak\u0131m i\u00e7erisindeki uyumu merakla takip ediliyor.<\/p>\n<p><img loading=\"lazy\" decoding=\"async\" class=\"alignnone wp-image-125421 \" src=\"https:\/\/www.tgrthaber.com\/mavikadin\/wp-content\/uploads\/Ekran-Resmi-2025-01-24-18.17.39.png\" alt=\"\" width=\"985\" height=\"557\" title=\"\" srcset=\"https:\/\/www.tgrthaber.com\/mavikadin\/wp-content\/uploads\/Ekran-Resmi-2025-01-24-18.17.39.png 966w, https:\/\/www.tgrthaber.com\/mavikadin\/wp-content\/uploads\/Ekran-Resmi-2025-01-24-18.17.39-300x170.png 300w, https:\/\/www.tgrthaber.com\/mavikadin\/wp-content\/uploads\/Ekran-Resmi-2025-01-24-18.17.39-768x434.png 768w\" sizes=\"(max-width: 985px) 100vw, 985px\" \/><\/p>\n<hr \/>\n<h3>SURV\u0130VOR 2025 SEVG\u0130 \u0130ME EVL\u0130 M\u0130, E\u015e\u0130 K\u0130M?<\/h3>\n<p class=\"p2\">Survivor 2025\u2019in dikkat \u00e7eken yar\u0131\u015fmac\u0131lar\u0131ndan biri olan Sevgi \u0130me, yaln\u0131zca fiziksel performans\u0131yla de\u011fil, \u00f6zel hayat\u0131yla da merak konusu olmaya devam ediyor. \u0130zleyiciler, Sevgi\u2019nin yar\u0131\u015fma d\u0131\u015f\u0131ndaki ya\u015fam\u0131na dair detaylar\u0131 \u00f6\u011frenmek i\u00e7in yo\u011fun bir ara\u015ft\u0131rma i\u00e7ine girmi\u015f durumda. Ancak, Sevgi \u0130me\u2019nin \u015fu an i\u00e7in evli olmad\u0131\u011f\u0131 bilinmekle birlikte, herhangi bir ili\u015fkisi olup olmad\u0131\u011f\u0131 konusunda net bir bilgi bulunmamaktad\u0131r.<\/p>\n<p>&nbsp;<\/p>\n<p>&nbsp;<\/p>\n<p>&nbsp;<\/p>\n","protected":false},"excerpt":{"rendered":"<p>Survivor 2025 All Star ve G\u00f6n\u00fcll\u00fcler b\u00fcy\u00fck bir ilgiyle takip edilirken, G\u00f6n\u00fcll\u00fcler tak\u0131m\u0131nda m\u00fccadele eden Sevgi \u0130me, azmi ve performans\u0131yla dikkatleri \u00fczerine \u00e7ekiyor. Sporcu kimli\u011fiyle \u00f6ne \u00e7\u0131kan Sevgi\u2019nin bran\u015f\u0131 ve ge\u00e7mi\u015fi merak edildi. Peki Survivor 2025 Sevgi \u0130me kimdir, ka\u00e7 ya\u015f\u0131nda? \u0130\u015fte detaylar\u2026 <\/p>\n","protected":false},"author":16,"featured_media":144445,"comment_status":"closed","ping_status":"closed","sticky":false,"template":"","format":"standard","meta":{"rank_math_lock_modified_date":false,"footnotes":""},"categories":[491],"tags":[8988,8987],"class_list":["post-125417","post","type-post","status-publish","format-standard","has-post-thumbnail","hentry","category-biyografi","tag-survivor-2025-sevgi-ime-kac-yasinda","tag-survivor-2025-sevgi-ime-kimdir"],"_links":{"self":[{"href":"https:\/\/www.tgrthaber.com\/mavikadin\/wp-json\/wp\/v2\/posts\/125417"}],"collection":[{"href":"https:\/\/www.tgrthaber.com\/mavikadin\/wp-json\/wp\/v2\/posts"}],"about":[{"href":"https:\/\/www.tgrthaber.com\/mavikadin\/wp-json\/wp\/v2\/types\/post"}],"author":[{"embeddable":true,"href":"https:\/\/www.tgrthaber.com\/mavikadin\/wp-json\/wp\/v2\/users\/16"}],"replies":[{"embeddable":true,"href":"https:\/\/www.tgrthaber.com\/mavikadin\/wp-json\/wp\/v2\/comments?post=125417"}],"version-history":[{"count":1,"href":"https:\/\/www.tgrthaber.com\/mavikadin\/wp-json\/wp\/v2\/posts\/125417\/revisions"}],"predecessor-version":[{"id":125428,"href":"https:\/\/www.tgrthaber.com\/mavikadin\/wp-json\/wp\/v2\/posts\/125417\/revisions\/125428"}],"wp:featuredmedia":[{"embeddable":true,"href":"https:\/\/www.tgrthaber.com\/mavikadin\/wp-json\/wp\/v2\/media\/144445"}],"wp:attachment":[{"href":"https:\/\/www.tgrthaber.com\/mavikadin\/wp-json\/wp\/v2\/media?parent=125417"}],"wp:term":[{"taxonomy":"category","embeddable":true,"href":"https:\/\/www.tgrthaber.com\/mavikadin\/wp-json\/wp\/v2\/categories?post=125417"},{"taxonomy":"post_tag","embeddable":true,"href":"https:\/\/www.tgrthaber.com\/mavikadin\/wp-json\/wp\/v2\/tags?post=125417"}],"curies":[{"name":"wp","href":"https:\/\/api.w.org\/{rel}","templated":true}]}}