{"id":125445,"date":"2025-01-24T19:28:58","date_gmt":"2025-01-24T16:28:58","guid":{"rendered":"https:\/\/www.tgrthaber.com\/mavikadin\/?p=125445"},"modified":"2025-01-24T19:33:29","modified_gmt":"2025-01-24T16:33:29","slug":"yasemin-ozilhan-kot-sikligiyla-goz-kamastirdi-begeni-yagmuruna-tutuldu","status":"publish","type":"post","link":"https:\/\/www.tgrthaber.com\/mavikadin\/yasemin-ozilhan-kot-sikligiyla-goz-kamastirdi-begeni-yagmuruna-tutuldu\/","title":{"rendered":"Yasemin \u00d6zilhan kot \u015f\u0131kl\u0131\u011f\u0131yla g\u00f6z kama\u015ft\u0131rd\u0131! Be\u011feni ya\u011fmuruna tutuldu"},"content":{"rendered":"<p class=\"p1\">Yasemin \u00d6zilhan, sosyal medya hesab\u0131ndan yapt\u0131\u011f\u0131 payla\u015f\u0131mla bir kez daha tarz\u0131yla g\u00f6zleri \u00fczerine \u00e7ekti. G\u00fcnl\u00fck stilini kot pantolon ve kovboy \u00e7izmeleriyle tamamlayan \u00d6zilhan, \u015f\u0131kl\u0131\u011f\u0131n\u0131 sadelikle harmanlayarak takip\u00e7ilerinin be\u011fenisini kazand\u0131.<\/p>\n<h3>YASEM\u0130N \u00d6Z\u0130LHAN KOT \u015eIKLI\u011eIYLA G\u00d6Z KAMA\u015eTIRDI<\/h3>\n<p class=\"p2\">Sosyal medyada yapt\u0131\u011f\u0131 payla\u015f\u0131mlarla s\u0131k\u00e7a ad\u0131ndan s\u00f6z ettiren Yasemin \u00d6zilhan, kot kombiniyle yine g\u00f6z kama\u015ft\u0131rd\u0131. \u015e\u0131kl\u0131\u011f\u0131 ve zarafetiyle her zaman ilham kayna\u011f\u0131 olan \u00d6zilhan, spor ve elegan tarz\u0131n\u0131 bir araya getirdi\u011fi kombinini Instagram takip\u00e7ileriyle payla\u015ft\u0131.<\/p>\n<p><img loading=\"lazy\" decoding=\"async\" class=\"alignnone wp-image-125446 size-large\" src=\"https:\/\/www.tgrthaber.com\/mavikadin\/wp-content\/uploads\/Ekran-Resmi-2025-01-24-19.21.36-1024x623.png\" alt=\"\" width=\"1024\" height=\"623\" title=\"\" srcset=\"https:\/\/www.tgrthaber.com\/mavikadin\/wp-content\/uploads\/Ekran-Resmi-2025-01-24-19.21.36-1024x623.png 1024w, https:\/\/www.tgrthaber.com\/mavikadin\/wp-content\/uploads\/Ekran-Resmi-2025-01-24-19.21.36-300x182.png 300w, https:\/\/www.tgrthaber.com\/mavikadin\/wp-content\/uploads\/Ekran-Resmi-2025-01-24-19.21.36-768x467.png 768w, https:\/\/www.tgrthaber.com\/mavikadin\/wp-content\/uploads\/Ekran-Resmi-2025-01-24-19.21.36-1536x934.png 1536w, https:\/\/www.tgrthaber.com\/mavikadin\/wp-content\/uploads\/Ekran-Resmi-2025-01-24-19.21.36.png 1700w\" sizes=\"(max-width: 1024px) 100vw, 1024px\" \/><\/p>\n<hr \/>\n<p class=\"p2\">Kot pantolonunu \u015f\u0131k kovboy \u00e7izmeleriyle tamamlayan \u00fcnl\u00fc isim, do\u011fall\u0131\u011f\u0131n\u0131 ve \u00f6zg\u00fcn tarz\u0131n\u0131 yans\u0131tt\u0131\u011f\u0131 payla\u015f\u0131m\u0131na mavi kalp emojisi koydu.<span class=\"Apple-converted-space\">\u00a0 <\/span>K\u0131sa s\u00fcrede be\u011feni ya\u011fmuruna tutulan payla\u015f\u0131mlar, \u00d6zilhan\u2019\u0131n moda anlay\u0131\u015f\u0131n\u0131n takip\u00e7ileri taraf\u0131ndan da ilgiyle kar\u015f\u0131land\u0131\u011f\u0131n\u0131 bir kez daha g\u00f6sterdi.<\/p>\n<p><img loading=\"lazy\" decoding=\"async\" class=\"alignnone wp-image-125447 size-full\" src=\"https:\/\/www.tgrthaber.com\/mavikadin\/wp-content\/uploads\/Ekran-Resmi-2025-01-24-19.21.29.png\" alt=\"\" width=\"1126\" height=\"1500\" title=\"\" srcset=\"https:\/\/www.tgrthaber.com\/mavikadin\/wp-content\/uploads\/Ekran-Resmi-2025-01-24-19.21.29.png 1126w, https:\/\/www.tgrthaber.com\/mavikadin\/wp-content\/uploads\/Ekran-Resmi-2025-01-24-19.21.29-225x300.png 225w, https:\/\/www.tgrthaber.com\/mavikadin\/wp-content\/uploads\/Ekran-Resmi-2025-01-24-19.21.29-769x1024.png 769w, https:\/\/www.tgrthaber.com\/mavikadin\/wp-content\/uploads\/Ekran-Resmi-2025-01-24-19.21.29-768x1023.png 768w\" sizes=\"(max-width: 1126px) 100vw, 1126px\" \/><\/p>\n<hr \/>\n<h3>YASEM\u0130N \u00d6Z\u0130LHAN K\u0130MD\u0130R?<\/h3>\n<p class=\"p1\">Yasemin Ergene, 22 Ocak 1985\u2019te Almanya\u2019n\u0131n Hamburg kentinde d\u00fcnyaya gelmi\u015f, kariyerine oyunculuk ve modellik alan\u0131nda ad\u0131m atm\u0131\u015f bir isimdir. 2002 y\u0131l\u0131nda \u201cKo\u00e7um Benim\u201d dizisiyle televizyon ekranlar\u0131na merhaba diyen Ergene, k\u0131sa s\u00fcrede dikkatleri \u00fczerine \u00e7ekmeyi ba\u015fard\u0131. 2004 y\u0131l\u0131nda \u201cAh Be \u0130stanbul\u201d dizisinde rol ald\u0131ktan sonra sinema d\u00fcnyas\u0131na da ad\u0131m atan Ergene, \u201cVizontele Tuuba\u201d filmiyle ilk beyaz perde deneyimini ya\u015fad\u0131. Oyunculuk kariyerine bir s\u00fcre ara vererek diksiyon e\u011fitimi alan Ergene, 2005 y\u0131l\u0131nda yay\u0131nlanan \u201cA\u015fk Oyunu\u201d dizisinde oynad\u0131\u011f\u0131 Ekin Serbest karakteriyle geni\u015f kitlelere ula\u015ft\u0131.<\/p>\n<p><img loading=\"lazy\" decoding=\"async\" class=\"alignnone wp-image-125448 size-full\" src=\"https:\/\/www.tgrthaber.com\/mavikadin\/wp-content\/uploads\/Ekran-Resmi-2025-01-24-19.22.50.png\" alt=\"\" width=\"952\" height=\"548\" title=\"\" srcset=\"https:\/\/www.tgrthaber.com\/mavikadin\/wp-content\/uploads\/Ekran-Resmi-2025-01-24-19.22.50.png 952w, https:\/\/www.tgrthaber.com\/mavikadin\/wp-content\/uploads\/Ekran-Resmi-2025-01-24-19.22.50-300x173.png 300w, https:\/\/www.tgrthaber.com\/mavikadin\/wp-content\/uploads\/Ekran-Resmi-2025-01-24-19.22.50-768x442.png 768w\" sizes=\"(max-width: 952px) 100vw, 952px\" \/><\/p>\n<hr \/>\n<p class=\"p1\">Dizideki performans\u0131yla pop\u00fclaritesini art\u0131ran oyuncu, reklam projelerinde de yer alarak kariyerini farkl\u0131 alanlara ta\u015f\u0131d\u0131. 2006-2010 y\u0131llar\u0131 aras\u0131nda yay\u0131nlanan ve b\u00fcy\u00fck ilgi g\u00f6ren \u201cDoktorlar\u201d dizisinde Ela Alt\u0131nda\u011f karakterini oynayan Ergene, bu rol\u00fcyle izleyicinin haf\u0131zas\u0131nda iz b\u0131rakt\u0131. Dizinin ard\u0131ndan oyunculu\u011fa veda eden Ergene, bu karar\u0131 \u00fcniversite e\u011fitimine odaklanmak amac\u0131yla ald\u0131\u011f\u0131n\u0131 a\u00e7\u0131klad\u0131. \u0130stanbul Bilgi \u00dcniversitesi Halkla \u0130li\u015fkiler B\u00f6l\u00fcm\u00fc\u2019nden mezun olan Yasemin Ergene, 2011 y\u0131l\u0131nda i\u015f insan\u0131 \u0130zzet \u00d6zilhan ile hayat\u0131n\u0131 birle\u015ftirdi. Bu evlilikten Emine ve Ela ad\u0131nda iki k\u0131z\u0131 olan Ergene, g\u00f6zlerden uzakta bir hayat s\u00fcrmeye devam ediyor.<\/p>\n","protected":false},"excerpt":{"rendered":"<p>Yasemin \u00d6zilhan, sosyal medya payla\u015f\u0131m\u0131yla bir kez daha tarz\u0131yla dikkatleri \u00fczerine \u00e7ekti. Kot pantolon ve kovboy \u00e7izmeleriyle olu\u015fturdu\u011fu kombin, b\u00fcy\u00fck be\u011feni toplad\u0131 ve sosyal medyada ilgi g\u00f6rd\u00fc. <\/p>\n","protected":false},"author":16,"featured_media":125450,"comment_status":"closed","ping_status":"closed","sticky":false,"template":"","format":"standard","meta":{"rank_math_lock_modified_date":false,"footnotes":""},"categories":[1305],"tags":[8993,8992,8991],"class_list":["post-125445","post","type-post","status-publish","format-standard","has-post-thumbnail","hentry","category-moda","tag-yasemin-ozilhan-kimdir","tag-yasemin-ozilhan-kiyafetleri","tag-yasemin-ozilhan-kot-sikligi"],"_links":{"self":[{"href":"https:\/\/www.tgrthaber.com\/mavikadin\/wp-json\/wp\/v2\/posts\/125445"}],"collection":[{"href":"https:\/\/www.tgrthaber.com\/mavikadin\/wp-json\/wp\/v2\/posts"}],"about":[{"href":"https:\/\/www.tgrthaber.com\/mavikadin\/wp-json\/wp\/v2\/types\/post"}],"author":[{"embeddable":true,"href":"https:\/\/www.tgrthaber.com\/mavikadin\/wp-json\/wp\/v2\/users\/16"}],"replies":[{"embeddable":true,"href":"https:\/\/www.tgrthaber.com\/mavikadin\/wp-json\/wp\/v2\/comments?post=125445"}],"version-history":[{"count":2,"href":"https:\/\/www.tgrthaber.com\/mavikadin\/wp-json\/wp\/v2\/posts\/125445\/revisions"}],"predecessor-version":[{"id":125451,"href":"https:\/\/www.tgrthaber.com\/mavikadin\/wp-json\/wp\/v2\/posts\/125445\/revisions\/125451"}],"wp:featuredmedia":[{"embeddable":true,"href":"https:\/\/www.tgrthaber.com\/mavikadin\/wp-json\/wp\/v2\/media\/125450"}],"wp:attachment":[{"href":"https:\/\/www.tgrthaber.com\/mavikadin\/wp-json\/wp\/v2\/media?parent=125445"}],"wp:term":[{"taxonomy":"category","embeddable":true,"href":"https:\/\/www.tgrthaber.com\/mavikadin\/wp-json\/wp\/v2\/categories?post=125445"},{"taxonomy":"post_tag","embeddable":true,"href":"https:\/\/www.tgrthaber.com\/mavikadin\/wp-json\/wp\/v2\/tags?post=125445"}],"curies":[{"name":"wp","href":"https:\/\/api.w.org\/{rel}","templated":true}]}}