{"id":125466,"date":"2025-01-24T21:00:31","date_gmt":"2025-01-24T18:00:31","guid":{"rendered":"https:\/\/www.tgrthaber.com\/mavikadin\/?p=125466"},"modified":"2025-01-24T21:00:54","modified_gmt":"2025-01-24T18:00:54","slug":"athena-gokhanin-bosandigi-melis-ulken-kimdir-nerede-yasiyor","status":"publish","type":"post","link":"https:\/\/www.tgrthaber.com\/mavikadin\/athena-gokhanin-bosandigi-melis-ulken-kimdir-nerede-yasiyor\/","title":{"rendered":"Athena G\u00f6khan\u2019\u0131n bo\u015fand\u0131\u011f\u0131 Melis \u00dclken kimdir? Nerede ya\u015f\u0131yor?"},"content":{"rendered":"<p>\u015eark\u0131lar\u0131yla oldu\u011fu kadar O Ses T\u00fcrkiye J\u00fcri \u00fcyeli\u011findeki sempatik tav\u0131rlar\u0131yla herkes taraf\u0131ndan sevilen Athena grubunun ba\u015f solisti G\u00f6khan \u00d6zo\u011fuz, 13 y\u0131ll\u0131k birlikte ayn\u0131 yast\u0131\u011fa ba\u015f koydu\u011fu hayat arkada\u015f\u0131 Melis \u00dclken ile sessiz sedas\u0131z bo\u015fand\u0131. Ailesiyle olan mutlu hallerini sosyal medya hesaplar\u0131nda payla\u015fan \u00d6zo\u011fuz\u2019dan bo\u015fand\u0131 haberinin gelmesi magazin d\u00fcnyas\u0131nda bomba etkisi olu\u015fturdu. Ayr\u0131l\u0131k haberinin duyulmas\u0131 ard\u0131ndan sosyal medyada en \u00e7ok arananlardan biri de Melis \u00dclken kimdir? Nerede ya\u015f\u0131yor? Ka\u00e7 ya\u015f\u0131nda? Ne i\u015fle u\u011fra\u015f\u0131yor? gibi sorular aranmaya ba\u015fland\u0131.<\/p>\n<h3>MEL\u0130S \u00dcLKEN K\u0130MD\u0130R?<\/h3>\n<p>1989 do\u011fumlu olan Melis \u00dclken, \u0130stanbul\u2019da do\u011fdu. Sade bir ya\u015fam\u0131 tercih eden \u00dclken, G\u00f6khan \u00d6zo\u011fuz\u2019la 2012 y\u0131l\u0131nda evlendikten sonra sosyal medyada tan\u0131n\u0131r hale geldi. Tan\u0131nm\u0131\u015f olmas\u0131na ra\u011fmen yine de sanat camias\u0131ndan uzak kalarak sessiz bir aile ya\u015fam\u0131n\u0131 tercih etti. G\u00fczel aile birlikteli\u011fini evlatlar\u0131yla daha da anlaml\u0131 hale getirmi\u015flerdi.<\/p>\n<p><img loading=\"lazy\" decoding=\"async\" class=\"alignnone wp-image-125484\" src=\"https:\/\/www.tgrthaber.com\/mavikadin\/wp-content\/uploads\/melis-ulken-kimdir-300x169.jpg\" alt=\"melis \u00fclken kimdir\" width=\"1208\" height=\"680\" title=\"\" srcset=\"https:\/\/www.tgrthaber.com\/mavikadin\/wp-content\/uploads\/melis-ulken-kimdir-300x169.jpg 300w, https:\/\/www.tgrthaber.com\/mavikadin\/wp-content\/uploads\/melis-ulken-kimdir-1024x576.jpg 1024w, https:\/\/www.tgrthaber.com\/mavikadin\/wp-content\/uploads\/melis-ulken-kimdir-768x432.jpg 768w, https:\/\/www.tgrthaber.com\/mavikadin\/wp-content\/uploads\/melis-ulken-kimdir-1536x864.jpg 1536w, https:\/\/www.tgrthaber.com\/mavikadin\/wp-content\/uploads\/melis-ulken-kimdir.jpg 1920w\" sizes=\"(max-width: 1208px) 100vw, 1208px\" \/><\/p>\n<hr \/>\n<h3>MEL\u0130S \u00dcLKEN NEREL\u0130D\u0130R?<\/h3>\n<p>\u0130stanbul\u2019da do\u011fan Melis \u00dclken\u2019in baba taraf\u0131n\u0131n nereli oldu\u011funa dair herhangi bir bilgi bulunmamaktad\u0131r. \u0130stanbul\u2019da do\u011fup b\u00fcy\u00fcd\u00fc\u011f\u00fc i\u00e7in aslen \u0130stanbul\u2019lu diyebiliriz.<\/p>\n<h3>MEL\u0130S \u00dcLKEN KA\u00c7 YA\u015eINDADIR?<\/h3>\n<p>1989 do\u011fumlu olan Melis \u00dclken, 35 ya\u015f\u0131ndad\u0131r. \u00dclken, gen\u00e7 ve fit g\u00f6r\u00fcn\u00fcm\u00fc onu ya\u015f\u0131ndan daha k\u00fc\u00e7\u00fck g\u00f6steriyor. Gen\u00e7 g\u00f6r\u00fcn\u00fcm\u00fcn\u00fc sadece ve do\u011fal bir ya\u015fam\u0131 tercih etti\u011fi i\u00e7in olabilir.<\/p>\n<p><img loading=\"lazy\" decoding=\"async\" class=\"alignnone wp-image-125485\" src=\"https:\/\/www.tgrthaber.com\/mavikadin\/wp-content\/uploads\/melis-ulken-kac-yasindadir-300x169.jpg\" alt=\"melis \u00fclken ka\u00e7 ya\u015f\u0131ndad\u0131r\" width=\"1208\" height=\"680\" title=\"\" srcset=\"https:\/\/www.tgrthaber.com\/mavikadin\/wp-content\/uploads\/melis-ulken-kac-yasindadir-300x169.jpg 300w, https:\/\/www.tgrthaber.com\/mavikadin\/wp-content\/uploads\/melis-ulken-kac-yasindadir-1024x576.jpg 1024w, https:\/\/www.tgrthaber.com\/mavikadin\/wp-content\/uploads\/melis-ulken-kac-yasindadir-768x432.jpg 768w, https:\/\/www.tgrthaber.com\/mavikadin\/wp-content\/uploads\/melis-ulken-kac-yasindadir-1536x864.jpg 1536w, https:\/\/www.tgrthaber.com\/mavikadin\/wp-content\/uploads\/melis-ulken-kac-yasindadir.jpg 1920w\" sizes=\"(max-width: 1208px) 100vw, 1208px\" \/><\/p>\n<hr \/>\n<h3>MEL\u0130S \u00dcLKEN MESLE\u011e\u0130 NED\u0130R?<\/h3>\n<p>Melis \u00dclken hakk\u0131nda medyada \u00e7ok fazla mesle\u011fi ile ilgili bir a\u00e7\u0131klamas\u0131 bulunmamaktad\u0131r. Melis \u00dclken\u2019i daha \u00e7ok sade ve d\u00fczenli bir ya\u015fam tarz\u0131n\u0131 benimsedi\u011fini s\u00f6yleyebiliriz. G\u00fcn\u00fcn bir\u00e7o\u011funu \u00e7ocuklar\u0131na ve kendi \u00f6zel i\u015flerine ay\u0131r\u0131yor.<\/p>\n<h3>MEL\u0130S \u00dcLKEN VE G\u00d6KHAN \u00d6ZO\u011eUZ\u2019UN KA\u00c7 \u00c7OCU\u011eU VAR?<\/h3>\n<p>G\u00f6khan \u00d6zo\u011fuz ve Melis \u00dclken, evliliklerinden \u00fc\u00e7 \u00e7ocuklar\u0131 vard\u0131r. \u0130lk \u00e7ocuklar\u0131 ikiz Derya ve Ay\u015fe, \u00e7iftin mutlu evliliklerinin ilk y\u0131llar\u0131nda d\u00fcnyaya geldi. Sonras\u0131nda Ali ad\u0131nda bir o\u011fullar\u0131 oldu.<\/p>\n<p><img loading=\"lazy\" decoding=\"async\" class=\"alignnone wp-image-125486\" src=\"https:\/\/www.tgrthaber.com\/mavikadin\/wp-content\/uploads\/Gokhan-Ozoguz-ve-Melis-Ulken-kac-cocugu-var-300x169.jpg\" alt=\"G\u00f6khan \u00d6zo\u011fuz ve Melis \u00dclken ka\u00e7 \u00e7ocu\u011fu var\" width=\"1208\" height=\"680\" title=\"\" srcset=\"https:\/\/www.tgrthaber.com\/mavikadin\/wp-content\/uploads\/Gokhan-Ozoguz-ve-Melis-Ulken-kac-cocugu-var-300x169.jpg 300w, https:\/\/www.tgrthaber.com\/mavikadin\/wp-content\/uploads\/Gokhan-Ozoguz-ve-Melis-Ulken-kac-cocugu-var-1024x576.jpg 1024w, https:\/\/www.tgrthaber.com\/mavikadin\/wp-content\/uploads\/Gokhan-Ozoguz-ve-Melis-Ulken-kac-cocugu-var-768x432.jpg 768w, https:\/\/www.tgrthaber.com\/mavikadin\/wp-content\/uploads\/Gokhan-Ozoguz-ve-Melis-Ulken-kac-cocugu-var-1536x864.jpg 1536w, https:\/\/www.tgrthaber.com\/mavikadin\/wp-content\/uploads\/Gokhan-Ozoguz-ve-Melis-Ulken-kac-cocugu-var.jpg 1920w\" sizes=\"(max-width: 1208px) 100vw, 1208px\" \/><\/p>\n<hr \/>\n<p>&nbsp;<\/p>\n","protected":false},"excerpt":{"rendered":"<p>Athena grubunun ba\u015f solisti G\u00f6khan \u00d6zo\u011fuz, 13 senelik e\u015fi Melis \u00dclken ile ayr\u0131ld\u0131lar. Ya\u015fan\u0131lan bo\u015fanman\u0131n ard\u0131ndan Melis \u00dclken\u2019in kim oldu\u011fu, nerede ya\u015fad\u0131\u011f\u0131 ve mesle\u011finin ne oldu\u011fu merak konusu haline geldi. <\/p>\n","protected":false},"author":10,"featured_media":125467,"comment_status":"closed","ping_status":"closed","sticky":false,"template":"","format":"standard","meta":{"rank_math_lock_modified_date":false,"footnotes":""},"categories":[491],"tags":[3967,3968,9002,9001],"class_list":["post-125466","post","type-post","status-publish","format-standard","has-post-thumbnail","hentry","category-biyografi","tag-athena-gokhan","tag-gokhan-ozoguz","tag-gokhan-ozoguz-esi-melis-ulken","tag-melis-ulken"],"_links":{"self":[{"href":"https:\/\/www.tgrthaber.com\/mavikadin\/wp-json\/wp\/v2\/posts\/125466"}],"collection":[{"href":"https:\/\/www.tgrthaber.com\/mavikadin\/wp-json\/wp\/v2\/posts"}],"about":[{"href":"https:\/\/www.tgrthaber.com\/mavikadin\/wp-json\/wp\/v2\/types\/post"}],"author":[{"embeddable":true,"href":"https:\/\/www.tgrthaber.com\/mavikadin\/wp-json\/wp\/v2\/users\/10"}],"replies":[{"embeddable":true,"href":"https:\/\/www.tgrthaber.com\/mavikadin\/wp-json\/wp\/v2\/comments?post=125466"}],"version-history":[{"count":3,"href":"https:\/\/www.tgrthaber.com\/mavikadin\/wp-json\/wp\/v2\/posts\/125466\/revisions"}],"predecessor-version":[{"id":125490,"href":"https:\/\/www.tgrthaber.com\/mavikadin\/wp-json\/wp\/v2\/posts\/125466\/revisions\/125490"}],"wp:featuredmedia":[{"embeddable":true,"href":"https:\/\/www.tgrthaber.com\/mavikadin\/wp-json\/wp\/v2\/media\/125467"}],"wp:attachment":[{"href":"https:\/\/www.tgrthaber.com\/mavikadin\/wp-json\/wp\/v2\/media?parent=125466"}],"wp:term":[{"taxonomy":"category","embeddable":true,"href":"https:\/\/www.tgrthaber.com\/mavikadin\/wp-json\/wp\/v2\/categories?post=125466"},{"taxonomy":"post_tag","embeddable":true,"href":"https:\/\/www.tgrthaber.com\/mavikadin\/wp-json\/wp\/v2\/tags?post=125466"}],"curies":[{"name":"wp","href":"https:\/\/api.w.org\/{rel}","templated":true}]}}