{"id":125471,"date":"2025-01-24T20:39:36","date_gmt":"2025-01-24T17:39:36","guid":{"rendered":"https:\/\/www.tgrthaber.com\/mavikadin\/?p=125471"},"modified":"2025-01-24T20:42:42","modified_gmt":"2025-01-24T17:42:42","slug":"ayse-barim-sorusturmasi-genisliyor-yeni-isimler-ifadeye-cagirildi","status":"publish","type":"post","link":"https:\/\/www.tgrthaber.com\/mavikadin\/ayse-barim-sorusturmasi-genisliyor-yeni-isimler-ifadeye-cagirildi\/","title":{"rendered":"Ay\u015fe Bar\u0131m soru\u015fturmas\u0131 geni\u015fliyor! Yeni isimler ifadeye \u00e7a\u011f\u0131r\u0131ld\u0131&#8230;"},"content":{"rendered":"<p>Mehmet Ali Alabora ile yaz\u0131\u015fmalar\u0131 ortaya \u00e7\u0131kan Ay\u015fe Bar\u0131m, emniyet taraf\u0131ndan g\u00f6zalt\u0131na al\u0131nd\u0131. Ay\u015fe Bar\u0131m\u2019\u0131n g\u00f6zalt\u0131na al\u0131nmas\u0131n\u0131n ard\u0131ndan sanat d\u00fcnyas\u0131ndan bir\u00e7ok ki\u015fi hakk\u0131nda da soru\u015fturma a\u00e7\u0131ld\u0131. Adliyeye polis e\u015fli\u011finde getirilen sanat\u00e7\u0131lar ifade verdi.<\/p>\n<p><img loading=\"lazy\" decoding=\"async\" class=\"alignnone wp-image-125475\" src=\"https:\/\/www.tgrthaber.com\/mavikadin\/wp-content\/uploads\/nejat-isler-2-300x168.webp\" alt=\"\" width=\"1270\" height=\"712\" title=\"\" srcset=\"https:\/\/www.tgrthaber.com\/mavikadin\/wp-content\/uploads\/nejat-isler-2-300x168.webp 300w, https:\/\/www.tgrthaber.com\/mavikadin\/wp-content\/uploads\/nejat-isler-2.webp 731w\" sizes=\"(max-width: 1270px) 100vw, 1270px\" \/><\/p>\n<hr \/>\n<p>Berg\u00fczar Korel, Dolunay Soysert, Halit Ergen\u00e7, Mehmet G\u00fcns\u00fcr ve R\u0131za Kocao\u011flu gibi isimlerin soru\u015fturma kapsam\u0131nda adliyeye \u00e7a\u011f\u0131r\u0131lmas\u0131 sonras\u0131 2 yeni \u00fcnl\u00fc isim de adliyeye \u00e7a\u011f\u0131r\u0131lanlar aras\u0131na girdi.<\/p>\n<p>Nejat \u0130\u015fler ve Ceyda D\u00fcvenci de Gezi soru\u015fturmas\u0131 kapsam\u0131nda ifadeleri al\u0131nmak \u00fczere adliyeye \u00e7a\u011f\u0131r\u0131ld\u0131.<\/p>\n<p><img loading=\"lazy\" decoding=\"async\" class=\"alignnone wp-image-125473\" src=\"https:\/\/www.tgrthaber.com\/mavikadin\/wp-content\/uploads\/ceyda-duvenci-300x169.webp\" alt=\"\" width=\"1270\" height=\"714\" title=\"\" srcset=\"https:\/\/www.tgrthaber.com\/mavikadin\/wp-content\/uploads\/ceyda-duvenci-300x169.webp 300w, https:\/\/www.tgrthaber.com\/mavikadin\/wp-content\/uploads\/ceyda-duvenci-1024x576.webp 1024w, https:\/\/www.tgrthaber.com\/mavikadin\/wp-content\/uploads\/ceyda-duvenci-768x432.webp 768w, https:\/\/www.tgrthaber.com\/mavikadin\/wp-content\/uploads\/ceyda-duvenci.webp 1280w\" sizes=\"(max-width: 1270px) 100vw, 1270px\" \/><\/p>\n<hr \/>\n<p><strong>AY\u015eE BARIM SORU\u015eTURMASINDA K\u0130MLER \u0130FADE VERD\u0130?<\/strong><\/p>\n<p>Ay\u015fe Bar\u0131m\u2019\u0131n g\u00f6zalt\u0131na al\u0131nmas\u0131yla ba\u015flayan soru\u015fturmalar kapsam\u0131nda \u015fimdiye kadar Berg\u00fczar Korel, Dolunay Soysert, Halit Ergen\u00e7, Mehmet G\u00fcns\u00fcr, R\u0131za Kocao\u011flu, Nejat \u0130\u015fler ve Ceyda D\u00fcvenci ifadeleri al\u0131nmak \u00fczere adliyeye \u00e7a\u011f\u0131r\u0131lan isimler oldu.<\/p>\n","protected":false},"excerpt":{"rendered":"<p>2013 y\u0131l\u0131nda ger\u00e7ekle\u015fen Gezi Park\u0131 olaylar\u0131na i\u015ftirak etti\u011fi gerek\u00e7esiyle soru\u015fturma a\u00e7\u0131lan Ay\u015fe Bar\u0131m\u2019\u0131n g\u00f6zalt\u0131na al\u0131nmas\u0131 sonras\u0131 sanat d\u00fcnyas\u0131nda bir\u00e7ok isim adliyeye \u00e7a\u011f\u0131r\u0131ld\u0131. Son geli\u015fmelere g\u00f6re, Nejat \u0130\u015fler ve Ceyda D\u00fcvenci de ifadeleri al\u0131nmak \u00fczere adliyeye \u00e7a\u011f\u0131r\u0131ld\u0131. <\/p>\n","protected":false},"author":33,"featured_media":125476,"comment_status":"closed","ping_status":"closed","sticky":false,"template":"","format":"standard","meta":{"rank_math_lock_modified_date":false,"footnotes":""},"categories":[101,76],"tags":[7462,8956,9000],"class_list":["post-125471","post","type-post","status-publish","format-standard","has-post-thumbnail","hentry","category-kesfet","category-magazin","tag-ayse-barim","tag-ayse-barim-gezi-parki","tag-gezi-sorusturmasi"],"_links":{"self":[{"href":"https:\/\/www.tgrthaber.com\/mavikadin\/wp-json\/wp\/v2\/posts\/125471"}],"collection":[{"href":"https:\/\/www.tgrthaber.com\/mavikadin\/wp-json\/wp\/v2\/posts"}],"about":[{"href":"https:\/\/www.tgrthaber.com\/mavikadin\/wp-json\/wp\/v2\/types\/post"}],"author":[{"embeddable":true,"href":"https:\/\/www.tgrthaber.com\/mavikadin\/wp-json\/wp\/v2\/users\/33"}],"replies":[{"embeddable":true,"href":"https:\/\/www.tgrthaber.com\/mavikadin\/wp-json\/wp\/v2\/comments?post=125471"}],"version-history":[{"count":2,"href":"https:\/\/www.tgrthaber.com\/mavikadin\/wp-json\/wp\/v2\/posts\/125471\/revisions"}],"predecessor-version":[{"id":125478,"href":"https:\/\/www.tgrthaber.com\/mavikadin\/wp-json\/wp\/v2\/posts\/125471\/revisions\/125478"}],"wp:featuredmedia":[{"embeddable":true,"href":"https:\/\/www.tgrthaber.com\/mavikadin\/wp-json\/wp\/v2\/media\/125476"}],"wp:attachment":[{"href":"https:\/\/www.tgrthaber.com\/mavikadin\/wp-json\/wp\/v2\/media?parent=125471"}],"wp:term":[{"taxonomy":"category","embeddable":true,"href":"https:\/\/www.tgrthaber.com\/mavikadin\/wp-json\/wp\/v2\/categories?post=125471"},{"taxonomy":"post_tag","embeddable":true,"href":"https:\/\/www.tgrthaber.com\/mavikadin\/wp-json\/wp\/v2\/tags?post=125471"}],"curies":[{"name":"wp","href":"https:\/\/api.w.org\/{rel}","templated":true}]}}