{"id":125884,"date":"2025-01-26T03:29:14","date_gmt":"2025-01-26T00:29:14","guid":{"rendered":"https:\/\/www.tgrthaber.com\/mavikadin\/?p=125884"},"modified":"2025-01-26T03:29:14","modified_gmt":"2025-01-26T00:29:14","slug":"deha-dizisine-surpriz-transfer-yahya-alp-demiray-kuduzun-sag-kolu-olarak-geliyor","status":"publish","type":"post","link":"https:\/\/www.tgrthaber.com\/mavikadin\/deha-dizisine-surpriz-transfer-yahya-alp-demiray-kuduzun-sag-kolu-olarak-geliyor\/","title":{"rendered":"&#8216;Deha&#8217; dizisine s\u00fcrpriz transfer: Yahya Alp Demiray Kuduz&#8217;un sa\u011f kolu olarak geliyor&#8230;"},"content":{"rendered":"<p>Show TV kanal\u0131nda yay\u0131nlanan en iddial\u0131 dizilerden biri olarak ekranlara giri\u015f yapan &#8216;Deha&#8217; dizisinde ge\u00e7ti\u011fimiz b\u00f6l\u00fcmlerde ba\u015frol oyunculardan birinin diziye veda etmesi ile dizinin final yapma ihtimali konu\u015fulmu\u015ftu.<\/p>\n<p>Ba\u015frol oyuncular\u0131nda yetenekli oyuncu Aras Bulut \u0130ynemli&#8217;nin oldu\u011fu ve &#8216;Deha&#8217; karakterini \u00fcstlendi\u011fi iddial\u0131 dizide &#8216;Esme&#8217; karakterini oynayan g\u00fczel oyuncu Ahsen Ero\u011flu&#8217;nun diziden ayr\u0131lmas\u0131 diziye adeta yeni bir soluk getirerek heyecanl\u0131 geli\u015fmelerin g\u00f6r\u00fclmesine yol a\u00e7t\u0131.<\/p>\n<p>Y\u00f6netmen koltu\u011funda Umut Aral ve \u00d6zlem G\u00fcnhan\u2019\u0131n oldu\u011fu dizinin oyuncu kadrosuna en son &#8216;Kuduz&#8217; karakteri ile oyuncu Emir Benderlio\u011flu kat\u0131lm\u0131\u015ft\u0131. Benderlio\u011flu&#8217;ndan sonra yeni bir ismin daha ekranlarda kendisini g\u00f6sterece\u011fi \u00f6\u011frenildi.<\/p>\n<h3>DEHA D\u0130Z\u0130S\u0130NE YEN\u0130 B\u0130R \u0130S\u0130M DAHA KATILDI! KUDUZ&#8217;UN SA\u011e KOLU OLACAK&#8230;<\/h3>\n<p>Her pazar ak\u015fam\u0131 saat 20.00&#8217;da Show TV ekranlar\u0131nda yay\u0131nlanan &#8216;Deha&#8217; dizisinin son b\u00f6l\u00fcmlerinde oyuncu Emir Benderlio\u011flu diziye &#8216;Kuduz&#8217; olarak kat\u0131lm\u0131\u015ft\u0131.<\/p>\n<p><img loading=\"lazy\" decoding=\"async\" class=\"alignnone wp-image-121998 size-full\" src=\"https:\/\/www.tgrthaber.com\/mavikadin\/wp-content\/uploads\/Yeni-Proje-73.jpg\" alt=\"\" width=\"1208\" height=\"680\" title=\"\" srcset=\"https:\/\/www.tgrthaber.com\/mavikadin\/wp-content\/uploads\/Yeni-Proje-73.jpg 1208w, https:\/\/www.tgrthaber.com\/mavikadin\/wp-content\/uploads\/Yeni-Proje-73-300x169.jpg 300w, https:\/\/www.tgrthaber.com\/mavikadin\/wp-content\/uploads\/Yeni-Proje-73-1024x576.jpg 1024w, https:\/\/www.tgrthaber.com\/mavikadin\/wp-content\/uploads\/Yeni-Proje-73-768x432.jpg 768w\" sizes=\"(max-width: 1208px) 100vw, 1208px\" \/><\/p>\n<hr \/>\n<p>Deha&#8217;n\u0131n bu haftaki yay\u0131nlanacak b\u00f6l\u00fcm\u00fcnde ise Kuduz\u2019un sa\u011f kolu karakteri ile Harun ekranlara geliyor. &#8216;Deha&#8217; dizisinde &#8216;Harun&#8217; rol\u00fcn\u00fc \u00fcstlenecek ismin ise Yahya Alp Demiray oldu\u011fu belli oldu.<\/p>\n<p>Ekranlar\u0131n ba\u015far\u0131l\u0131 oyuncusu Yahya Alp Demiray en son Kanal D kanal\u0131nda yay\u0131nlanan pop\u00fcler dizi &#8216;Yarg\u0131&#8217; da \u201c\u00d6zg\u00fcr\u201d karakteri ile kendini g\u00f6stermi\u015fti.<\/p>\n<p><img loading=\"lazy\" decoding=\"async\" class=\"wp-image-125885\" src=\"https:\/\/www.tgrthaber.com\/mavikadin\/wp-content\/uploads\/dfd-2.png\" alt=\"deha dizisinin harunu yahya alp demirey\" width=\"1208\" height=\"684\" title=\"\" srcset=\"https:\/\/www.tgrthaber.com\/mavikadin\/wp-content\/uploads\/dfd-2.png 797w, https:\/\/www.tgrthaber.com\/mavikadin\/wp-content\/uploads\/dfd-2-300x170.png 300w, https:\/\/www.tgrthaber.com\/mavikadin\/wp-content\/uploads\/dfd-2-768x435.png 768w\" sizes=\"(max-width: 1208px) 100vw, 1208px\" \/><\/p>\n<hr \/>\n<p>Oyuncu Yahya Alp Demiray, daha \u00f6nceden TV ekranlar\u0131nda yine ba\u015frol\u00fc Aras Bulut \u0130ynemli&#8217;nin oldu\u011fu \u00c7ukur ve \u00c7ukurdakiler adl\u0131 yap\u0131mda da rol alm\u0131\u015ft\u0131.<\/p>\n<h3>DEHA D\u0130Z\u0130S\u0130NDE YER ALAN OYUNCU KADROSU! OYUNCULAR VE OYNADI\u011eI KARAKTERLER<\/h3>\n<p>-Taner \u00d6lmez (Cesur)<\/p>\n<p>-Zuhal Gencer (G\u00fclce)<\/p>\n<p>-Melis Sezen (\u0130mre)<\/p>\n<p>-\u00c7a\u011fan Efe Ak (Boran)<\/p>\n<p>-Eyl\u00fcl Ers\u00f6z (Ceylan)<\/p>\n<p>-Umutcan \u00dctebay (Yaman)<\/p>\n<p>-Emel G\u00f6ksu (Cavidan)<\/p>\n<p>-\u00c7a\u011fr\u0131 Atakan (Kadir)<\/p>\n<p>-Abdurrahman Yunuso\u011flu (Cengiz)<\/p>\n<p>-O\u011fulcan Arman Uslu (Ferman)<\/p>\n<p>-Taner Rumeli (Karga)<\/p>\n<p>-Cenk Kang\u00f6z (Hakim)<\/p>\n<p>-U\u011fur Polat (\u0130skender)<\/p>\n<p>-Seda Akman (Aysel)<\/p>\n<p>-Onur Saylak (Sofi)<\/p>\n<p>-G\u00fcrkan Uygun<\/p>\n","protected":false},"excerpt":{"rendered":"<p>Daha \u00f6nce &#8216;\u00c7ukur&#8217; dizisinde rol alan oyuncu Yahya alp demiray, &#8216;Deha&#8217; dizisinin bu haftaki b\u00f6l\u00fcm\u00fcne &#8216;Harun&#8217; rol\u00fc ile Kuduz&#8217;un sa\u011f kolu olarak geliyor&#8230;<\/p>\n","protected":false},"author":27,"featured_media":125886,"comment_status":"closed","ping_status":"closed","sticky":false,"template":"","format":"standard","meta":{"rank_math_lock_modified_date":false,"footnotes":""},"categories":[76],"tags":[9107,3398,9105,9106],"class_list":["post-125884","post","type-post","status-publish","format-standard","has-post-thumbnail","hentry","category-magazin","tag-daha-dizisi-harun","tag-deha-dizisi","tag-yahya-alp-demiray","tag-yahya-alp-demiray-kimdir"],"_links":{"self":[{"href":"https:\/\/www.tgrthaber.com\/mavikadin\/wp-json\/wp\/v2\/posts\/125884"}],"collection":[{"href":"https:\/\/www.tgrthaber.com\/mavikadin\/wp-json\/wp\/v2\/posts"}],"about":[{"href":"https:\/\/www.tgrthaber.com\/mavikadin\/wp-json\/wp\/v2\/types\/post"}],"author":[{"embeddable":true,"href":"https:\/\/www.tgrthaber.com\/mavikadin\/wp-json\/wp\/v2\/users\/27"}],"replies":[{"embeddable":true,"href":"https:\/\/www.tgrthaber.com\/mavikadin\/wp-json\/wp\/v2\/comments?post=125884"}],"version-history":[{"count":1,"href":"https:\/\/www.tgrthaber.com\/mavikadin\/wp-json\/wp\/v2\/posts\/125884\/revisions"}],"predecessor-version":[{"id":125887,"href":"https:\/\/www.tgrthaber.com\/mavikadin\/wp-json\/wp\/v2\/posts\/125884\/revisions\/125887"}],"wp:featuredmedia":[{"embeddable":true,"href":"https:\/\/www.tgrthaber.com\/mavikadin\/wp-json\/wp\/v2\/media\/125886"}],"wp:attachment":[{"href":"https:\/\/www.tgrthaber.com\/mavikadin\/wp-json\/wp\/v2\/media?parent=125884"}],"wp:term":[{"taxonomy":"category","embeddable":true,"href":"https:\/\/www.tgrthaber.com\/mavikadin\/wp-json\/wp\/v2\/categories?post=125884"},{"taxonomy":"post_tag","embeddable":true,"href":"https:\/\/www.tgrthaber.com\/mavikadin\/wp-json\/wp\/v2\/tags?post=125884"}],"curies":[{"name":"wp","href":"https:\/\/api.w.org\/{rel}","templated":true}]}}