{"id":126088,"date":"2025-01-26T22:17:11","date_gmt":"2025-01-26T19:17:11","guid":{"rendered":"https:\/\/www.tgrthaber.com\/mavikadin\/?p=126088"},"modified":"2025-01-26T22:17:11","modified_gmt":"2025-01-26T19:17:11","slug":"eda-ece-sakir-pasa-ailesi-dizisinde-efsane-ressam-fahrelnissa-zeydi-oynayacak","status":"publish","type":"post","link":"https:\/\/www.tgrthaber.com\/mavikadin\/eda-ece-sakir-pasa-ailesi-dizisinde-efsane-ressam-fahrelnissa-zeydi-oynayacak\/","title":{"rendered":"Eda Ece \u201c\u015eakir Pa\u015fa Ailesi\u201d dizisinde efsane ressam Fahrelnissa Zeyd&#8217;i oynayacak!"},"content":{"rendered":"<p>Etkileyici hik\u00e2yesi ve g\u00f6z dolduran kadrosuyla \u015eakir Pa\u015fa Ailesi Skandallar ve Mucizeler dizisi hayranlar\u0131na m\u00fcjdeli haberlerle dolu bir ak\u015fam sunuyor. NOW kanal\u0131n\u0131n en \u00e7ok izlenen dizilerinden biri olan yap\u0131m, Hande Altayl\u0131&#8217;n\u0131n kaleminden \u00e7\u0131kan etkileyici senaryosuyla her hafta ekranlara izleyiciyi kilitlemeyi ba\u015far\u0131yor. \u015eakir Pa\u015fa Ailesi dizisinin ilk sezonunun 16 ya da 18 b\u00f6l\u00fcm s\u00fcrece\u011fi \u00f6ng\u00f6r\u00fclen dizide yeni yay\u0131n d\u00f6nemi s\u00fcrprizlerle dolu bir zaman atlamas\u0131 ya\u015fanacak. Seyircilerin merakla bekledi\u011fi bu geli\u015fme, karakterler aras\u0131ndaki ili\u015fkileri derinden etkileyecek ve hik\u00e2yeye yeni bir boyut katacak. Dizinin yeni sezon b\u00f6l\u00fcmlerinde \u00fcnl\u00fc ressam Fahrelnissa Zeyd rol\u00fc i\u00e7in Eda Ece ile anla\u015f\u0131ld\u0131.<\/p>\n<h3>YEN\u0130 SEZONA \u0130K\u0130 \u0130S\u0130M D\u00c2H\u0130L OLDU!<\/h3>\n<p>\u015eakir Pa\u015fa Ailesi\u2019nin 16.c\u0131 b\u00f6l\u00fcm\u00fcnden sonra zaman atlamas\u0131 ya\u015fanacak. Zamanda ileriye gidilmesinin ard\u0131ndan aile bireylerinin hayatlar\u0131na daha derin bir bak\u0131\u015f sunan dizi, Hazal Kaya&#8217;n\u0131n canland\u0131rd\u0131\u011f\u0131 Aliye Berge karakterine odaklanacak. Aliye Berge karakteri, dizinin merkezinde yer al\u0131rken izleyicilerin ilgisini \u00e7ekecek bir ba\u015fka \u00f6nemli isim de efsanevi ressam Fahrelnissa Zeid olacak.<\/p>\n<p>Fahrelnissa Zeid&#8217;i, son zamanlar\u0131n parlayan y\u0131ld\u0131zlar\u0131ndan Eda Ece&#8217;nin oynamas\u0131 i\u00e7in anla\u015fma sa\u011fland\u0131. Birsen Altunta\u015f\u2019\u0131n haberine g\u00f6re ba\u015far\u0131l\u0131 oyuncunun ad\u0131 bir s\u00fcredir diziyle an\u0131l\u0131yordu ve nihayet prensipte anla\u015fmaya var\u0131ld\u0131\u011f\u0131 bilgisi kulislerden s\u0131zd\u0131. Peki, dizideki rol da\u011f\u0131l\u0131m\u0131n\u0131n hik\u00e2yeyi nas\u0131l \u015fekillendirece\u011fi konusunda hen\u00fcz net bilgiler bulunmasa da, Eda Ece ve Hazal Kaya&#8217;n\u0131n performanslar\u0131 \u015fimdiden merak konusu oldu.<\/p>\n<p><img loading=\"lazy\" decoding=\"async\" class=\"alignnone wp-image-126090\" src=\"https:\/\/www.tgrthaber.com\/mavikadin\/wp-content\/uploads\/sakir-pasa-ailesi-aliye-berge-Fahrelnissa-Zeid-300x169.jpg\" alt=\"\u015fakir pa\u015fa ailesi aliye berge Fahrelnissa Zeid\" width=\"1208\" height=\"680\" title=\"\" srcset=\"https:\/\/www.tgrthaber.com\/mavikadin\/wp-content\/uploads\/sakir-pasa-ailesi-aliye-berge-Fahrelnissa-Zeid-300x169.jpg 300w, https:\/\/www.tgrthaber.com\/mavikadin\/wp-content\/uploads\/sakir-pasa-ailesi-aliye-berge-Fahrelnissa-Zeid-1024x576.jpg 1024w, https:\/\/www.tgrthaber.com\/mavikadin\/wp-content\/uploads\/sakir-pasa-ailesi-aliye-berge-Fahrelnissa-Zeid-768x432.jpg 768w, https:\/\/www.tgrthaber.com\/mavikadin\/wp-content\/uploads\/sakir-pasa-ailesi-aliye-berge-Fahrelnissa-Zeid-1536x864.jpg 1536w, https:\/\/www.tgrthaber.com\/mavikadin\/wp-content\/uploads\/sakir-pasa-ailesi-aliye-berge-Fahrelnissa-Zeid.jpg 1920w\" sizes=\"(max-width: 1208px) 100vw, 1208px\" \/><\/p>\n<hr \/>\n<h3>FAHRELN\u0130SSA ZEYD ROL\u00dc \u0130\u00c7\u0130N EDA ECE \u0130LE ANLA\u015eILDI!<\/h3>\n<p>\u00dcnl\u00fc ressam Fahrelnissa Zeyd gibi beyaz tenli olan g\u00fczel oyuncu Eda Ece rol i\u00e7in sa\u00e7lar\u0131n\u0131 sar\u0131dan siyaha boyatacak. Yeni imaj\u0131 ve rol\u00fcyle ekranlara geri d\u00f6necek olan Eda Ece, Fahrelnissa Zeyd\u2019i izleyicilere ger\u00e7ek\u00e7i ve etkileyici bir \u015fekilde aktaracak. Ayn\u0131 zaman da ressam\u0131n k\u00fc\u00e7\u00fckl\u00fck halini ise Zeynep Ebrar Karaca oynayacak.<\/p>\n<p><img loading=\"lazy\" decoding=\"async\" class=\"alignnone wp-image-126091\" src=\"https:\/\/www.tgrthaber.com\/mavikadin\/wp-content\/uploads\/eda-ece-300x169.jpg\" alt=\"eda ece\" width=\"1208\" height=\"680\" title=\"\" srcset=\"https:\/\/www.tgrthaber.com\/mavikadin\/wp-content\/uploads\/eda-ece-300x169.jpg 300w, https:\/\/www.tgrthaber.com\/mavikadin\/wp-content\/uploads\/eda-ece-1024x576.jpg 1024w, https:\/\/www.tgrthaber.com\/mavikadin\/wp-content\/uploads\/eda-ece-768x432.jpg 768w, https:\/\/www.tgrthaber.com\/mavikadin\/wp-content\/uploads\/eda-ece-1536x864.jpg 1536w, https:\/\/www.tgrthaber.com\/mavikadin\/wp-content\/uploads\/eda-ece.jpg 1920w\" sizes=\"(max-width: 1208px) 100vw, 1208px\" \/><\/p>\n<hr \/>\n<p>&nbsp;<\/p>\n","protected":false},"excerpt":{"rendered":"<p>\u015eakir Pa\u015fa Ailesi\u2019nin hik\u00e2yesine yeni bir karakter daha eklendi. \u00dcnl\u00fc ressam Fahrelnissa Zeyd rol\u00fc i\u00e7in Eda Ece ile anla\u015fma sa\u011fland\u0131. Uzun soluklu bir dizi olmas\u0131 planlanan yap\u0131m\u0131n kadrosuna Hazal Kaya\u2019dan sonra Eda Ece\u2019de d\u00e2hil oldu.<\/p>\n","protected":false},"author":10,"featured_media":126089,"comment_status":"closed","ping_status":"closed","sticky":false,"template":"","format":"standard","meta":{"rank_math_lock_modified_date":false,"footnotes":""},"categories":[602],"tags":[2858,9153,9151,5365,9152],"class_list":["post-126088","post","type-post","status-publish","format-standard","has-post-thumbnail","hentry","category-diziler","tag-eda-ece","tag-fahrelnissa-zeyd","tag-sakir-pasa-aiilesi","tag-sakir-pasa-ailesi-dizisi","tag-unlu-ressam-fahrelnissa-zeyd"],"_links":{"self":[{"href":"https:\/\/www.tgrthaber.com\/mavikadin\/wp-json\/wp\/v2\/posts\/126088"}],"collection":[{"href":"https:\/\/www.tgrthaber.com\/mavikadin\/wp-json\/wp\/v2\/posts"}],"about":[{"href":"https:\/\/www.tgrthaber.com\/mavikadin\/wp-json\/wp\/v2\/types\/post"}],"author":[{"embeddable":true,"href":"https:\/\/www.tgrthaber.com\/mavikadin\/wp-json\/wp\/v2\/users\/10"}],"replies":[{"embeddable":true,"href":"https:\/\/www.tgrthaber.com\/mavikadin\/wp-json\/wp\/v2\/comments?post=126088"}],"version-history":[{"count":2,"href":"https:\/\/www.tgrthaber.com\/mavikadin\/wp-json\/wp\/v2\/posts\/126088\/revisions"}],"predecessor-version":[{"id":126093,"href":"https:\/\/www.tgrthaber.com\/mavikadin\/wp-json\/wp\/v2\/posts\/126088\/revisions\/126093"}],"wp:featuredmedia":[{"embeddable":true,"href":"https:\/\/www.tgrthaber.com\/mavikadin\/wp-json\/wp\/v2\/media\/126089"}],"wp:attachment":[{"href":"https:\/\/www.tgrthaber.com\/mavikadin\/wp-json\/wp\/v2\/media?parent=126088"}],"wp:term":[{"taxonomy":"category","embeddable":true,"href":"https:\/\/www.tgrthaber.com\/mavikadin\/wp-json\/wp\/v2\/categories?post=126088"},{"taxonomy":"post_tag","embeddable":true,"href":"https:\/\/www.tgrthaber.com\/mavikadin\/wp-json\/wp\/v2\/tags?post=126088"}],"curies":[{"name":"wp","href":"https:\/\/api.w.org\/{rel}","templated":true}]}}