{"id":126097,"date":"2025-01-27T00:49:53","date_gmt":"2025-01-26T21:49:53","guid":{"rendered":"https:\/\/www.tgrthaber.com\/mavikadin\/?p=126097"},"modified":"2025-01-27T00:49:53","modified_gmt":"2025-01-26T21:49:53","slug":"sarkici-berdan-mardiniden-komedi-mauro-icardi-cevabi","status":"publish","type":"post","link":"https:\/\/www.tgrthaber.com\/mavikadin\/sarkici-berdan-mardiniden-komedi-mauro-icardi-cevabi\/","title":{"rendered":"\u015eark\u0131c\u0131 Berdan Mardini&#8217;den komedi Mauro \u0130cardi cevab\u0131!"},"content":{"rendered":"<p>\u00c7ocukluk hayali olan kozmetik markas\u0131na giri\u015f yolunda ilk ad\u0131m\u0131 ge\u00e7ti\u011fimiz aylarda ilk \u015fubesini a\u00e7arak ya\u015fayan \u015fark\u0131c\u0131 Berdan Mardini, her ne kadar mesle\u011fini kozmeti\u011fe \u00e7evirse de m\u00fczik yapmay\u0131 b\u0131rakmayaca\u011f\u0131n\u0131 ifade etmi\u015fti.<\/p>\n<p>\u00dcnl\u00fc \u015fark\u0131c\u0131 Berdan Mardini, magazin muhabiri ile ayak\u00fcst\u00fc sohbette bulunur iken g\u00fcndemden d\u00fc\u015fmeyen \u00e7alkant\u0131l\u0131 ili\u015fkileri ile isimlerini s\u00fcrekli an\u0131p, ili\u015fki s\u00fcre\u00e7lerine an ve an \u015fahit oldu\u011fumuz futbolcu Mauro \u0130cardi ile Wanda Nara&#8217;n\u0131n hakk\u0131nda konu\u015ftu.<\/p>\n<h3>\u015eARKICI BERDAN MARD\u0130N\u0130&#8217;DEN KOMED\u0130 MAURO \u0130CARD\u0130 CEVABI!<\/h3>\n<p>Futbolcu Mauro \u0130cardi ile Wanda Nara ili\u015fkisinde gelinen son noktada; futbolcu Mauro \u0130cardi&#8217;nin China Suarez ile a\u015fk\u0131n\u0131 ilan etmesi \u00fczerine Wanda Nara&#8217;da eski e\u015fi Mauro \u0130cardi&#8217;den y\u00fcz bulamay\u0131nca kendisini onun i\u00e7in terk etti\u011fi rap \u015fark\u0131c\u0131 L-Gante&#8217;ye d\u00f6nerek buldu.<\/p>\n<p><img loading=\"lazy\" decoding=\"async\" class=\"wp-image-122377\" src=\"https:\/\/www.tgrthaber.com\/mavikadin\/wp-content\/uploads\/Adsiz-tasarim-18-27.jpg\" alt=\"Mauro Icardi ve China Suarez ili\u015fkisinde bomba iddia!\" width=\"1208\" height=\"680\" title=\"\" srcset=\"https:\/\/www.tgrthaber.com\/mavikadin\/wp-content\/uploads\/Adsiz-tasarim-18-27.jpg 1600w, https:\/\/www.tgrthaber.com\/mavikadin\/wp-content\/uploads\/Adsiz-tasarim-18-27-300x169.jpg 300w, https:\/\/www.tgrthaber.com\/mavikadin\/wp-content\/uploads\/Adsiz-tasarim-18-27-1024x576.jpg 1024w, https:\/\/www.tgrthaber.com\/mavikadin\/wp-content\/uploads\/Adsiz-tasarim-18-27-768x432.jpg 768w, https:\/\/www.tgrthaber.com\/mavikadin\/wp-content\/uploads\/Adsiz-tasarim-18-27-1536x864.jpg 1536w\" sizes=\"(max-width: 1208px) 100vw, 1208px\" \/><\/p>\n<hr \/>\n<p>Her iki isimde yeni a\u015fklara yelken a\u00e7malar\u0131na ra\u011fmen arada k\u0131zlar\u0131 oldu\u011fundan hala birbirlerine hamlelerde bulunup ba\u011flar\u0131 bir t\u00fcrl\u00fc kopam\u0131yordu. \u0130ni\u015f \u00e7\u0131k\u0131\u015fl\u0131 bu ili\u015fkilerini magazine yans\u0131tmaktan geri durmayan ikilinin t\u00fcm \u00f6zel hayat\u0131 mesaj if\u015falar\u0131na kadar herkesin dilinde olmu\u015ftu. Mauro \u0130cardi ile Wanda Nara ili\u015fkisine bir yorum da \u00fcnl\u00fc \u015fark\u0131c\u0131 Berdan Mardini&#8217;den geldi.<\/p>\n<p><img loading=\"lazy\" decoding=\"async\" class=\"alignnone wp-image-125350\" src=\"https:\/\/www.tgrthaber.com\/mavikadin\/wp-content\/uploads\/Wanda-NAra-1.jpg\" alt=\"\" width=\"1208\" height=\"680\" title=\"\" srcset=\"https:\/\/www.tgrthaber.com\/mavikadin\/wp-content\/uploads\/Wanda-NAra-1.jpg 1600w, https:\/\/www.tgrthaber.com\/mavikadin\/wp-content\/uploads\/Wanda-NAra-1-300x169.jpg 300w, https:\/\/www.tgrthaber.com\/mavikadin\/wp-content\/uploads\/Wanda-NAra-1-1024x576.jpg 1024w, https:\/\/www.tgrthaber.com\/mavikadin\/wp-content\/uploads\/Wanda-NAra-1-768x432.jpg 768w, https:\/\/www.tgrthaber.com\/mavikadin\/wp-content\/uploads\/Wanda-NAra-1-1536x864.jpg 1536w\" sizes=\"(max-width: 1208px) 100vw, 1208px\" \/><\/p>\n<hr \/>\n<p>Magazin muhabirinin \u015fark\u0131c\u0131 Berdan Mardini&#8217;ye y\u00f6neltti\u011fi futbolcu Mauro \u0130cardi sorusuna \u015fark\u0131c\u0131 i\u011fren\u00e7 bir espride bulunarak i\u015fi g\u0131rg\u0131ra vurdu.\u00a0 46 ya\u015f\u0131ndaki \u00fcnl\u00fc \u015fark\u0131c\u0131 Berdan Mardini, futbolcu Mauro \u0130cardi ile Wanda Nara&#8217;n\u0131n ili\u015fkisi i\u00e7in bak\u0131n ne dedi! \u0130\u015fte \u00fcnl\u00fc \u015fark\u0131 Berdan Mardini&#8217;den futbolcu Mauro \u0130cardi&#8217;nin yeni sevgilisine komik yorumu&#8230;<\/p>\n<h3>BERDAN MARD\u0130N\u0130: MAURO \u0130CARD\u0130N\u0130N A\u015eKI WANDA (VAN&#8217;DA)!<\/h3>\n<p>&#8220;\u0130cardinin a\u015fk\u0131 \u015fuan tam olarak nerde biliyor musun? Wanda diyerek kahkahay\u0131 patlat\u0131r \u0130cardinin a\u015fk\u0131 \u015fuanda Wanda g\u00fcl bah\u00e7elerinin i\u00e7inde Van\u0131n g\u00f6l\u00fcs\u00fcn\u00fcn k\u0131y\u0131s\u0131nda g\u00fcne\u015fleniyor \u015fuanda. Ya i\u011fren\u00e7 bir espri oldu \u015fuanda&#8221; diyerek konu\u015fmas\u0131n\u0131 bitirdi.<\/p>\n<p><img loading=\"lazy\" decoding=\"async\" class=\"alignnone wp-image-55591\" src=\"https:\/\/www.tgrthaber.com\/mavikadin\/wp-content\/uploads\/2024\/09\/sahnelerden-kozmetik-markasina-berdan-mardini-butun-mal-varligini-bu-ise-yatirdi.jpg\" alt=\"\" width=\"1208\" height=\"634\" title=\"\" srcset=\"https:\/\/www.tgrthaber.com\/mavikadin\/wp-content\/uploads\/2024\/09\/sahnelerden-kozmetik-markasina-berdan-mardini-butun-mal-varligini-bu-ise-yatirdi.jpg 1200w, https:\/\/www.tgrthaber.com\/mavikadin\/wp-content\/uploads\/2024\/09\/sahnelerden-kozmetik-markasina-berdan-mardini-butun-mal-varligini-bu-ise-yatirdi-300x158.jpg 300w, https:\/\/www.tgrthaber.com\/mavikadin\/wp-content\/uploads\/2024\/09\/sahnelerden-kozmetik-markasina-berdan-mardini-butun-mal-varligini-bu-ise-yatirdi-1024x538.jpg 1024w, https:\/\/www.tgrthaber.com\/mavikadin\/wp-content\/uploads\/2024\/09\/sahnelerden-kozmetik-markasina-berdan-mardini-butun-mal-varligini-bu-ise-yatirdi-768x403.jpg 768w, https:\/\/www.tgrthaber.com\/mavikadin\/wp-content\/uploads\/2024\/09\/sahnelerden-kozmetik-markasina-berdan-mardini-butun-mal-varligini-bu-ise-yatirdi-571x300.jpg 571w, https:\/\/www.tgrthaber.com\/mavikadin\/wp-content\/uploads\/2024\/09\/sahnelerden-kozmetik-markasina-berdan-mardini-butun-mal-varligini-bu-ise-yatirdi-600x315.jpg 600w, https:\/\/www.tgrthaber.com\/mavikadin\/wp-content\/uploads\/2024\/09\/sahnelerden-kozmetik-markasina-berdan-mardini-butun-mal-varligini-bu-ise-yatirdi-30x16.jpg 30w, https:\/\/www.tgrthaber.com\/mavikadin\/wp-content\/uploads\/2024\/09\/sahnelerden-kozmetik-markasina-berdan-mardini-butun-mal-varligini-bu-ise-yatirdi-19x10.jpg 19w\" sizes=\"(max-width: 1208px) 100vw, 1208px\" \/><\/p>\n<hr \/>\n<p>&nbsp;<\/p>\n","protected":false},"excerpt":{"rendered":"<p>46 ya\u015f\u0131ndaki \u015fark\u0131c\u0131 Berdan Mardini, futbolcu Mauro \u0130cardi&#8217;nin sevgilisi hakk\u0131nda i\u011fren\u00e7 bir espride bulundu.<\/p>\n","protected":false},"author":27,"featured_media":126098,"comment_status":"closed","ping_status":"closed","sticky":false,"template":"","format":"standard","meta":{"rank_math_lock_modified_date":false,"footnotes":""},"categories":[76],"tags":[5831,2241,2222],"class_list":["post-126097","post","type-post","status-publish","format-standard","has-post-thumbnail","hentry","category-magazin","tag-berdan-mardini","tag-mauro-icardi","tag-wanda-nara"],"_links":{"self":[{"href":"https:\/\/www.tgrthaber.com\/mavikadin\/wp-json\/wp\/v2\/posts\/126097"}],"collection":[{"href":"https:\/\/www.tgrthaber.com\/mavikadin\/wp-json\/wp\/v2\/posts"}],"about":[{"href":"https:\/\/www.tgrthaber.com\/mavikadin\/wp-json\/wp\/v2\/types\/post"}],"author":[{"embeddable":true,"href":"https:\/\/www.tgrthaber.com\/mavikadin\/wp-json\/wp\/v2\/users\/27"}],"replies":[{"embeddable":true,"href":"https:\/\/www.tgrthaber.com\/mavikadin\/wp-json\/wp\/v2\/comments?post=126097"}],"version-history":[{"count":1,"href":"https:\/\/www.tgrthaber.com\/mavikadin\/wp-json\/wp\/v2\/posts\/126097\/revisions"}],"predecessor-version":[{"id":126099,"href":"https:\/\/www.tgrthaber.com\/mavikadin\/wp-json\/wp\/v2\/posts\/126097\/revisions\/126099"}],"wp:featuredmedia":[{"embeddable":true,"href":"https:\/\/www.tgrthaber.com\/mavikadin\/wp-json\/wp\/v2\/media\/126098"}],"wp:attachment":[{"href":"https:\/\/www.tgrthaber.com\/mavikadin\/wp-json\/wp\/v2\/media?parent=126097"}],"wp:term":[{"taxonomy":"category","embeddable":true,"href":"https:\/\/www.tgrthaber.com\/mavikadin\/wp-json\/wp\/v2\/categories?post=126097"},{"taxonomy":"post_tag","embeddable":true,"href":"https:\/\/www.tgrthaber.com\/mavikadin\/wp-json\/wp\/v2\/tags?post=126097"}],"curies":[{"name":"wp","href":"https:\/\/api.w.org\/{rel}","templated":true}]}}