{"id":126102,"date":"2025-01-27T01:30:23","date_gmt":"2025-01-26T22:30:23","guid":{"rendered":"https:\/\/www.tgrthaber.com\/mavikadin\/?p=126102"},"modified":"2025-01-27T01:30:23","modified_gmt":"2025-01-26T22:30:23","slug":"evliligi-icin-destek-aldigini-soyleyen-pelin-karahanin-esine-gelen-mesaji-ifsaladi-canin-sikildi-herhalde","status":"publish","type":"post","link":"https:\/\/www.tgrthaber.com\/mavikadin\/evliligi-icin-destek-aldigini-soyleyen-pelin-karahanin-esine-gelen-mesaji-ifsaladi-canin-sikildi-herhalde\/","title":{"rendered":"Evlili\u011fi i\u00e7in destek ald\u0131\u011f\u0131n\u0131 s\u00f6yleyen Pelin Karahan&#8217;\u0131n e\u015fine gelen mesaj\u0131 if\u015falad\u0131: &#8216;Can\u0131n s\u0131k\u0131ld\u0131 herhalde&#8217;"},"content":{"rendered":"<p>Bir zamanlar Kanal D ekranlar\u0131nda yay\u0131nlanan &#8216;Kavak Yelleri&#8217; dizisi ile oyunculuk kariyerinde \u00f6nemli bir ad\u0131m atarak \u015f\u00f6hreti yakalayan \u00fcnl\u00fc oyuncu Pelin Karahan, yeni \u00e7\u0131kacak filminin mutlulu\u011funu ya\u015f\u0131yor.<\/p>\n<p>Youtube kanal\u0131nda yay\u0131nlanan ve sunuculu\u011funu Sibel Arna&#8217;n\u0131n \u00fcstlendi\u011fi program\u0131n konu\u011fu olan g\u00fczel isim Pelin Karahan, \u00f6zel hayat\u0131 ile ilgili samimi a\u00e7\u0131klamalarda bulundu.<\/p>\n<h3>OYUNCU PEL\u0130N KARAHAN: YAVA\u015e \u0130NSANA TAHAMM\u00dcL\u00dcM YOK!<\/h3>\n<p>G\u00fczelli\u011fi ile ba\u015far\u0131l\u0131 oyunculuk performans\u0131 ile dikkatlerin \u00fczerinde oldu\u011fu isim Pelin Karahan baz\u0131 itiraflarda bulundu. Karahan, verdi\u011fi rop\u00f6rtaj esnas\u0131nda yava\u015f insanlara tahamm\u00fcl edemedi\u011fini belirterek,<\/p>\n<p><img loading=\"lazy\" decoding=\"async\" class=\"alignnone wp-image-57253\" src=\"https:\/\/www.tgrthaber.com\/mavikadin\/wp-content\/uploads\/2024\/09\/pelin-karahan-sari-saclarindan-vazgecti-sebeke-dizisi-icin-imaj-degisikligi.jpg\" alt=\"\" width=\"1208\" height=\"683\" title=\"\" srcset=\"https:\/\/www.tgrthaber.com\/mavikadin\/wp-content\/uploads\/2024\/09\/pelin-karahan-sari-saclarindan-vazgecti-sebeke-dizisi-icin-imaj-degisikligi.jpg 1200w, https:\/\/www.tgrthaber.com\/mavikadin\/wp-content\/uploads\/2024\/09\/pelin-karahan-sari-saclarindan-vazgecti-sebeke-dizisi-icin-imaj-degisikligi-300x170.jpg 300w, https:\/\/www.tgrthaber.com\/mavikadin\/wp-content\/uploads\/2024\/09\/pelin-karahan-sari-saclarindan-vazgecti-sebeke-dizisi-icin-imaj-degisikligi-1024x579.jpg 1024w, https:\/\/www.tgrthaber.com\/mavikadin\/wp-content\/uploads\/2024\/09\/pelin-karahan-sari-saclarindan-vazgecti-sebeke-dizisi-icin-imaj-degisikligi-768x434.jpg 768w, https:\/\/www.tgrthaber.com\/mavikadin\/wp-content\/uploads\/2024\/09\/pelin-karahan-sari-saclarindan-vazgecti-sebeke-dizisi-icin-imaj-degisikligi-531x300.jpg 531w, https:\/\/www.tgrthaber.com\/mavikadin\/wp-content\/uploads\/2024\/09\/pelin-karahan-sari-saclarindan-vazgecti-sebeke-dizisi-icin-imaj-degisikligi-600x339.jpg 600w, https:\/\/www.tgrthaber.com\/mavikadin\/wp-content\/uploads\/2024\/09\/pelin-karahan-sari-saclarindan-vazgecti-sebeke-dizisi-icin-imaj-degisikligi-30x16.jpg 30w, https:\/\/www.tgrthaber.com\/mavikadin\/wp-content\/uploads\/2024\/09\/pelin-karahan-sari-saclarindan-vazgecti-sebeke-dizisi-icin-imaj-degisikligi-18x10.jpg 18w\" sizes=\"(max-width: 1208px) 100vw, 1208px\" \/><\/p>\n<hr \/>\n<p>&#8220;O cevval ve i\u015f bitiricili\u011fimi seviyorum. M\u0131ym\u0131nt\u0131 ve a\u011f\u0131r i\u015fleri sevmem, biraz o taraf\u0131m var do\u011fru. Yava\u015f, a\u011f\u0131r kanl\u0131 insanlar sinirimi bozuyor.&#8221; ifadesinde bulundu.<\/p>\n<h3>EVL\u0130L\u0130\u011e\u0130 \u0130\u00c7\u0130N DESTEK ALDI\u011eINI \u0130T\u0130RAF EDEN PEL\u0130N KARAHAN: SES\u0130M\u0130 \u00c7IKARMAM, \u00c7OK \u0130\u00c7\u0130ME ATARIM&#8230;<\/h3>\n<p>Bir aile dizilimine kat\u0131ld\u0131\u011f\u0131na de\u011finen g\u00fczel oyuncu Pelin Karahan,\u00a0 ini\u015fli \u00e7\u0131k\u0131\u015fl\u0131 bir evlilik s\u00fcrd\u00fcrd\u00fc\u011f\u00fc e\u015fiyle aras\u0131ndaki ili\u015fkiden de bahsetti. Oyuncu Pelin Karahan,<\/p>\n<p><img loading=\"lazy\" decoding=\"async\" class=\"alignnone wp-image-92945\" src=\"https:\/\/www.tgrthaber.com\/mavikadin\/wp-content\/uploads\/pelin-karahanin-annesi-nural-kocyigitten-duygulandiran-paylasim.jpg\" alt=\"\" width=\"1208\" height=\"680\" title=\"\" srcset=\"https:\/\/www.tgrthaber.com\/mavikadin\/wp-content\/uploads\/pelin-karahanin-annesi-nural-kocyigitten-duygulandiran-paylasim.jpg 1600w, https:\/\/www.tgrthaber.com\/mavikadin\/wp-content\/uploads\/pelin-karahanin-annesi-nural-kocyigitten-duygulandiran-paylasim-300x169.jpg 300w, https:\/\/www.tgrthaber.com\/mavikadin\/wp-content\/uploads\/pelin-karahanin-annesi-nural-kocyigitten-duygulandiran-paylasim-1024x576.jpg 1024w, https:\/\/www.tgrthaber.com\/mavikadin\/wp-content\/uploads\/pelin-karahanin-annesi-nural-kocyigitten-duygulandiran-paylasim-768x432.jpg 768w, https:\/\/www.tgrthaber.com\/mavikadin\/wp-content\/uploads\/pelin-karahanin-annesi-nural-kocyigitten-duygulandiran-paylasim-1536x864.jpg 1536w\" sizes=\"(max-width: 1208px) 100vw, 1208px\" \/><\/p>\n<hr \/>\n<p>&#8220;E\u015fim daha \u00e7ok ani y\u00fckselen ama hemen s\u00f6nen bir taraf\u0131 var. Ben de sesimi \u00e7\u0131karmam ve \u00e7ok i\u00e7ime atar\u0131m. \u0130yi bir \u015fey de\u011fil. Biz meselelerimiz \u00fczerinde \u00e7ok konu\u015fabiliyoruz. \u0130leti\u015fim bence \u00e7ok \u00f6nemli. 10 y\u0131ll\u0131k evliyiz ama bu adam\u0131n karakteri bu, bunu de\u011fi\u015ftiremezsin. Biraz destek al\u0131yoruz, terapistimiz oluyor. Bir aile dizilimine kat\u0131lm\u0131\u015ft\u0131m.&#8221; ifadelerini kulland\u0131.<\/p>\n<h3>PEL\u0130N KARAHAN E\u015e\u0130N\u0130N MESAJINI \u0130F\u015eALADI: &#8220;CANIN SIKILDI HERHALDE&#8221;<\/h3>\n<p>G\u00fczel bir yemek yemek i\u00e7in ailecek bir g\u00fcn restorana gittiklerini ve e\u015finin telefonuna gelen mesajdan da bahseden \u00fcnl\u00fc oyuncu Pelin Karahan, &#8220;Yan masam\u0131zda oldu, ailecek oturuyoruz. Yan masadaki k\u0131z sosyal medyadan kocama mesaj att\u0131. &#8216;Can\u0131n s\u0131k\u0131ld\u0131 herhalde&#8217; yazm\u0131\u015f. Yapacak bir \u015fey yok oluyor bunlar.&#8221; dedi.<\/p>\n","protected":false},"excerpt":{"rendered":"<p>G\u00fczel oyuncu Pelin Karahan, kat\u0131ld\u0131\u011f\u0131 bir programda \u00f6zel hayat\u0131na dair \u00e7arp\u0131c\u0131 itiraflarda bulundu. \u00dcnl\u00fc isim e\u015fi ile olan ileti\u015fiminden de bahsetti.<\/p>\n","protected":false},"author":27,"featured_media":108309,"comment_status":"closed","ping_status":"closed","sticky":false,"template":"","format":"standard","meta":{"rank_math_lock_modified_date":false,"footnotes":""},"categories":[76],"tags":[133,3027,9154],"class_list":["post-126102","post","type-post","status-publish","format-standard","has-post-thumbnail","hentry","category-magazin","tag-magazin","tag-pelin-karahan","tag-pelin-karahanin-esi"],"_links":{"self":[{"href":"https:\/\/www.tgrthaber.com\/mavikadin\/wp-json\/wp\/v2\/posts\/126102"}],"collection":[{"href":"https:\/\/www.tgrthaber.com\/mavikadin\/wp-json\/wp\/v2\/posts"}],"about":[{"href":"https:\/\/www.tgrthaber.com\/mavikadin\/wp-json\/wp\/v2\/types\/post"}],"author":[{"embeddable":true,"href":"https:\/\/www.tgrthaber.com\/mavikadin\/wp-json\/wp\/v2\/users\/27"}],"replies":[{"embeddable":true,"href":"https:\/\/www.tgrthaber.com\/mavikadin\/wp-json\/wp\/v2\/comments?post=126102"}],"version-history":[{"count":2,"href":"https:\/\/www.tgrthaber.com\/mavikadin\/wp-json\/wp\/v2\/posts\/126102\/revisions"}],"predecessor-version":[{"id":126104,"href":"https:\/\/www.tgrthaber.com\/mavikadin\/wp-json\/wp\/v2\/posts\/126102\/revisions\/126104"}],"wp:featuredmedia":[{"embeddable":true,"href":"https:\/\/www.tgrthaber.com\/mavikadin\/wp-json\/wp\/v2\/media\/108309"}],"wp:attachment":[{"href":"https:\/\/www.tgrthaber.com\/mavikadin\/wp-json\/wp\/v2\/media?parent=126102"}],"wp:term":[{"taxonomy":"category","embeddable":true,"href":"https:\/\/www.tgrthaber.com\/mavikadin\/wp-json\/wp\/v2\/categories?post=126102"},{"taxonomy":"post_tag","embeddable":true,"href":"https:\/\/www.tgrthaber.com\/mavikadin\/wp-json\/wp\/v2\/tags?post=126102"}],"curies":[{"name":"wp","href":"https:\/\/api.w.org\/{rel}","templated":true}]}}