{"id":126127,"date":"2025-01-27T09:40:37","date_gmt":"2025-01-27T06:40:37","guid":{"rendered":"https:\/\/www.tgrthaber.com\/mavikadin\/?p=126127"},"modified":"2025-01-27T09:40:37","modified_gmt":"2025-01-27T06:40:37","slug":"fenerbahceli-alisan-galibiyet-sevincini-paylasti-cocuklarinin-sevimli-halleri-gundem-oldu","status":"publish","type":"post","link":"https:\/\/www.tgrthaber.com\/mavikadin\/fenerbahceli-alisan-galibiyet-sevincini-paylasti-cocuklarinin-sevimli-halleri-gundem-oldu\/","title":{"rendered":"Fenerbah\u00e7eli Ali\u015fan galibiyet sevincini payla\u015ft\u0131! \u00c7ocuklar\u0131n\u0131n sevimli halleri g\u00fcndem oldu"},"content":{"rendered":"<p>Fenerbah\u00e7e\u2019ye olan sevgisiyle bilinen \u00fcnl\u00fc sanat\u00e7\u0131 Ali\u015fan d\u00fcn ak\u015famki galibiyetten sonra \u00e7ocuklar\u0131n\u0131n sevindi\u011fi anlar\u0131 kayda ald\u0131. Fenerbah\u00e7e\u2019nin G\u00f6ztepe kar\u015f\u0131s\u0131nda 3-2\u2019lik galibiyetini kutlayan \u00fcnl\u00fc isim \u00e7ocuklar\u0131n\u0131n sevin\u00e7ten havalara z\u0131plad\u0131\u011f\u0131 anlar\u0131 sosyal medya hesab\u0131nda payla\u015ft\u0131.<\/p>\n<h3>FENERBAH\u00c7EL\u0130 AL\u0130\u015eAN GAL\u0130B\u0130YET SEV\u0130NC\u0130N\u0130 PAYLA\u015eTI!<\/h3>\n<p>Koyu Fenerbah\u00e7eli oldu\u011fu bilinen Ali\u015fan Fenerbah\u00e7e\u2019nin G\u00f6ztepe\u2019yi 3-2 yendi\u011fi ma\u00e7\u0131n sevincini sosyal medya hesab\u0131ndan payla\u015ft\u0131. \u00dcnl\u00fc isim \u00e7ocuklar\u0131n\u0131n havalara z\u0131plad\u0131\u011f\u0131 anlar\u0131 sosyal medya hesab\u0131nda takip\u00e7ilerinin be\u011fenisine sundu.<\/p>\n<p>Buse Varol ile &#8216;Dostlar Mahallesi&#8217; adl\u0131 dizinin setinde tan\u0131\u015farak sevgili olan Ali\u015fan 2018 y\u0131l\u0131nda d\u00fcnyaevine girmi\u015fti. 2019 y\u0131l\u0131nda o\u011flu Burak\u2019\u0131 kuca\u011f\u0131na alan Ali\u015fan ve Buse \u00e7ifti 2021\u2019de de k\u0131zlar\u0131 Eliz\u2019i kucaklar\u0131na alm\u0131\u015ft\u0131.<\/p>\n<div style=\"width: 640px;\" class=\"wp-video\"><!--[if lt IE 9]><script>document.createElement('video');<\/script><![endif]-->\n<video class=\"wp-video-shortcode\" id=\"video-126127-1\" width=\"640\" height=\"1138\" preload=\"metadata\" controls=\"controls\"><source type=\"video\/mp4\" src=\"https:\/\/www.tgrthaber.com\/mavikadin\/wp-content\/uploads\/Alisan.mp4?_=1\" \/><a href=\"https:\/\/www.tgrthaber.com\/mavikadin\/wp-content\/uploads\/Alisan.mp4\">https:\/\/www.tgrthaber.com\/mavikadin\/wp-content\/uploads\/Alisan.mp4<\/a><\/video><\/div>\n<hr \/>\n<h3>AB\u0130S\u0130N\u0130N KIZLARINA G\u00d6Z\u00dc G\u0130B\u0130 BAKIYOR<\/h3>\n<p>Ali\u015fan abisi Sel\u00e7uk Tekta\u015f\u2019\u0131n k\u0131zlar\u0131n\u0131 kendi \u00e7ocuklar\u0131ndan ay\u0131rt etmiyor. Maddi manevi her zaman ye\u011fenlerinin yan\u0131nda olan \u00fcnl\u00fc isim sosyal medya hesab\u0131ndan da s\u0131k s\u0131k payla\u015f\u0131mda bulunuyor.<\/p>\n<p>G\u00f6z\u00fc gibi bakt\u0131\u011f\u0131 ye\u011fenleriyle bulu\u015ftu\u011fu anlar\u0131 Instagram hesab\u0131ndan payla\u015fan \u00fcnl\u00fc t\u00fcrk\u00fcc\u00fcye be\u011feni ve yorumlar pe\u015f pe\u015fe geldi.<br \/>\nAli\u015fan ye\u011fenleriyle yapt\u0131\u011f\u0131 payla\u015f\u0131mlardan sonra bir kez daha &#8216;Abisinin emanetlerine g\u00f6z\u00fc gibi bak\u0131yor&#8217; dedirtti&#8230;<\/p>\n<p><img loading=\"lazy\" decoding=\"async\" class=\"alignnone wp-image-126132\" src=\"https:\/\/www.tgrthaber.com\/mavikadin\/wp-content\/uploads\/Alisan-2.jpg\" alt=\"\" width=\"1208\" height=\"680\" title=\"\" srcset=\"https:\/\/www.tgrthaber.com\/mavikadin\/wp-content\/uploads\/Alisan-2.jpg 1600w, https:\/\/www.tgrthaber.com\/mavikadin\/wp-content\/uploads\/Alisan-2-300x169.jpg 300w, https:\/\/www.tgrthaber.com\/mavikadin\/wp-content\/uploads\/Alisan-2-1024x576.jpg 1024w, https:\/\/www.tgrthaber.com\/mavikadin\/wp-content\/uploads\/Alisan-2-768x432.jpg 768w, https:\/\/www.tgrthaber.com\/mavikadin\/wp-content\/uploads\/Alisan-2-1536x864.jpg 1536w\" sizes=\"(max-width: 1208px) 100vw, 1208px\" \/><\/p>\n<hr \/>\n<h3>YE\u011eENLER\u0130 S\u00dcRPR\u0130Z DO\u011eUM G\u00dcN\u00dc YAPTI<\/h3>\n<p>Ali\u015fan\u2019\u0131n ye\u011fenleri Ey\u015fan Ceylan amcalar\u0131na do\u011fum g\u00fcn\u00fc s\u00fcrprizi yapm\u0131\u015flard\u0131. Gece yar\u0131s\u0131 ellerinde pastayla amcalar\u0131n\u0131n evine giden Ey\u015fan ve Ceylan Ali\u015fan\u2019\u0131 duyguland\u0131rm\u0131\u015ft\u0131. Ye\u011fenlerine olan d\u00fc\u015fk\u00fcnl\u00fc\u011f\u00fc ile bilinen \u00fcnl\u00fc isim o anlar\u0131 sosyal medya hesab\u0131ndan payla\u015fm\u0131\u015ft\u0131.<\/p>\n<p>Ali\u015fan, &#8220;Beni bilen biliyor&#8230; Ben do\u011fum g\u00fcn\u00fcm\u00fc kutlam\u0131yorum karde\u015fim gitti\u011finden beri ama adettendir diyerek aile i\u00e7inde sadece &#8216;iyi ki do\u011fdun&#8217; diyecek kadar bir minik do\u011fum g\u00fcn\u00fc tebri\u011fi yap\u0131yoruz&#8230; D\u00fcn gece Ey\u015fan&#8217;\u0131m 12&#8217;de bana s\u00fcrpriz yapt\u0131. Bug\u00fcn de yavrular\u0131m sabah bir pastayla geldiler&#8230; Varl\u0131klar\u0131na ne kadar \u015f\u00fckretsem az. Kutlayan, iyi dileklerde bulunan herkese t\u00fcm arkada\u015flar\u0131ma ve dostlar\u0131ma te\u015fekk\u00fcr ediyorum&#8230; \u0130yi ki vars\u0131n\u0131z&#8230; Evet bende inanam\u0131yorum ama 48 bug\u00fcn itibariyle bitip 49&#8217;dan g\u00fcn alm\u0131\u015f bulunmaktay\u0131m.<\/p>\n<p><img loading=\"lazy\" decoding=\"async\" class=\"alignnone wp-image-126130\" src=\"https:\/\/www.tgrthaber.com\/mavikadin\/wp-content\/uploads\/Alisan-1.webp\" alt=\"\" width=\"1208\" height=\"1208\" title=\"\" srcset=\"https:\/\/www.tgrthaber.com\/mavikadin\/wp-content\/uploads\/Alisan-1.webp 700w, https:\/\/www.tgrthaber.com\/mavikadin\/wp-content\/uploads\/Alisan-1-300x300.webp 300w, https:\/\/www.tgrthaber.com\/mavikadin\/wp-content\/uploads\/Alisan-1-150x150.webp 150w\" sizes=\"(max-width: 1208px) 100vw, 1208px\" \/><\/p>\n<hr \/>\n<p>Hayat son nefesine kadar \u015f\u00fck\u00fcrle ve m\u00fccadeleyle ge\u00e7iyor ve ge\u00e7ecek&#8230; \u00d6nemli olan bu uzun gibi g\u00f6r\u00fcnen ama \u00e7ok k\u0131sa olan hayatta g\u00fczel \u015feyler yap\u0131p, g\u00fczel dostluklar biriktirmek ve arkandan g\u00fczelliklerinin konu\u015fulmas\u0131&#8230; Bu kadar basit asl\u0131nda&#8230;<br \/>\nBenim varl\u0131\u011f\u0131ma sebep olan \u00f6nce Allah&#8217;a sonra anneme ve babama, hayat\u0131m\u0131 g\u00fczelle\u015ftiren e\u015fime ve \u00e7ocuklar\u0131ma, canlar\u0131m Ey\u015fan&#8217;\u0131m ve Ceylan&#8217;\u0131ma, aileme, dostlar\u0131ma, arkada\u015flar\u0131ma ve beni bu mesle\u011fe at\u0131ld\u0131\u011f\u0131m ilk g\u00fcnden son g\u00fcn\u00fcme kadar yaln\u0131z b\u0131rakmayan ya\u015fad\u0131\u011f\u0131m her \u015feyin sebebi sevenlerime \u00e7ok te\u015fekk\u00fcr ederim&#8230;<br \/>\n\u0130yi ki vars\u0131n\u0131z&#8230; Allah&#8217;\u0131m eksikli\u011finizi hi\u00e7bir zaman g\u00f6stermesin&#8230; Gidenlerin ve bug\u00fcnden itibaren hi\u00e7 olmayacaklar\u0131n da Allah yolunu a\u00e7\u0131k etsin\u2026&#8221; notunu d\u00fc\u015fm\u00fc\u015ft\u00fc.<\/p>\n","protected":false},"excerpt":{"rendered":"<p>Fenerbah\u00e7eli Ali\u015fan galibiyet sevincini sosyal medya hesab\u0131ndan payla\u015ft\u0131. \u00c7ocuklar\u0131n\u0131n sevin\u00e7ten havalara z\u0131plad\u0131\u011f\u0131 o anlar sosyal medyan\u0131n g\u00fcndemine oturdu.<\/p>\n","protected":false},"author":5,"featured_media":126131,"comment_status":"closed","ping_status":"closed","sticky":false,"template":"","format":"standard","meta":{"rank_math_lock_modified_date":false,"footnotes":""},"categories":[76],"tags":[147,2342],"class_list":["post-126127","post","type-post","status-publish","format-standard","has-post-thumbnail","hentry","category-magazin","tag-alisan","tag-buse-varol"],"_links":{"self":[{"href":"https:\/\/www.tgrthaber.com\/mavikadin\/wp-json\/wp\/v2\/posts\/126127"}],"collection":[{"href":"https:\/\/www.tgrthaber.com\/mavikadin\/wp-json\/wp\/v2\/posts"}],"about":[{"href":"https:\/\/www.tgrthaber.com\/mavikadin\/wp-json\/wp\/v2\/types\/post"}],"author":[{"embeddable":true,"href":"https:\/\/www.tgrthaber.com\/mavikadin\/wp-json\/wp\/v2\/users\/5"}],"replies":[{"embeddable":true,"href":"https:\/\/www.tgrthaber.com\/mavikadin\/wp-json\/wp\/v2\/comments?post=126127"}],"version-history":[{"count":1,"href":"https:\/\/www.tgrthaber.com\/mavikadin\/wp-json\/wp\/v2\/posts\/126127\/revisions"}],"predecessor-version":[{"id":126133,"href":"https:\/\/www.tgrthaber.com\/mavikadin\/wp-json\/wp\/v2\/posts\/126127\/revisions\/126133"}],"wp:featuredmedia":[{"embeddable":true,"href":"https:\/\/www.tgrthaber.com\/mavikadin\/wp-json\/wp\/v2\/media\/126131"}],"wp:attachment":[{"href":"https:\/\/www.tgrthaber.com\/mavikadin\/wp-json\/wp\/v2\/media?parent=126127"}],"wp:term":[{"taxonomy":"category","embeddable":true,"href":"https:\/\/www.tgrthaber.com\/mavikadin\/wp-json\/wp\/v2\/categories?post=126127"},{"taxonomy":"post_tag","embeddable":true,"href":"https:\/\/www.tgrthaber.com\/mavikadin\/wp-json\/wp\/v2\/tags?post=126127"}],"curies":[{"name":"wp","href":"https:\/\/api.w.org\/{rel}","templated":true}]}}