{"id":126149,"date":"2025-01-27T10:37:31","date_gmt":"2025-01-27T07:37:31","guid":{"rendered":"https:\/\/www.tgrthaber.com\/mavikadin\/?p=126149"},"modified":"2025-01-27T10:39:22","modified_gmt":"2025-01-27T07:39:22","slug":"rabia-soyturk-yeni-yasini-kutladi-tarziyla-sosyal-medyayi-ikiye-boldu","status":"publish","type":"post","link":"https:\/\/www.tgrthaber.com\/mavikadin\/rabia-soyturk-yeni-yasini-kutladi-tarziyla-sosyal-medyayi-ikiye-boldu\/","title":{"rendered":"Rabia Soyt\u00fcrk yeni ya\u015f\u0131n\u0131 kutlad\u0131! Tarz\u0131yla sosyal medyay\u0131 ikiye b\u00f6ld\u00fc"},"content":{"rendered":"<p>Sevilen oyuncu Rabia Soyt\u00fcrk 26. Ya\u015f g\u00fcn\u00fcn\u00fc yak\u0131n \u00e7evresi ve sevgilisiyle kutlad\u0131. Tarz\u0131yla dikkatleri \u00fczerine \u00e7eken \u00fcnl\u00fc isim Duy Beni, Veda Mektubu, K\u00f6r Nokta gibi yap\u0131mlarla tan\u0131nm\u0131\u015ft\u0131.<\/p>\n<h3>RAB\u0130A SOYT\u00dcRK YEN\u0130 YA\u015eINI KUTLADI!<\/h3>\n<p>Yeni ya\u015f\u0131n\u0131 yak\u0131n \u00e7evresi ve sevgilisiyle kutlayan oyuncu Rabia Soyt\u00fcrk geceden e\u011flenceli anlar\u0131n\u0131 sosyal medya hesab\u0131ndan payla\u015ft\u0131.<\/p>\n<p>Son olarak K\u00f6r Nokta dizisiyle ad\u0131ndan s\u00f6z ettiren Rabia Soyt\u00fcrk \u00f6zel hayat\u0131yla da s\u0131k s\u0131k g\u00fcndeme geliyor. Bir s\u00fcre \u00f6nce sevgilisi Samet Vuru\u015fan ile ayr\u0131lan oyuncunun ayr\u0131l\u0131\u011f\u0131 uzun s\u00fcrmemi\u015fti. Bar\u0131\u015ft\u0131klar\u0131n\u0131 sosyal medya hesaplar\u0131ndan duyuran \u00e7ift bu \u00f6zel gecede de yan yanayd\u0131.<\/p>\n<p><img loading=\"lazy\" decoding=\"async\" class=\"alignnone wp-image-126150\" src=\"https:\/\/www.tgrthaber.com\/mavikadin\/wp-content\/uploads\/Rabia.jpg\" alt=\"\" width=\"1208\" height=\"680\" title=\"\" srcset=\"https:\/\/www.tgrthaber.com\/mavikadin\/wp-content\/uploads\/Rabia.jpg 1600w, https:\/\/www.tgrthaber.com\/mavikadin\/wp-content\/uploads\/Rabia-300x169.jpg 300w, https:\/\/www.tgrthaber.com\/mavikadin\/wp-content\/uploads\/Rabia-1024x576.jpg 1024w, https:\/\/www.tgrthaber.com\/mavikadin\/wp-content\/uploads\/Rabia-768x432.jpg 768w, https:\/\/www.tgrthaber.com\/mavikadin\/wp-content\/uploads\/Rabia-1536x864.jpg 1536w\" sizes=\"(max-width: 1208px) 100vw, 1208px\" \/><\/p>\n<hr \/>\n<h3>TARZI G\u00dcNDEM OLDU<\/h3>\n<p>Rabia Soyt\u00fcrk\u2019\u00fcn do\u011fum g\u00fcn\u00fc tarz\u0131 kimilerine g\u00f6re a\u00e7\u0131k bulunurken kimilerine g\u00f6re normal kar\u015f\u0131land\u0131. Soyt\u00fcrk daha \u00f6nce stiliyle ilgili &#8220;Benim stilimi modum ve ruh halim belirler. O y\u00fczden o an g\u00f6rd\u00fc\u011f\u00fcmde ho\u015fuma giden ve giydi\u011fimde de beni yans\u0131tt\u0131\u011f\u0131n\u0131 d\u00fc\u015f\u00fcnd\u00fc\u011f\u00fcm par\u00e7alar\u0131 tercih ederim&#8221; demi\u015fti.<\/p>\n<p><img loading=\"lazy\" decoding=\"async\" class=\"alignnone wp-image-126152\" src=\"https:\/\/www.tgrthaber.com\/mavikadin\/wp-content\/uploads\/Rabia-2.jpg\" alt=\"\" width=\"1208\" height=\"680\" title=\"\" srcset=\"https:\/\/www.tgrthaber.com\/mavikadin\/wp-content\/uploads\/Rabia-2.jpg 1600w, https:\/\/www.tgrthaber.com\/mavikadin\/wp-content\/uploads\/Rabia-2-300x169.jpg 300w, https:\/\/www.tgrthaber.com\/mavikadin\/wp-content\/uploads\/Rabia-2-1024x576.jpg 1024w, https:\/\/www.tgrthaber.com\/mavikadin\/wp-content\/uploads\/Rabia-2-768x432.jpg 768w, https:\/\/www.tgrthaber.com\/mavikadin\/wp-content\/uploads\/Rabia-2-1536x864.jpg 1536w\" sizes=\"(max-width: 1208px) 100vw, 1208px\" \/><\/p>\n<hr \/>\n<h3>DO\u011eUM G\u00dcN\u00dc MESAJI \u00c7OK KONU\u015eULDU<\/h3>\n<p>Samet Vuru\u015fan ile ili\u015fkisi tam gaz devam eden Soyt\u00fcrk\u2019\u00fcn sevgilisinden ald\u0131\u011f\u0131 mesaj da \u00e7ok konu\u015fuldu.<\/p>\n<p>Samet Vuru\u015fan, sevgilisinin do\u011fum g\u00fcn\u00fcn\u00fc, &#8220;Bug\u00fcn, seninle ge\u00e7irdi\u011fim her an\u0131 daha da \u00f6zel k\u0131ld\u0131\u011f\u0131n g\u00fcn. Hayat\u0131m\u0131 ayd\u0131nlatan en g\u00fczel \u0131\u015f\u0131\u011f\u0131n sensin. G\u00fcl\u00fc\u015f\u00fcn kalbimdeki t\u00fcm karanl\u0131klar\u0131 ayd\u0131nlat\u0131yor ve seninle her g\u00fcn yeni bir macera. Senin yan\u0131ndayken d\u00fcnyan\u0131n en \u015fansl\u0131 oldu\u011funu hissediyorum. Seni \u00e7ok seviyorum her \u015feyin en iyisini hak ediyorsun. Nice mutlu y\u0131llara birlikte ula\u015fmak dile\u011fiyle sevgilim.&#8221; yazd\u0131\u011f\u0131 notla kutlad\u0131.<\/p>\n<p><img loading=\"lazy\" decoding=\"async\" class=\"alignnone wp-image-126153\" src=\"https:\/\/www.tgrthaber.com\/mavikadin\/wp-content\/uploads\/Rabia-3.jpg\" alt=\"\" width=\"1208\" height=\"680\" title=\"\" srcset=\"https:\/\/www.tgrthaber.com\/mavikadin\/wp-content\/uploads\/Rabia-3.jpg 1600w, https:\/\/www.tgrthaber.com\/mavikadin\/wp-content\/uploads\/Rabia-3-300x169.jpg 300w, https:\/\/www.tgrthaber.com\/mavikadin\/wp-content\/uploads\/Rabia-3-1024x576.jpg 1024w, https:\/\/www.tgrthaber.com\/mavikadin\/wp-content\/uploads\/Rabia-3-768x432.jpg 768w, https:\/\/www.tgrthaber.com\/mavikadin\/wp-content\/uploads\/Rabia-3-1536x864.jpg 1536w\" sizes=\"(max-width: 1208px) 100vw, 1208px\" \/><\/p>\n<hr \/>\n<h3>EVLENME TEKL\u0130F\u0130 ALDI<\/h3>\n<p>Bir s\u00fcredir ili\u015fki ya\u015fayan Soyt\u00fcrk, Samet Vuru\u015fan&#8217;dan evlenme teklifi alm\u0131\u015ft\u0131. Bu anlar\u0131 yak\u0131n arkada\u015flar\u0131 Sercan Ya\u015far sosyal medya hesab\u0131ndan &#8220;O &#8216;Evet&#8217; dedi&#8221; notuyla payla\u015fm\u0131\u015ft\u0131.<\/p>\n<p>Ge\u00e7ti\u011fimiz g\u00fcnlerde Soyt\u00fcrk, &#8220;Evlilik tarihini belirlemedik. An\u0131n tad\u0131n\u0131 \u00e7\u0131karmak istiyoruz&#8221; demi\u015fti. Bu olaydan sonra \u00e7ift s\u00fcrpriz \u015fekilde ayr\u0131l\u0131k karar\u0131 alm\u0131\u015ft\u0131. Birbirlerini takipten \u00e7\u0131kan \u00e7ift bir s\u00fcre sonra yeniden birlikte payla\u015f\u0131m yaparak bar\u0131\u015ft\u0131klar\u0131n\u0131 duyurmu\u015ftu.<\/p>\n<p><img loading=\"lazy\" decoding=\"async\" class=\"alignnone wp-image-126157\" src=\"https:\/\/www.tgrthaber.com\/mavikadin\/wp-content\/uploads\/Rabia-7.webp\" alt=\"\" width=\"1208\" height=\"805\" title=\"\" srcset=\"https:\/\/www.tgrthaber.com\/mavikadin\/wp-content\/uploads\/Rabia-7.webp 752w, https:\/\/www.tgrthaber.com\/mavikadin\/wp-content\/uploads\/Rabia-7-300x200.webp 300w\" sizes=\"(max-width: 1208px) 100vw, 1208px\" \/><\/p>\n","protected":false},"excerpt":{"rendered":"<p>\u00dcnl\u00fc oyuncu Rabia Soyt\u00fcrk yeni ya\u015f\u0131n\u0131 arkada\u015flar\u0131yla ve sevgilisiyle kutlad\u0131. Tarz\u0131yla dikkat \u00e7eken \u00fcnl\u00fc ismin e\u011flenceli anlar\u0131n\u0131 takip\u00e7ileri be\u011feni ve yorum ya\u011fmuruna tuttu.<\/p>\n","protected":false},"author":5,"featured_media":126156,"comment_status":"closed","ping_status":"closed","sticky":false,"template":"","format":"standard","meta":{"rank_math_lock_modified_date":false,"footnotes":""},"categories":[76],"tags":[273,7614],"class_list":["post-126149","post","type-post","status-publish","format-standard","has-post-thumbnail","hentry","category-magazin","tag-rabia-soyturk","tag-samet-vurusan"],"_links":{"self":[{"href":"https:\/\/www.tgrthaber.com\/mavikadin\/wp-json\/wp\/v2\/posts\/126149"}],"collection":[{"href":"https:\/\/www.tgrthaber.com\/mavikadin\/wp-json\/wp\/v2\/posts"}],"about":[{"href":"https:\/\/www.tgrthaber.com\/mavikadin\/wp-json\/wp\/v2\/types\/post"}],"author":[{"embeddable":true,"href":"https:\/\/www.tgrthaber.com\/mavikadin\/wp-json\/wp\/v2\/users\/5"}],"replies":[{"embeddable":true,"href":"https:\/\/www.tgrthaber.com\/mavikadin\/wp-json\/wp\/v2\/comments?post=126149"}],"version-history":[{"count":3,"href":"https:\/\/www.tgrthaber.com\/mavikadin\/wp-json\/wp\/v2\/posts\/126149\/revisions"}],"predecessor-version":[{"id":126155,"href":"https:\/\/www.tgrthaber.com\/mavikadin\/wp-json\/wp\/v2\/posts\/126149\/revisions\/126155"}],"wp:featuredmedia":[{"embeddable":true,"href":"https:\/\/www.tgrthaber.com\/mavikadin\/wp-json\/wp\/v2\/media\/126156"}],"wp:attachment":[{"href":"https:\/\/www.tgrthaber.com\/mavikadin\/wp-json\/wp\/v2\/media?parent=126149"}],"wp:term":[{"taxonomy":"category","embeddable":true,"href":"https:\/\/www.tgrthaber.com\/mavikadin\/wp-json\/wp\/v2\/categories?post=126149"},{"taxonomy":"post_tag","embeddable":true,"href":"https:\/\/www.tgrthaber.com\/mavikadin\/wp-json\/wp\/v2\/tags?post=126149"}],"curies":[{"name":"wp","href":"https:\/\/api.w.org\/{rel}","templated":true}]}}