{"id":126238,"date":"2025-01-27T14:43:41","date_gmt":"2025-01-27T11:43:41","guid":{"rendered":"https:\/\/www.tgrthaber.com\/mavikadin\/?p=126238"},"modified":"2025-01-27T14:56:13","modified_gmt":"2025-01-27T11:56:13","slug":"ferdi-tayfurun-damadi-muhammet-aydin-adliyede-goruntulendi-miras-sorusuna-sessiz-kaldi","status":"publish","type":"post","link":"https:\/\/www.tgrthaber.com\/mavikadin\/ferdi-tayfurun-damadi-muhammet-aydin-adliyede-goruntulendi-miras-sorusuna-sessiz-kaldi\/","title":{"rendered":"Ferdi Tayfur&#8217;un damad\u0131 Muhammet Ayd\u0131n adliyede g\u00f6r\u00fcnt\u00fclendi! Miras sorusuna sessiz kald\u0131"},"content":{"rendered":"<p>Tu\u011f\u00e7e Tayfur&#8217;un e\u015fi Muhammet Ayd\u0131n adliyede g\u00f6r\u00fcnt\u00fclendi. Adliyede avukat\u0131yla g\u00f6r\u00fc\u015fmesi oldu\u011funu s\u00f6yleyen Ayd\u0131n, muhabirlerin miras sorular\u0131 kar\u015f\u0131s\u0131nda sessiz kalmay\u0131 tercih etti.<\/p>\n<h3>MUHAMMET AYDIN ADL\u0130YEDE G\u00d6R\u00dcNT\u00dcLEND\u0130!<\/h3>\n<p>Avukat\u0131yla yapaca\u011f\u0131 g\u00f6r\u00fc\u015fmenin detaylar\u0131ndan bahsetmeyen Muhammet Ayd\u0131n\u2019a kay\u0131npederi Ferdi Tayfur&#8217;un Tu\u011f\u00e7e Tayfur&#8217;a b\u0131rakt\u0131\u011f\u0131 mirasla ilgili sorular soruldu.<\/p>\n<p>Tu\u011f\u00e7e Tayfur&#8217;un e\u015fi Muhammet Ayd\u0131n, adliyeye avukat\u0131yla g\u00f6r\u00fc\u015fmek i\u00e7in geldi\u011fini ifade etti. G\u00f6r\u00fc\u015fmeye dair detay vermeyen Ayd\u0131n, kay\u0131npederi Ferdi Tayfur&#8217;un Tu\u011f\u00e7e Tayfur&#8217;a b\u0131rakt\u0131\u011f\u0131 mirasla ilgili sorulara da sessiz kald\u0131.<\/p>\n<p><img loading=\"lazy\" decoding=\"async\" class=\"alignnone wp-image-126239\" src=\"https:\/\/www.tgrthaber.com\/mavikadin\/wp-content\/uploads\/Muhammet-Aydin-3.jpg\" alt=\"\" width=\"1208\" height=\"680\" title=\"\" srcset=\"https:\/\/www.tgrthaber.com\/mavikadin\/wp-content\/uploads\/Muhammet-Aydin-3.jpg 1600w, https:\/\/www.tgrthaber.com\/mavikadin\/wp-content\/uploads\/Muhammet-Aydin-3-300x169.jpg 300w, https:\/\/www.tgrthaber.com\/mavikadin\/wp-content\/uploads\/Muhammet-Aydin-3-1024x576.jpg 1024w, https:\/\/www.tgrthaber.com\/mavikadin\/wp-content\/uploads\/Muhammet-Aydin-3-768x432.jpg 768w, https:\/\/www.tgrthaber.com\/mavikadin\/wp-content\/uploads\/Muhammet-Aydin-3-1536x864.jpg 1536w\" sizes=\"(max-width: 1208px) 100vw, 1208px\" \/><\/p>\n<hr \/>\n<h3>E\u015e\u0130NE OLAN PAYLA\u015eIMI TEPK\u0130 TOPLAMI\u015eTI<\/h3>\n<p>Tu\u011f\u00e7e Tayfur\u2019un e\u015fi Muhammet Ayd\u0131n, kay\u0131npederi Ferdi Tayfur\u2019un vefat etti\u011fi d\u00f6nemde yapt\u0131\u011f\u0131 payla\u015f\u0131mla dikkat \u00e7ekmi\u015fti.<\/p>\n<p>Ayd\u0131n, &#8220;Zafiyetimsin kad\u0131n. K\u00f6t\u00fc bir adam olarak an\u0131lmak de\u011fil, bilsem seninle \u00f6l\u00fcm var gene en \u00f6ndeyim. Arkana de\u011fil \u00f6n\u00fcne bak, en \u00f6nde gene g\u00f6receksin beni. Ne yapay\u0131m k\u0131rm\u0131z\u0131 \u00e7izgimsin be han\u0131m!&#8221; ifadelerinin yer ald\u0131\u011f\u0131 bir payla\u015f\u0131m yapm\u0131\u015ft\u0131.<\/p>\n<p><img loading=\"lazy\" decoding=\"async\" class=\"alignnone wp-image-126244\" src=\"https:\/\/www.tgrthaber.com\/mavikadin\/wp-content\/uploads\/Muhammet-Aydin-2.jpg\" alt=\"\" width=\"1208\" height=\"680\" title=\"\" srcset=\"https:\/\/www.tgrthaber.com\/mavikadin\/wp-content\/uploads\/Muhammet-Aydin-2.jpg 1600w, https:\/\/www.tgrthaber.com\/mavikadin\/wp-content\/uploads\/Muhammet-Aydin-2-300x169.jpg 300w, https:\/\/www.tgrthaber.com\/mavikadin\/wp-content\/uploads\/Muhammet-Aydin-2-1024x576.jpg 1024w, https:\/\/www.tgrthaber.com\/mavikadin\/wp-content\/uploads\/Muhammet-Aydin-2-768x432.jpg 768w, https:\/\/www.tgrthaber.com\/mavikadin\/wp-content\/uploads\/Muhammet-Aydin-2-1536x864.jpg 1536w\" sizes=\"(max-width: 1208px) 100vw, 1208px\" \/><\/p>\n<hr \/>\n<h3>FERD\u0130 TAYFUR \u0130LE TU\u011e\u00c7E TAYFUR ARASINDA NELER YA\u015eANMI\u015eTI?<\/h3>\n<p>T\u00fcrk m\u00fczi\u011finin usta isimlerinden Ferdi Tayfur 79 ya\u015f\u0131nda hayat\u0131n\u0131 kaybetmi\u015fti. Ferdi Tayfur\u2019un vefat\u0131 sevenlerini h\u00fczne bo\u011fmu\u015ftu.<\/p>\n<p>Ald\u0131\u011f\u0131 ac\u0131 haberle sars\u0131lan Tu\u011f\u00e7e Tayfur g\u00f6zya\u015flar\u0131n\u0131 tutamam\u0131\u015ft\u0131. Babas\u0131yla ya\u015fad\u0131\u011f\u0131 soyad\u0131 kriziyle son olarak g\u00fcndem olan Tu\u011f\u00e7e Tayfur babas\u0131n\u0131 son kez g\u00f6rmek i\u00e7in gasilhaneye gitti.<\/p>\n<p><img loading=\"lazy\" decoding=\"async\" class=\"alignnone wp-image-126247\" src=\"https:\/\/www.tgrthaber.com\/mavikadin\/wp-content\/uploads\/Tugce-Tayfur-1-1.jpg\" alt=\"\" width=\"1208\" height=\"680\" title=\"\" srcset=\"https:\/\/www.tgrthaber.com\/mavikadin\/wp-content\/uploads\/Tugce-Tayfur-1-1.jpg 1600w, https:\/\/www.tgrthaber.com\/mavikadin\/wp-content\/uploads\/Tugce-Tayfur-1-1-300x169.jpg 300w, https:\/\/www.tgrthaber.com\/mavikadin\/wp-content\/uploads\/Tugce-Tayfur-1-1-1024x576.jpg 1024w, https:\/\/www.tgrthaber.com\/mavikadin\/wp-content\/uploads\/Tugce-Tayfur-1-1-768x432.jpg 768w, https:\/\/www.tgrthaber.com\/mavikadin\/wp-content\/uploads\/Tugce-Tayfur-1-1-1536x864.jpg 1536w\" sizes=\"(max-width: 1208px) 100vw, 1208px\" \/><\/p>\n<hr \/>\n<h3>&#8220;BEN\u0130 BABAMDAN AYIRDINIZ&#8221;<\/h3>\n<p>Tu\u011f\u00e7e Tayfur &#8220;Beni babamdan ay\u0131rd\u0131n\u0131z&#8221; diyerek g\u00f6zya\u015flar\u0131n\u0131 tutamam\u0131\u015ft\u0131.<\/p>\n<p>G\u00f6zlerden uzak bir hayat ya\u015fayan Tu\u011f\u00e7e Tayfur\u2019un babas\u0131yla olan sorunlar\u0131n\u0131n evlendikten sonra oldu\u011fu iddia edilmi\u015fti.<\/p>\n<p>Bu ya\u015fananlar \u00fczerine Ferdi Tayfur, Instagram hesab\u0131ndan &#8220;Zaman\u0131nda neden b\u0131rak\u0131p ka\u00e7t\u0131\u011f\u0131m\u0131 \u015fimdi anlad\u0131n\u0131z m\u0131?&#8221; mesaj\u0131 payla\u015fm\u0131\u015ft\u0131.<\/p>\n<p><img loading=\"lazy\" decoding=\"async\" class=\"alignnone wp-image-126265\" src=\"https:\/\/www.tgrthaber.com\/mavikadin\/wp-content\/uploads\/Ekran-goruntusu-2025-01-27-145035.png\" alt=\"\" width=\"1208\" height=\"620\" title=\"\" srcset=\"https:\/\/www.tgrthaber.com\/mavikadin\/wp-content\/uploads\/Ekran-goruntusu-2025-01-27-145035.png 466w, https:\/\/www.tgrthaber.com\/mavikadin\/wp-content\/uploads\/Ekran-goruntusu-2025-01-27-145035-300x154.png 300w\" sizes=\"(max-width: 1208px) 100vw, 1208px\" \/><\/p>\n<hr \/>\n<p>Tu\u011f\u00e7e Tayfur isim vermeden babas\u0131n\u0131n bas\u0131n bas\u0131n dan\u0131\u015fman\u0131 \u015eirin G\u00f6zal\u0131c\u0131\u2019ya hedef alarak mesaj\u0131 babas\u0131n\u0131n de\u011fil yard\u0131mc\u0131s\u0131 \u015eirin G\u00f6zal\u0131c\u0131\u2019n\u0131n yazd\u0131\u011f\u0131n\u0131 \u00f6ne s\u00fcrm\u00fc\u015ft\u00fc.<\/p>\n<p>Ferdi Tayfur ise payla\u015ft\u0131\u011f\u0131 videonun kendisine ait oldu\u011funu s\u00f6yleyerek &#8220;Kim ne yaparsa kendine yapar&#8221; kar\u015f\u0131l\u0131\u011f\u0131n\u0131 vermi\u015fti.<\/p>\n","protected":false},"excerpt":{"rendered":"<p>Ferdi Tayfur&#8217;un damad\u0131 Muhammet Ayd\u0131n adliyede g\u00f6r\u00fcnt\u00fclendi. Muhabirlerin sorular\u0131na cevap vermeyen Ayd\u0131n miras sorular\u0131na sessiz kald\u0131.<\/p>\n","protected":false},"author":5,"featured_media":126243,"comment_status":"closed","ping_status":"closed","sticky":false,"template":"","format":"standard","meta":{"rank_math_lock_modified_date":false,"footnotes":""},"categories":[76],"tags":[6268,2616],"class_list":["post-126238","post","type-post","status-publish","format-standard","has-post-thumbnail","hentry","category-magazin","tag-muhammet-aydin","tag-tugce-tayfur"],"_links":{"self":[{"href":"https:\/\/www.tgrthaber.com\/mavikadin\/wp-json\/wp\/v2\/posts\/126238"}],"collection":[{"href":"https:\/\/www.tgrthaber.com\/mavikadin\/wp-json\/wp\/v2\/posts"}],"about":[{"href":"https:\/\/www.tgrthaber.com\/mavikadin\/wp-json\/wp\/v2\/types\/post"}],"author":[{"embeddable":true,"href":"https:\/\/www.tgrthaber.com\/mavikadin\/wp-json\/wp\/v2\/users\/5"}],"replies":[{"embeddable":true,"href":"https:\/\/www.tgrthaber.com\/mavikadin\/wp-json\/wp\/v2\/comments?post=126238"}],"version-history":[{"count":5,"href":"https:\/\/www.tgrthaber.com\/mavikadin\/wp-json\/wp\/v2\/posts\/126238\/revisions"}],"predecessor-version":[{"id":126269,"href":"https:\/\/www.tgrthaber.com\/mavikadin\/wp-json\/wp\/v2\/posts\/126238\/revisions\/126269"}],"wp:featuredmedia":[{"embeddable":true,"href":"https:\/\/www.tgrthaber.com\/mavikadin\/wp-json\/wp\/v2\/media\/126243"}],"wp:attachment":[{"href":"https:\/\/www.tgrthaber.com\/mavikadin\/wp-json\/wp\/v2\/media?parent=126238"}],"wp:term":[{"taxonomy":"category","embeddable":true,"href":"https:\/\/www.tgrthaber.com\/mavikadin\/wp-json\/wp\/v2\/categories?post=126238"},{"taxonomy":"post_tag","embeddable":true,"href":"https:\/\/www.tgrthaber.com\/mavikadin\/wp-json\/wp\/v2\/tags?post=126238"}],"curies":[{"name":"wp","href":"https:\/\/api.w.org\/{rel}","templated":true}]}}