{"id":126323,"date":"2025-01-27T17:27:50","date_gmt":"2025-01-27T14:27:50","guid":{"rendered":"https:\/\/www.tgrthaber.com\/mavikadin\/?p=126323"},"modified":"2025-01-31T02:04:10","modified_gmt":"2025-01-30T23:04:10","slug":"oyuncu-bulent-sakraktan-aci-duyuru-annemin-kiymetlisi-benim-kardesim","status":"publish","type":"post","link":"https:\/\/www.tgrthaber.com\/mavikadin\/oyuncu-bulent-sakraktan-aci-duyuru-annemin-kiymetlisi-benim-kardesim\/","title":{"rendered":"Oyuncu B\u00fclent \u015eakrak\u2019tan ac\u0131 duyuru: \u201cAnnemin k\u0131ymetlisi, benim karde\u015fim\u201d"},"content":{"rendered":"<p>Oyuncu B\u00fclent \u015eakrak, sosyal medya hesab\u0131 \u00fczerinden yapt\u0131\u011f\u0131 payla\u015f\u0131mla arkada\u015f\u0131 Onur Kele\u015f\u2019in hayat\u0131n\u0131 kaybetti\u011fini duyurdu.<\/p>\n<h3>&#8220;NURDA UYU ASLANIM&#8221;<\/h3>\n<p>Ac\u0131 haberi Instagram \u00fczerinden duyuran \u015eakrak, \u201cNurda uyu aslan\u0131m. SEN\u0130 \u00c7OOK SEV\u0130YORUM\u201d s\u00f6zleriyle ac\u0131s\u0131n\u0131 payla\u015ft\u0131.<\/p>\n<p><img loading=\"lazy\" decoding=\"async\" class=\"alignnone wp-image-126324\" src=\"https:\/\/www.tgrthaber.com\/mavikadin\/wp-content\/uploads\/bulent-sakrak-onur-keles-300x222.jpeg\" alt=\"\" width=\"1280\" height=\"946\" title=\"\" srcset=\"https:\/\/www.tgrthaber.com\/mavikadin\/wp-content\/uploads\/bulent-sakrak-onur-keles-300x222.jpeg 300w, https:\/\/www.tgrthaber.com\/mavikadin\/wp-content\/uploads\/bulent-sakrak-onur-keles.jpeg 640w\" sizes=\"(max-width: 1280px) 100vw, 1280px\" \/><\/p>\n<hr \/>\n<p>\u00dcnl\u00fc oyuncu B\u00fclent \u015eakrak sosyal medya hesab\u0131ndan konuya ili\u015fkin payla\u015f\u0131m\u0131nda, \u201cO\u011flumun, k\u0131z\u0131m\u0131n aslan abisi, annemin k\u0131ymetlisi, benim karde\u015fim. Erken oldu. A\u015fk olsun&#8230; Nurda uyu aslan\u0131m. SEN\u0130 \u00c7OOK SEV\u0130YORUM.\u201d dedi.<\/p>\n<p>Oyuncu Nur Fettaho\u011flu da Onur Kele\u015f\u2019in \u00f6l\u00fcm\u00fcne ili\u015fkin \u201cYatt\u0131\u011f\u0131 yer incitmesin\u2026&#8221;\u00a0notunu d\u00fc\u015ft\u00fc.<\/p>\n<p>&nbsp;<\/p>\n","protected":false},"excerpt":{"rendered":"<p>\u00dcnl\u00fc oyuncu B\u00fclent \u015eakrak, Instagram hesab\u0131 \u00fczerinden yapt\u0131\u011f\u0131 payla\u015f\u0131mla, \u201cNurda uyu aslan\u0131m. Seni \u00e7ok seviyorum\u201d mesaj\u0131yla arkada\u015f\u0131 Onur Kele\u015f\u2019in ya\u015fam\u0131n\u0131 yitirdi\u011fini a\u00e7\u0131klad\u0131. <\/p>\n","protected":false},"author":33,"featured_media":126325,"comment_status":"closed","ping_status":"closed","sticky":false,"template":"","format":"standard","meta":{"rank_math_lock_modified_date":false,"footnotes":""},"categories":[76],"tags":[9183,9182],"class_list":["post-126323","post","type-post","status-publish","format-standard","has-post-thumbnail","hentry","category-magazin","tag-bulent-sakrak-arkadasi","tag-onur-keles"],"_links":{"self":[{"href":"https:\/\/www.tgrthaber.com\/mavikadin\/wp-json\/wp\/v2\/posts\/126323"}],"collection":[{"href":"https:\/\/www.tgrthaber.com\/mavikadin\/wp-json\/wp\/v2\/posts"}],"about":[{"href":"https:\/\/www.tgrthaber.com\/mavikadin\/wp-json\/wp\/v2\/types\/post"}],"author":[{"embeddable":true,"href":"https:\/\/www.tgrthaber.com\/mavikadin\/wp-json\/wp\/v2\/users\/33"}],"replies":[{"embeddable":true,"href":"https:\/\/www.tgrthaber.com\/mavikadin\/wp-json\/wp\/v2\/comments?post=126323"}],"version-history":[{"count":2,"href":"https:\/\/www.tgrthaber.com\/mavikadin\/wp-json\/wp\/v2\/posts\/126323\/revisions"}],"predecessor-version":[{"id":127650,"href":"https:\/\/www.tgrthaber.com\/mavikadin\/wp-json\/wp\/v2\/posts\/126323\/revisions\/127650"}],"wp:featuredmedia":[{"embeddable":true,"href":"https:\/\/www.tgrthaber.com\/mavikadin\/wp-json\/wp\/v2\/media\/126325"}],"wp:attachment":[{"href":"https:\/\/www.tgrthaber.com\/mavikadin\/wp-json\/wp\/v2\/media?parent=126323"}],"wp:term":[{"taxonomy":"category","embeddable":true,"href":"https:\/\/www.tgrthaber.com\/mavikadin\/wp-json\/wp\/v2\/categories?post=126323"},{"taxonomy":"post_tag","embeddable":true,"href":"https:\/\/www.tgrthaber.com\/mavikadin\/wp-json\/wp\/v2\/tags?post=126323"}],"curies":[{"name":"wp","href":"https:\/\/api.w.org\/{rel}","templated":true}]}}