{"id":126327,"date":"2025-01-27T17:40:29","date_gmt":"2025-01-27T14:40:29","guid":{"rendered":"https:\/\/www.tgrthaber.com\/mavikadin\/?p=126327"},"modified":"2025-01-31T02:04:22","modified_gmt":"2025-01-30T23:04:22","slug":"fenomen-ozlem-ozu-gozyaslarina-bogan-yorum-bu-ne-inancim-ne-vicdanim-musaade-etmez","status":"publish","type":"post","link":"https:\/\/www.tgrthaber.com\/mavikadin\/fenomen-ozlem-ozu-gozyaslarina-bogan-yorum-bu-ne-inancim-ne-vicdanim-musaade-etmez\/","title":{"rendered":"Fenomen \u00d6zlem \u00d6z\u2019\u00fc g\u00f6zya\u015flar\u0131na bo\u011fan yorum! &#8220;Bu ne inanc\u0131m ne vicdan\u0131m m\u00fcsaade etmez\u201d"},"content":{"rendered":"<p>Ge\u00e7ti\u011fimiz zamanlarda e\u015fi Tayyar \u00d6z ile haklar\u0131nda su\u00e7 i\u015flemek amac\u0131yla \u00f6rg\u00fct kurma, vergi kanununa muhalefet ve evrakta sahtecilik gibi konularda haklar\u0131nda soru\u015fturma a\u00e7\u0131lan \u00d6z ailesi, yeni bir konuyla g\u00fcndeme geldi.<\/p>\n<p>2024 Nisan ay\u0131nda 4. \u00e7ocu\u011fu olan fenomen \u00d6zlem \u00d6z, 5. \u00e7ocu\u011fa hamile kald\u0131\u011f\u0131n\u0131 sosyal medya hesab\u0131 \u00fczerinden duyurdu. 4. \u00c7ocu\u011funu yeni do\u011furdu\u011fu i\u00e7in 5. \u00c7ocu\u011fa hamile kald\u0131\u011f\u0131 haberi tepki \u00e7eken \u00d6zlem \u00d6z, takip\u00e7ileri taraf\u0131ndan \u201cBebe\u011fi ald\u0131r\u201d mesajlar\u0131yla kar\u015f\u0131la\u015ft\u0131.<\/p>\n<p>&nbsp;<\/p>\n<h3>\u201cSONU\u00c7TA ANNES\u0130 BELL\u0130 BABASI BELL\u0130\u201d<\/h3>\n<p>Bu mesajlar kar\u015f\u0131s\u0131nda g\u00f6zya\u015flar\u0131na bo\u011fulan \u00d6zlem \u00d6z, \u201cLina&#8217;dan sonra, Ela&#8217;dan \u00f6nce benim bir bebe\u011fim d\u00fc\u015ft\u00fc. K\u00fcrtaj olmak zorunda kald\u0131m ve bir bebe\u011fimi kaybettim. Benim i\u00e7in \u00e7ok k\u00f6t\u00fc bir durumdu. S\u00fcrekli r\u00fcyalar g\u00f6r\u00fcyordum, hay\u0131rl\u0131s\u0131 buymu\u015f. Yorumlara &#8216;ald\u0131r&#8217; yazmak hi\u00e7 do\u011fru bir \u015fey de\u011fil sonu\u00e7ta annesi belli babas\u0131 belli\u201d ifadelerini kulland\u0131.<\/p>\n<p><img loading=\"lazy\" decoding=\"async\" class=\"alignnone wp-image-126330\" src=\"https:\/\/www.tgrthaber.com\/mavikadin\/wp-content\/uploads\/ozlem-oz-hamilelik-300x169.webp\" alt=\"\" width=\"1280\" height=\"720\" title=\"\" srcset=\"https:\/\/www.tgrthaber.com\/mavikadin\/wp-content\/uploads\/ozlem-oz-hamilelik-300x169.webp 300w, https:\/\/www.tgrthaber.com\/mavikadin\/wp-content\/uploads\/ozlem-oz-hamilelik-1024x576.webp 1024w, https:\/\/www.tgrthaber.com\/mavikadin\/wp-content\/uploads\/ozlem-oz-hamilelik-768x432.webp 768w, https:\/\/www.tgrthaber.com\/mavikadin\/wp-content\/uploads\/ozlem-oz-hamilelik.webp 1280w\" sizes=\"(max-width: 1280px) 100vw, 1280px\" \/><\/p>\n<hr \/>\n<p>\u201cBebe\u011fi ald\u0131r\u201d mesajlar\u0131na da yan\u0131t veren \u00d6zlem \u00d6z, \u201cBir evlad\u0131m\u0131 kaybettim ben bir evlad\u0131m\u0131 daha kaybetmeyi asla istemem.. Bebe\u011fini ald\u0131r diyenlere yan\u0131t\u0131m, benim ne inanc\u0131m ne vicdan\u0131m buna asla m\u00fcsaade etmez!\u201d dedi.<\/p>\n<p>&nbsp;<\/p>\n","protected":false},"excerpt":{"rendered":"<p>Sosyal medya fenomeni \u00d6zlem \u00d6z, yapt\u0131\u011f\u0131 payla\u015f\u0131mla 5. \u00e7ocu\u011funa hamile kald\u0131\u011f\u0131n\u0131 duyurdu. Takip\u00e7ilerinden gelen \u201cAld\u0131r\u201d mesajlar\u0131 kar\u015f\u0131s\u0131nda g\u00f6zya\u015flar\u0131na bo\u011fulan \u00d6zlem \u00d6z, \u201cBenim inanc\u0131m da vicdan\u0131m da buna m\u00fcsaade etmez\u201d dedi. <\/p>\n","protected":false},"author":33,"featured_media":126328,"comment_status":"closed","ping_status":"closed","sticky":false,"template":"","format":"standard","meta":{"rank_math_lock_modified_date":false,"footnotes":""},"categories":[76],"tags":[9184,9185,9186],"class_list":["post-126327","post","type-post","status-publish","format-standard","has-post-thumbnail","hentry","category-magazin","tag-ozlem-oz","tag-ozlem-oz-bebek","tag-ozlem-oz-hamile"],"_links":{"self":[{"href":"https:\/\/www.tgrthaber.com\/mavikadin\/wp-json\/wp\/v2\/posts\/126327"}],"collection":[{"href":"https:\/\/www.tgrthaber.com\/mavikadin\/wp-json\/wp\/v2\/posts"}],"about":[{"href":"https:\/\/www.tgrthaber.com\/mavikadin\/wp-json\/wp\/v2\/types\/post"}],"author":[{"embeddable":true,"href":"https:\/\/www.tgrthaber.com\/mavikadin\/wp-json\/wp\/v2\/users\/33"}],"replies":[{"embeddable":true,"href":"https:\/\/www.tgrthaber.com\/mavikadin\/wp-json\/wp\/v2\/comments?post=126327"}],"version-history":[{"count":2,"href":"https:\/\/www.tgrthaber.com\/mavikadin\/wp-json\/wp\/v2\/posts\/126327\/revisions"}],"predecessor-version":[{"id":127651,"href":"https:\/\/www.tgrthaber.com\/mavikadin\/wp-json\/wp\/v2\/posts\/126327\/revisions\/127651"}],"wp:featuredmedia":[{"embeddable":true,"href":"https:\/\/www.tgrthaber.com\/mavikadin\/wp-json\/wp\/v2\/media\/126328"}],"wp:attachment":[{"href":"https:\/\/www.tgrthaber.com\/mavikadin\/wp-json\/wp\/v2\/media?parent=126327"}],"wp:term":[{"taxonomy":"category","embeddable":true,"href":"https:\/\/www.tgrthaber.com\/mavikadin\/wp-json\/wp\/v2\/categories?post=126327"},{"taxonomy":"post_tag","embeddable":true,"href":"https:\/\/www.tgrthaber.com\/mavikadin\/wp-json\/wp\/v2\/tags?post=126327"}],"curies":[{"name":"wp","href":"https:\/\/api.w.org\/{rel}","templated":true}]}}