{"id":126625,"date":"2025-01-28T14:44:07","date_gmt":"2025-01-28T11:44:07","guid":{"rendered":"https:\/\/www.tgrthaber.com\/mavikadin\/?p=126625"},"modified":"2025-01-28T15:29:56","modified_gmt":"2025-01-28T12:29:56","slug":"survivor-sampiyonu-nefiseden-soke-eden-aciklama-onun-icin-bosanirdim","status":"publish","type":"post","link":"https:\/\/www.tgrthaber.com\/mavikadin\/survivor-sampiyonu-nefiseden-soke-eden-aciklama-onun-icin-bosanirdim\/","title":{"rendered":"Survivor \u015fampiyonu Nefise\u2019den \u015foke eden a\u00e7\u0131klama: Onun i\u00e7in bo\u015fan\u0131rd\u0131m!"},"content":{"rendered":"<p>Sosyal medya hesab\u0131 \u00fczerinden yapt\u0131\u011f\u0131 payla\u015f\u0131mlarla s\u0131k s\u0131k g\u00fcndeme gelen Survivor 2023 \u015fampiyona Nefise Karatay, bu sefer bomba bir a\u00e7\u0131klamayla ad\u0131ndan s\u00f6z ettirdi.<\/p>\n<p>Kenan \u0130mirzal\u0131o\u011flu ve K\u0131van\u00e7 Tatl\u0131tu\u011f\u2019dan da yak\u0131\u015f\u0131kl\u0131 oldu\u011funu s\u00f6yledi\u011fi \u00fcnl\u00fc isim hakk\u0131nda dikkat \u00e7eken a\u00e7\u0131klamalarda bulunan Nefise Karatay, \u201cG\u00f6z\u00fcm\u00fc ondan alamam, \u00e7ok fazla da bakamam\u201d dedi.<\/p>\n<p><img loading=\"lazy\" decoding=\"async\" class=\"alignnone wp-image-126634\" src=\"https:\/\/www.tgrthaber.com\/mavikadin\/wp-content\/uploads\/nefise-karatay-300x300.jpg\" alt=\"\" width=\"1280\" height=\"1280\" title=\"\" srcset=\"https:\/\/www.tgrthaber.com\/mavikadin\/wp-content\/uploads\/nefise-karatay-300x300.jpg 300w, https:\/\/www.tgrthaber.com\/mavikadin\/wp-content\/uploads\/nefise-karatay-1024x1024.jpg 1024w, https:\/\/www.tgrthaber.com\/mavikadin\/wp-content\/uploads\/nefise-karatay-150x150.jpg 150w, https:\/\/www.tgrthaber.com\/mavikadin\/wp-content\/uploads\/nefise-karatay-768x768.jpg 768w, https:\/\/www.tgrthaber.com\/mavikadin\/wp-content\/uploads\/nefise-karatay.jpg 1080w\" sizes=\"(max-width: 1280px) 100vw, 1280px\" \/><\/p>\n<hr \/>\n<h3>\u0130\u015eTE NEF\u0130SE KARATAY\u2019IN \u0130LAN-A\u015eK A\u00c7IKLAMASINDAK\u0130 \u00dcNL\u00dc \u0130S\u0130M<\/h3>\n<p>Survivor\u2019da sunuculuk yapan Murat Ceylan hakk\u0131nda konu\u015fan Nefise Karatay, \u201cNe K\u0131van\u00e7 Tatl\u0131tu\u011f ne Kenan \u0130mirzal\u0131o\u011flu, T\u00fcrkiye\u2019nin en yak\u0131\u015f\u0131kl\u0131s\u0131 bence Murat Ceylan. \u0130nan\u0131lmaz yak\u0131\u015f\u0131kl\u0131. Oyun alan\u0131na geliyordum ya adama bak\u0131yorum enerjim fulleniyordu.\u201d Dedi.<\/p>\n<p><img loading=\"lazy\" decoding=\"async\" class=\"alignnone wp-image-126632\" src=\"https:\/\/www.tgrthaber.com\/mavikadin\/wp-content\/uploads\/Nefise--240x300.jpg\" alt=\"\" width=\"1280\" height=\"1600\" title=\"\" srcset=\"https:\/\/www.tgrthaber.com\/mavikadin\/wp-content\/uploads\/Nefise--240x300.jpg 240w, https:\/\/www.tgrthaber.com\/mavikadin\/wp-content\/uploads\/Nefise--819x1024.jpg 819w, https:\/\/www.tgrthaber.com\/mavikadin\/wp-content\/uploads\/Nefise--768x960.jpg 768w, https:\/\/www.tgrthaber.com\/mavikadin\/wp-content\/uploads\/Nefise-.jpg 1080w\" sizes=\"(max-width: 1280px) 100vw, 1280px\" \/><\/p>\n<hr \/>\n<h3>\u201cFL\u00d6RT TEKL\u0130F\u0130 ETSE BO\u015eANIRDIM\u201d<\/h3>\n<p>Takip\u00e7ileri taraf\u0131ndan gelen \u201cili\u015fkin var m\u0131 sorusuna da yan\u0131t veren Karatay, \u201c\u0130li\u015fkinin beni etkileyece\u011fini d\u00fc\u015f\u00fcn\u00fcyorum. Hem yar\u0131\u015fmada olsun hem g\u00fcnl\u00fck ya\u015famda olsun. Zaten stresli bir insan\u0131m. Daha fazla strese de gerek yok. Kalbimiz bo\u015f\u201d demi\u015fti.<\/p>\n<p>Murat Ceylan hakk\u0131nda da konu\u015fan Karatay, \u201cT\u00fcrkiye&#8217;nin en yak\u0131\u015f\u0131kl\u0131 erke\u011fi olabilir. \u0130nan\u0131lmaz yak\u0131\u015f\u0131kl\u0131. Ben her erke\u011fe de iltifat etmem. Bu erkek her yerde bulunmaz. Evli olsam ve Murat&#8217;tan fl\u00f6rt teklifi alsam derhal bo\u015fan\u0131r\u0131m.\u201d ifadelerini kulland\u0131.<\/p>\n","protected":false},"excerpt":{"rendered":"<p>2023 y\u0131l\u0131nda yap\u0131lan Survivor\u2019da \u015fampiyon olan Nefise Karatay, \u00fcnl\u00fc isim hakk\u0131nda ilan-\u0131 a\u015fk denilebilecek t\u00fcrden a\u00e7\u0131klamalarda bulundu. Karatay a\u00e7\u0131klamas\u0131nda \u00fcnl\u00fc isimden, \u201cNe Kenan \u0130mirzal\u0131o\u011flu, Ne K\u0131van\u00e7 Tatl\u0131tu\u011f. Bence T\u00fcrkiye&#8217;nin en yak\u0131\u015f\u0131kl\u0131s\u0131\u201d diyerek bahsetti. <\/p>\n","protected":false},"author":33,"featured_media":126633,"comment_status":"closed","ping_status":"closed","sticky":false,"template":"","format":"standard","meta":{"rank_math_lock_modified_date":false,"footnotes":""},"categories":[76],"tags":[9254,9245],"class_list":["post-126625","post","type-post","status-publish","format-standard","has-post-thumbnail","hentry","category-magazin","tag-survivor-nefise","tag-survivor-sampiyonu-nefise-karatay"],"_links":{"self":[{"href":"https:\/\/www.tgrthaber.com\/mavikadin\/wp-json\/wp\/v2\/posts\/126625"}],"collection":[{"href":"https:\/\/www.tgrthaber.com\/mavikadin\/wp-json\/wp\/v2\/posts"}],"about":[{"href":"https:\/\/www.tgrthaber.com\/mavikadin\/wp-json\/wp\/v2\/types\/post"}],"author":[{"embeddable":true,"href":"https:\/\/www.tgrthaber.com\/mavikadin\/wp-json\/wp\/v2\/users\/33"}],"replies":[{"embeddable":true,"href":"https:\/\/www.tgrthaber.com\/mavikadin\/wp-json\/wp\/v2\/comments?post=126625"}],"version-history":[{"count":1,"href":"https:\/\/www.tgrthaber.com\/mavikadin\/wp-json\/wp\/v2\/posts\/126625\/revisions"}],"predecessor-version":[{"id":126635,"href":"https:\/\/www.tgrthaber.com\/mavikadin\/wp-json\/wp\/v2\/posts\/126625\/revisions\/126635"}],"wp:featuredmedia":[{"embeddable":true,"href":"https:\/\/www.tgrthaber.com\/mavikadin\/wp-json\/wp\/v2\/media\/126633"}],"wp:attachment":[{"href":"https:\/\/www.tgrthaber.com\/mavikadin\/wp-json\/wp\/v2\/media?parent=126625"}],"wp:term":[{"taxonomy":"category","embeddable":true,"href":"https:\/\/www.tgrthaber.com\/mavikadin\/wp-json\/wp\/v2\/categories?post=126625"},{"taxonomy":"post_tag","embeddable":true,"href":"https:\/\/www.tgrthaber.com\/mavikadin\/wp-json\/wp\/v2\/tags?post=126625"}],"curies":[{"name":"wp","href":"https:\/\/api.w.org\/{rel}","templated":true}]}}