{"id":126874,"date":"2025-01-29T00:39:51","date_gmt":"2025-01-28T21:39:51","guid":{"rendered":"https:\/\/www.tgrthaber.com\/mavikadin\/?p=126874"},"modified":"2025-01-29T00:39:51","modified_gmt":"2025-01-28T21:39:51","slug":"bebeklerde-agiz-ve-dis-sagligi-ilk-disler-ne-zaman-fircalanmali-bebeklerin-disleri-nasil-temizlenmeli","status":"publish","type":"post","link":"https:\/\/www.tgrthaber.com\/mavikadin\/bebeklerde-agiz-ve-dis-sagligi-ilk-disler-ne-zaman-fircalanmali-bebeklerin-disleri-nasil-temizlenmeli\/","title":{"rendered":"Bebeklerde a\u011f\u0131z ve di\u015f sa\u011fl\u0131\u011f\u0131: \u0130lk di\u015fler ne zaman f\u0131r\u00e7alanmal\u0131? Bebeklerin di\u015fleri nas\u0131l temizlenmeli?"},"content":{"rendered":"<p>Bebeklerdeki ilk s\u00fct d\u00fc\u015flerinin \u00e7\u0131kmas\u0131 durumu ebeveynler i\u00e7in her ne kadar heyecan ve mutluluk verici bir duygu olsa da beraberinde zamanla \u00e7ocu\u011fa a\u015f\u0131lanmas\u0131 gereken baz\u0131 al\u0131\u015fkanl\u0131klar\u0131 da beraberinde getirmektedir. Genel sa\u011fl\u0131k durumlar\u0131n\u0131n adeta bir yans\u0131mas\u0131 olan a\u011f\u0131z ve di\u015f sa\u011fl\u0131\u011f\u0131 ilerleyen d\u00f6nemlerde sa\u011fl\u0131kl\u0131 ve g\u00fc\u00e7l\u00fc bir di\u015f yap\u0131s\u0131 i\u00e7in olduk\u00e7a kritik bir rol oynamaktad\u0131r.<\/p>\n<p>Baz\u0131 ebeveynler ise bu durumun ilerleyen d\u00f6nemlerinde ne kadar \u00f6nemli bir durumu te\u015fkil ettiklerini bildi\u011finden dolay\u0131 a\u011f\u0131z ve di\u015f sa\u011fl\u0131\u011f\u0131 temizli\u011fi konusunda gerekli al\u0131\u015ft\u0131rmalara erkenden ba\u015flarlar.<\/p>\n<p>Ancak kimileri de bebeklerin di\u015f temizli\u011fine ne zaman ve nas\u0131l ba\u015flayaca\u011f\u0131 konusunda ikilemde kal\u0131p teredd\u00fctler ya\u015fayabiliyor. Peki bebeklerde ka\u00e7\u0131nc\u0131 aydan itibaren di\u015f f\u0131r\u00e7alanmal\u0131d\u0131r? Bebeklerde a\u011f\u0131z ve di\u015f temizli\u011fi nas\u0131l yap\u0131l\u0131r?<\/p>\n<h3>BEBEKLER\u0130N D\u0130\u015eLER\u0130 NE ZAMAN FIR\u00c7ALANMALI?<\/h3>\n<p>Bebeklerin ilk di\u015fleri yani s\u00fct di\u015fleri a\u011f\u0131zda belirgin bir \u015fekilde g\u00f6r\u00fclmeye ba\u015flamas\u0131ndan itibaren yava\u015f yava\u015f d\u00fczenli olarak di\u015f f\u0131r\u00e7alama al\u0131\u015fkanl\u0131\u011f\u0131n\u0131 sevdirmek ve kazand\u0131rmak a\u00e7\u0131s\u0131ndan birtak\u0131m uygulamalar yap\u0131lmal\u0131d\u0131r.<\/p>\n<p><img loading=\"lazy\" decoding=\"async\" class=\"wp-image-126879\" src=\"https:\/\/www.tgrthaber.com\/mavikadin\/wp-content\/uploads\/rw-2.png\" alt=\"bebeklerin di\u015fleri ne zaman f\u0131r\u00e7alanmal\u0131\" width=\"1208\" height=\"811\" title=\"\" srcset=\"https:\/\/www.tgrthaber.com\/mavikadin\/wp-content\/uploads\/rw-2.png 837w, https:\/\/www.tgrthaber.com\/mavikadin\/wp-content\/uploads\/rw-2-300x201.png 300w, https:\/\/www.tgrthaber.com\/mavikadin\/wp-content\/uploads\/rw-2-768x516.png 768w\" sizes=\"(max-width: 1208px) 100vw, 1208px\" \/><\/p>\n<hr \/>\n<p>Her bebe\u011fin di\u015f \u00e7\u0131karma s\u00fcreci kendine \u00f6zel iken baz\u0131 bebekler daha \u00fc\u00e7\u00fcnc\u00fc aylar\u0131nda iken di\u015f \u00e7\u0131kar\u0131r iken baz\u0131lar\u0131 7-8 ayl\u0131k iken hatta 1 ya\u015f\u0131nda bile \u00e7\u0131karabilmektedir.<\/p>\n<p>Ancak i\u015fin geneline bakt\u0131\u011f\u0131m\u0131zda ortalama olarak 6. aydan itibaren bebekler di\u015f \u00e7\u0131karmaya ba\u015flar. Bebe\u011fin a\u011fz\u0131nda beliren ilk s\u00fct di\u015fleri sabah ve ak\u015fam olmak \u00fczere g\u00fcnde iki kez f\u0131r\u00e7alanmaya ba\u015flanmal\u0131d\u0131r.<\/p>\n<h3>BEBEKLERDE D\u0130\u015e FIR\u00c7ASI SE\u00c7\u0130M\u0130 NASIL OLMALI?<\/h3>\n<p>Bebeklerin \u00e7\u0131kan ilk s\u00fct di\u015flerinde a\u011f\u0131z ve di\u015f sa\u011fl\u0131\u011f\u0131 i\u00e7in kullan\u0131lacak di\u015f f\u0131r\u00e7alar\u0131 elbette ki biz yeti\u015fkinlerin \u015fuanda kulland\u0131klar\u0131 gibi sert ya da orta sertlikteki f\u0131r\u00e7alar gibi olmamal\u0131d\u0131r.<\/p>\n<p>Bebeklerin ilk di\u015f temizli\u011finde siz ebeveyni olarak bebe\u011finizin di\u015flerinde parmak f\u0131r\u00e7alardan ya da bebeklerin a\u011fz\u0131n\u0131 ac\u0131tmayacak \u015fekilde \u00fcretilen silikon k\u0131ll\u0131 bebek f\u0131r\u00e7alar\u0131n\u0131 tercih edebilirsiniz.<\/p>\n<p><img loading=\"lazy\" decoding=\"async\" class=\"alignnone wp-image-126881\" src=\"https:\/\/www.tgrthaber.com\/mavikadin\/wp-content\/uploads\/vcvc.png\" alt=\"\" width=\"1208\" height=\"609\" title=\"\" srcset=\"https:\/\/www.tgrthaber.com\/mavikadin\/wp-content\/uploads\/vcvc.png 827w, https:\/\/www.tgrthaber.com\/mavikadin\/wp-content\/uploads\/vcvc-300x151.png 300w, https:\/\/www.tgrthaber.com\/mavikadin\/wp-content\/uploads\/vcvc-768x387.png 768w\" sizes=\"(max-width: 1208px) 100vw, 1208px\" \/><\/p>\n<hr \/>\n<p>Bebeklerde a\u011f\u0131z ve di\u015f temizli\u011fi i\u00e7in ilk etapta parmak f\u0131r\u00e7a ya da silikon k\u0131ll\u0131 bebek f\u0131r\u00e7alar\u0131 yeterli olabiliyor iken ilerleyen zamanlarda temizlik a\u00e7\u0131s\u0131ndan yetersiz kalacakt\u0131r.<\/p>\n<p>Dolay\u0131s\u0131yla ilk di\u015fler \u00e7\u0131kt\u0131ktan sonra daha verimli ve etkin bir temizlik i\u00e7in daha fonksiyonlu di\u015f f\u0131r\u00e7alar\u0131na ge\u00e7i\u015f yapmak \u00f6nemlidir.<\/p>\n<h3>BEBEKLER\u0130N D\u0130\u015eLER\u0130 NASIL TEM\u0130ZLENMEL\u0130? BEBEKLERDE A\u011eIZ VE D\u0130\u015e TEM\u0130ZL\u0130\u011e\u0130:<\/h3>\n<p>Bebe\u011finizin di\u015flerini ve dilinin \u00f6n k\u0131sm\u0131n\u0131 hijyeninden emin oldu\u011funuz temiz bir bez ile ya da \u0131slat\u0131lm\u0131\u015f pamuk ile g\u00fczelce silebilirsiniz. Biraz \u00f6nce bahsetti\u011fimiz gibi bebeklerde 1 ya\u015f\u0131ndan sonra bebe\u011finize uygun, yumu\u015fak di\u015f f\u0131r\u00e7alar\u0131n\u0131 da tercih edebilirsiniz.<\/p>\n<p><img loading=\"lazy\" decoding=\"async\" class=\"alignnone wp-image-126882\" src=\"https:\/\/www.tgrthaber.com\/mavikadin\/wp-content\/uploads\/fdfdf-1.png\" alt=\"\" width=\"1208\" height=\"754\" title=\"\" srcset=\"https:\/\/www.tgrthaber.com\/mavikadin\/wp-content\/uploads\/fdfdf-1.png 782w, https:\/\/www.tgrthaber.com\/mavikadin\/wp-content\/uploads\/fdfdf-1-300x187.png 300w, https:\/\/www.tgrthaber.com\/mavikadin\/wp-content\/uploads\/fdfdf-1-768x479.png 768w\" sizes=\"(max-width: 1208px) 100vw, 1208px\" \/><\/p>\n<hr \/>\n<p>Ancak bu noktada siz ebeveyni olarak dikkat etmeniz gereken \u00f6nemli bir husus var ki oda; f\u0131r\u00e7ay\u0131 bebeklerde kulland\u0131ktan sonra g\u00fczelce temizlemeniz ve en ge\u00e7 3 ayda 1 yeni f\u0131r\u00e7a alarak eskisi ile de\u011fi\u015ftirilmesi gerekmesidir.<\/p>\n<p>E\u011fer bu s\u00fcre zarf\u0131nda bebe\u011finizde kulland\u0131\u011f\u0131n\u0131z f\u0131r\u00e7a daha erken bir vakitte hasar al\u0131rsa daha erken zamanda f\u0131r\u00e7an\u0131n de\u011fi\u015fimini gerektirebilir.<\/p>\n<h3>BEBEKLER\u0130N D\u0130\u015e TEM\u0130ZL\u0130\u011e\u0130NDE MACUN KULLANILIR MI? BEBEKLERDE D\u0130\u015e MACUNU GEREK\u0130R M\u0130?<\/h3>\n<p>Bebe\u011finizin a\u011fz\u0131nda olu\u015fan bakterileri f\u0131r\u00e7a ile temizlemek i\u00e7in ihtiyac\u0131n\u0131z olan tek \u015fey; yaln\u0131zca temiz bir su ve bir par\u00e7a temiz, yumu\u015fak gazl\u0131 bezlerdir.<\/p>\n<p>Bunun i\u00e7in ise yapman\u0131z gereken ad\u0131mlar gayet basittir. \u0130lk olarak gazl\u0131 bezi i\u015faret parma\u011f\u0131n\u0131za sar\u0131n ve suya sokun.<br \/>\nBakterileri temizleyip uzakla\u015ft\u0131rmak i\u00e7in gazl\u0131 bez ile bebe\u011finizin di\u015f etlerini g\u00fcnde iki defa olmak \u00fczere hafif\u00e7e ovun.<\/p>\n<h3>BEBEKLERE D\u0130\u015e FIR\u00c7ALAMA ALI\u015eKANLI\u011eI NASIL SEVD\u0130R\u0130L\u0130R?<\/h3>\n<p>\u0130lk olarak bebe\u011finizde di\u015f f\u0131r\u00e7alama al\u0131\u015fkanl\u0131\u011f\u0131n\u0131 kazand\u0131rmak i\u00e7in bu eylemi e\u011flenceli bir hale getirerek sevmesi olduk\u00e7a m\u00fchim bir noktad\u0131r.\u00a0 Bebe\u011finizin di\u015flerini f\u0131r\u00e7alar iken onun sevebilece\u011fi t\u00fcrden \u015fark\u0131 s\u00f6ylemek, oyunlar oynamak gibi y\u00f6ntemler di\u015f f\u0131r\u00e7alamay\u0131 daha keyifli bir hale d\u00f6n\u00fc\u015ft\u00fcrebilirsiniz.<\/p>\n<p><img loading=\"lazy\" decoding=\"async\" class=\"alignnone wp-image-126880\" src=\"https:\/\/www.tgrthaber.com\/mavikadin\/wp-content\/uploads\/ereree.png\" alt=\"\" width=\"1208\" height=\"771\" title=\"\" srcset=\"https:\/\/www.tgrthaber.com\/mavikadin\/wp-content\/uploads\/ereree.png 1000w, https:\/\/www.tgrthaber.com\/mavikadin\/wp-content\/uploads\/ereree-300x191.png 300w, https:\/\/www.tgrthaber.com\/mavikadin\/wp-content\/uploads\/ereree-768x490.png 768w\" sizes=\"(max-width: 1208px) 100vw, 1208px\" \/><\/p>\n","protected":false},"excerpt":{"rendered":"<p>S\u00fct di\u015fleri \u00e7\u0131kt\u0131\u011f\u0131 bebeklik evresinde a\u011f\u0131z ve di\u015f sa\u011fl\u0131\u011f\u0131 konusunda ebeveynlere rehber olacak bilgileri sizlere derledik. Bebeklerin di\u015fleri ne zaman f\u0131r\u00e7alanmaya ba\u015flanmal\u0131? Bebeklerin di\u015f temizli\u011fi nas\u0131l yap\u0131l\u0131r? Bebeklerde di\u015f macunu&#8230;<\/p>\n","protected":false},"author":27,"featured_media":126883,"comment_status":"closed","ping_status":"closed","sticky":false,"template":"","format":"standard","meta":{"rank_math_lock_modified_date":false,"footnotes":""},"categories":[111],"tags":[9310,9312,9313,9311],"class_list":["post-126874","post","type-post","status-publish","format-standard","has-post-thumbnail","hentry","category-anne-cocuk","tag-bebeklerde-dis-fircalama-aliskanligi","tag-bebeklerde-dis-macunu","tag-bebeklerin-disleri-nasil-temizlenir","tag-bebeklerin-disleri-ne-zaman-fircalanmali"],"_links":{"self":[{"href":"https:\/\/www.tgrthaber.com\/mavikadin\/wp-json\/wp\/v2\/posts\/126874"}],"collection":[{"href":"https:\/\/www.tgrthaber.com\/mavikadin\/wp-json\/wp\/v2\/posts"}],"about":[{"href":"https:\/\/www.tgrthaber.com\/mavikadin\/wp-json\/wp\/v2\/types\/post"}],"author":[{"embeddable":true,"href":"https:\/\/www.tgrthaber.com\/mavikadin\/wp-json\/wp\/v2\/users\/27"}],"replies":[{"embeddable":true,"href":"https:\/\/www.tgrthaber.com\/mavikadin\/wp-json\/wp\/v2\/comments?post=126874"}],"version-history":[{"count":2,"href":"https:\/\/www.tgrthaber.com\/mavikadin\/wp-json\/wp\/v2\/posts\/126874\/revisions"}],"predecessor-version":[{"id":126885,"href":"https:\/\/www.tgrthaber.com\/mavikadin\/wp-json\/wp\/v2\/posts\/126874\/revisions\/126885"}],"wp:featuredmedia":[{"embeddable":true,"href":"https:\/\/www.tgrthaber.com\/mavikadin\/wp-json\/wp\/v2\/media\/126883"}],"wp:attachment":[{"href":"https:\/\/www.tgrthaber.com\/mavikadin\/wp-json\/wp\/v2\/media?parent=126874"}],"wp:term":[{"taxonomy":"category","embeddable":true,"href":"https:\/\/www.tgrthaber.com\/mavikadin\/wp-json\/wp\/v2\/categories?post=126874"},{"taxonomy":"post_tag","embeddable":true,"href":"https:\/\/www.tgrthaber.com\/mavikadin\/wp-json\/wp\/v2\/tags?post=126874"}],"curies":[{"name":"wp","href":"https:\/\/api.w.org\/{rel}","templated":true}]}}