{"id":126940,"date":"2025-01-29T11:00:29","date_gmt":"2025-01-29T08:00:29","guid":{"rendered":"https:\/\/www.tgrthaber.com\/mavikadin\/?p=126940"},"modified":"2025-01-29T11:03:46","modified_gmt":"2025-01-29T08:03:46","slug":"esra-erol-altin-kelebek-torenindeki-konusmasiyla-ilgili-aciklama-yapti","status":"publish","type":"post","link":"https:\/\/www.tgrthaber.com\/mavikadin\/esra-erol-altin-kelebek-torenindeki-konusmasiyla-ilgili-aciklama-yapti\/","title":{"rendered":"Esra Erol Alt\u0131n Kelebek t\u00f6renindeki konu\u015fmas\u0131yla ilgili a\u00e7\u0131klama yapt\u0131! &#8216;Kimseye laf sokmad\u0131m&#8217;"},"content":{"rendered":"<p>Alt\u0131n Kelebek \u00d6d\u00fclleri&#8217;nde \u2018En \u0130yi G\u00fcnd\u00fcz Ku\u015fa\u011f\u0131 \u00d6d\u00fcl\u00fc&#8217;ne lay\u0131k g\u00f6r\u00fclen Esra Erol yapt\u0131\u011f\u0131 konu\u015fma y\u00fcz\u00fcnden yanl\u0131\u015f anla\u015f\u0131lm\u0131\u015ft\u0131. Canda\u015f Tolga\u2019n\u0131n program\u0131na konuk olan \u00fcnl\u00fc isim aylar sonra t\u00f6rende yapt\u0131\u011f\u0131 a\u00e7\u0131klamas\u0131yla ilgili konu\u015ftu.<\/p>\n<h3>ESRA EROL ALTIN KELEBEK A\u00c7IKLAMASI YAPTI<\/h3>\n<p>\u2018En \u0130yi G\u00fcnd\u00fcz Ku\u015fa\u011f\u0131 \u00d6d\u00fcl\u00fc&#8217;ne lay\u0131k g\u00f6r\u00fclen Esra Erol Alt\u0131n Kelebek \u00d6d\u00fclleri&#8217;nde yapt\u0131\u011f\u0131 konu\u015fma i\u00e7in a\u00e7\u0131klamada bulundu. Canda\u015f Tolga\u2019n\u0131n program\u0131na konuk olan \u00fcnl\u00fc sunucu yanl\u0131\u015f anla\u015f\u0131ld\u0131\u011f\u0131 konuya a\u00e7\u0131kl\u0131k getirdi.<\/p>\n<p>Kad\u0131n dayan\u0131\u015fmas\u0131 temal\u0131 konu\u015fmas\u0131 manidar bulunan Esra Erol, t\u00f6renden yakla\u015f\u0131k bir bu\u00e7uk ay sonra \u2018Az \u00d6nce Konu\u015ftum&#8217; program\u0131na kat\u0131larak a\u00e7\u0131klama yapt\u0131.<\/p>\n<p><img loading=\"lazy\" decoding=\"async\" class=\"alignnone wp-image-126942\" src=\"https:\/\/www.tgrthaber.com\/mavikadin\/wp-content\/uploads\/Esra-Erol-2.jpg\" alt=\"\" width=\"1208\" height=\"680\" title=\"\" srcset=\"https:\/\/www.tgrthaber.com\/mavikadin\/wp-content\/uploads\/Esra-Erol-2.jpg 1200w, https:\/\/www.tgrthaber.com\/mavikadin\/wp-content\/uploads\/Esra-Erol-2-300x169.jpg 300w, https:\/\/www.tgrthaber.com\/mavikadin\/wp-content\/uploads\/Esra-Erol-2-1024x576.jpg 1024w, https:\/\/www.tgrthaber.com\/mavikadin\/wp-content\/uploads\/Esra-Erol-2-768x432.jpg 768w\" sizes=\"(max-width: 1208px) 100vw, 1208px\" \/><\/p>\n<hr \/>\n<h3>M\u00dcGE ANLI AYNI T\u00d6RENDE \u00d6D\u00dcL ALDI<\/h3>\n<p>Ayn\u0131 t\u00f6rende meslekte 35. Y\u0131l \u00f6d\u00fcl\u00fcn\u00fc alan M\u00fcge Anl\u0131, &#8220;Ge\u00e7ti\u011fimiz y\u0131llarda bu yar\u0131\u015ftan \u00e7ekildi\u011fimi a\u00e7\u0131klam\u0131\u015ft\u0131m. Bunun \u00e7ok \u00e7e\u015fitli sebepleri var ama nedenlerinden biri de; aralar\u0131nda \u00c7a\u011fla \u015e\u0131kel&#8217;in de bulundu\u011fu de\u011ferli dostlar\u0131m\u0131n &#8216;M\u00fcge farkl\u0131 bir i\u015f yap\u0131yor, ayn\u0131 kategoride yar\u0131\u015f\u0131nca \u00f6d\u00fcl alma \u015fans\u0131m\u0131z olmuyor&#8217; \u015feklindeki a\u00e7\u0131klamalar\u0131yd\u0131.&#8221; \u015feklinde yapt\u0131\u011f\u0131 konu\u015fmas\u0131 sebebiyle yanl\u0131\u015f anla\u015f\u0131lm\u0131\u015ft\u0131.<\/p>\n<p><img loading=\"lazy\" decoding=\"async\" class=\"alignnone wp-image-126946\" src=\"https:\/\/www.tgrthaber.com\/mavikadin\/wp-content\/uploads\/Esra-Erol-4.jpg\" alt=\"\" width=\"1208\" height=\"680\" title=\"\" srcset=\"https:\/\/www.tgrthaber.com\/mavikadin\/wp-content\/uploads\/Esra-Erol-4.jpg 1600w, https:\/\/www.tgrthaber.com\/mavikadin\/wp-content\/uploads\/Esra-Erol-4-300x169.jpg 300w, https:\/\/www.tgrthaber.com\/mavikadin\/wp-content\/uploads\/Esra-Erol-4-1024x576.jpg 1024w, https:\/\/www.tgrthaber.com\/mavikadin\/wp-content\/uploads\/Esra-Erol-4-768x432.jpg 768w, https:\/\/www.tgrthaber.com\/mavikadin\/wp-content\/uploads\/Esra-Erol-4-1536x864.jpg 1536w\" sizes=\"(max-width: 1208px) 100vw, 1208px\" \/><\/p>\n<hr \/>\n<p>M\u00fcge Anl\u0131 asl\u0131nda \u00c7a\u011fla \u015e\u0131kel ve di\u011fer dostlar\u0131na hak verdi\u011fini ve bu nedenle bu karar\u0131 ald\u0131\u011f\u0131n\u0131 s\u00f6ylemi\u015fti.<\/p>\n<p>Esra Erol, M\u00fcge Anl\u0131\u2019dan sonra \u201cKad\u0131nlar\u0131n birbirini destekledi\u011fi bir d\u00fcnya her zaman \u00e7ok g\u00fczel olacak.&#8221; a\u00e7\u0131klamas\u0131 yap\u0131nca s\u00f6zleri yanl\u0131\u015f anla\u015f\u0131lm\u0131\u015ft\u0131.<\/p>\n<p><img loading=\"lazy\" decoding=\"async\" class=\"alignnone wp-image-126943\" src=\"https:\/\/www.tgrthaber.com\/mavikadin\/wp-content\/uploads\/Muge-Anli-7.jpg\" alt=\"\" width=\"1208\" height=\"875\" title=\"\" srcset=\"https:\/\/www.tgrthaber.com\/mavikadin\/wp-content\/uploads\/Muge-Anli-7.jpg 1200w, https:\/\/www.tgrthaber.com\/mavikadin\/wp-content\/uploads\/Muge-Anli-7-300x217.jpg 300w, https:\/\/www.tgrthaber.com\/mavikadin\/wp-content\/uploads\/Muge-Anli-7-1024x742.jpg 1024w, https:\/\/www.tgrthaber.com\/mavikadin\/wp-content\/uploads\/Muge-Anli-7-768x556.jpg 768w\" sizes=\"(max-width: 1208px) 100vw, 1208px\" \/><\/p>\n<hr \/>\n<h3>&#8216;LAF MI SOKTU?&#8217; D\u00dc\u015e\u00dcNCES\u0130 OLU\u015eTU<\/h3>\n<p>M\u00fcge Anl\u0131 ile arkada\u015f olan ve birbirlerini ne kadar sevdiklerini dile getirmekten \u00e7ekinmeyen Esra Erol\u2019un s\u00f6zlerinin laf sokma olarak alg\u0131lanmas\u0131 tuhaf kar\u015f\u0131lanm\u0131\u015ft\u0131.<\/p>\n<p>Canda\u015f Tolga I\u015f\u0131k&#8217;\u0131n Az \u00d6nce Konu\u015ftum program\u0131na kat\u0131lan Esra Erol, konuya ili\u015fkin ilk a\u00e7\u0131klamas\u0131n\u0131 \u015fu \u015fekilde yapt\u0131:<\/p>\n<p>&#8220;\u00d6d\u00fcl konu\u015fmamda kimseye laf sokmad\u0131m. Berg\u00fczar Korel ve t\u00fcm kad\u0131nlarla dostlu\u011fuma at\u0131fta bulundum. Ama insanlar olumsuz yorumlara daha \u00e7ok ilgi g\u00f6steriyor.&#8221;<\/p>\n","protected":false},"excerpt":{"rendered":"<p>Sunucu Esra Erol Alt\u0131n Kelebek t\u00f6renindeki yanl\u0131\u015f anla\u015f\u0131ld\u0131\u011f\u0131 konu\u015fmas\u0131yla ilgili a\u00e7\u0131klamada bulundu. Canda\u015f Tolga\u2019n\u0131n program\u0131na kat\u0131lan \u00fcnl\u00fc isim t\u00f6renden bir bu\u00e7uk ay sonra yapt\u0131\u011f\u0131 konu\u015fmadan bahsetti.<\/p>\n","protected":false},"author":5,"featured_media":126944,"comment_status":"closed","ping_status":"closed","sticky":false,"template":"","format":"standard","meta":{"rank_math_lock_modified_date":false,"footnotes":""},"categories":[76],"tags":[2875,3228,2453],"class_list":["post-126940","post","type-post","status-publish","format-standard","has-post-thumbnail","hentry","category-magazin","tag-altin-kelebek","tag-esra-erol","tag-muge-anli"],"_links":{"self":[{"href":"https:\/\/www.tgrthaber.com\/mavikadin\/wp-json\/wp\/v2\/posts\/126940"}],"collection":[{"href":"https:\/\/www.tgrthaber.com\/mavikadin\/wp-json\/wp\/v2\/posts"}],"about":[{"href":"https:\/\/www.tgrthaber.com\/mavikadin\/wp-json\/wp\/v2\/types\/post"}],"author":[{"embeddable":true,"href":"https:\/\/www.tgrthaber.com\/mavikadin\/wp-json\/wp\/v2\/users\/5"}],"replies":[{"embeddable":true,"href":"https:\/\/www.tgrthaber.com\/mavikadin\/wp-json\/wp\/v2\/comments?post=126940"}],"version-history":[{"count":3,"href":"https:\/\/www.tgrthaber.com\/mavikadin\/wp-json\/wp\/v2\/posts\/126940\/revisions"}],"predecessor-version":[{"id":126948,"href":"https:\/\/www.tgrthaber.com\/mavikadin\/wp-json\/wp\/v2\/posts\/126940\/revisions\/126948"}],"wp:featuredmedia":[{"embeddable":true,"href":"https:\/\/www.tgrthaber.com\/mavikadin\/wp-json\/wp\/v2\/media\/126944"}],"wp:attachment":[{"href":"https:\/\/www.tgrthaber.com\/mavikadin\/wp-json\/wp\/v2\/media?parent=126940"}],"wp:term":[{"taxonomy":"category","embeddable":true,"href":"https:\/\/www.tgrthaber.com\/mavikadin\/wp-json\/wp\/v2\/categories?post=126940"},{"taxonomy":"post_tag","embeddable":true,"href":"https:\/\/www.tgrthaber.com\/mavikadin\/wp-json\/wp\/v2\/tags?post=126940"}],"curies":[{"name":"wp","href":"https:\/\/api.w.org\/{rel}","templated":true}]}}