{"id":127013,"date":"2025-01-29T14:47:10","date_gmt":"2025-01-29T11:47:10","guid":{"rendered":"https:\/\/www.tgrthaber.com\/mavikadin\/?p=127013"},"modified":"2025-01-29T14:56:46","modified_gmt":"2025-01-29T11:56:46","slug":"yusuf-yazicinin-esi-melisa-asli-pamukun-karni-burnunda-iste-o-anlara-ait-pozlar","status":"publish","type":"post","link":"https:\/\/www.tgrthaber.com\/mavikadin\/yusuf-yazicinin-esi-melisa-asli-pamukun-karni-burnunda-iste-o-anlara-ait-pozlar\/","title":{"rendered":"Yusuf Yaz\u0131c\u0131&#8217;n\u0131n e\u015fi Melisa Asl\u0131 Pamuk\u2019un karn\u0131 burnunda\u2026 \u0130\u015fte o anlara ait pozlar"},"content":{"rendered":"<p>Anne olmak i\u00e7in g\u00fcn sayan \u00fcnl\u00fc oyuncu Melisa Asl\u0131 Pamuk, e\u015fi milli futbolcu Yusuf Yaz\u0131c\u0131\u2019yla birlikte karn\u0131 burnunda pozlar payla\u015ft\u0131.<\/p>\n<p>2024 y\u0131l\u0131n\u0131n May\u0131s ay\u0131nda nikah masas\u0131na oturan \u00e7ift Paris\u2019te evlenmi\u015fti. Evlilik haberlerini sosyal medya hesaplar\u0131 \u00fczerinden Melisa Asl\u0131 Pamuk ve Yusuf Yaz\u0131c\u0131 \u00e7ifti uzun bir s\u00fcre g\u00fcndem olmu\u015ftu. Melisa Asl\u0131 Pamuk, evlili\u011fin ard\u0131ndan soyad\u0131n\u0131 h\u0131zl\u0131ca Yaz\u0131c\u0131 olarak de\u011fi\u015ftirmi\u015fti.<\/p>\n<p>Paris\u2019teki nikah\u0131n ard\u0131ndan haftalar sonra hamilelik haberini duyuran Melisa Asl\u0131 Pamuk\u2019tan karn\u0131 burnunda pozlar geldi.<\/p>\n<p><img loading=\"lazy\" decoding=\"async\" class=\"alignnone wp-image-127019\" src=\"https:\/\/www.tgrthaber.com\/mavikadin\/wp-content\/uploads\/melisa-yusuf-300x169.webp\" alt=\"\" width=\"1280\" height=\"719\" title=\"\" srcset=\"https:\/\/www.tgrthaber.com\/mavikadin\/wp-content\/uploads\/melisa-yusuf-300x169.webp 300w, https:\/\/www.tgrthaber.com\/mavikadin\/wp-content\/uploads\/melisa-yusuf-768x432.webp 768w, https:\/\/www.tgrthaber.com\/mavikadin\/wp-content\/uploads\/melisa-yusuf.webp 1000w\" sizes=\"(max-width: 1280px) 100vw, 1280px\" \/><\/p>\n<hr \/>\n<p>Instagram hesab\u0131 \u00fczerinden karn\u0131 burnunda g\u00f6r\u00fcnt\u00fcleri payla\u015fan Pamuk\u2019un yan\u0131nda e\u015fi Yusuf Yaz\u0131c\u0131 da yer ald\u0131.<\/p>\n<p>\u0130\u015fte Milli futbolcu Yusuf Yaz\u0131c\u0131 ile \u00fcnl\u00fc oyuncu Melisa Asl\u0131 Pamuk \u00e7iftinin o foto\u011fraflar\u0131\u2026<\/p>\n<p><img loading=\"lazy\" decoding=\"async\" class=\"alignnone wp-image-127014\" src=\"https:\/\/www.tgrthaber.com\/mavikadin\/wp-content\/uploads\/yusuf-yazici-hamilelik--219x300.webp\" alt=\"\" width=\"1280\" height=\"1756\" title=\"\" srcset=\"https:\/\/www.tgrthaber.com\/mavikadin\/wp-content\/uploads\/yusuf-yazici-hamilelik--219x300.webp 219w, https:\/\/www.tgrthaber.com\/mavikadin\/wp-content\/uploads\/yusuf-yazici-hamilelik-.webp 640w\" sizes=\"(max-width: 1280px) 100vw, 1280px\" \/><\/p>\n<p><img loading=\"lazy\" decoding=\"async\" class=\"alignnone wp-image-127016\" src=\"https:\/\/www.tgrthaber.com\/mavikadin\/wp-content\/uploads\/melisa-asli-pamuk-232x300.webp\" alt=\"\" width=\"1280\" height=\"1654\" title=\"\" srcset=\"https:\/\/www.tgrthaber.com\/mavikadin\/wp-content\/uploads\/melisa-asli-pamuk-232x300.webp 232w, https:\/\/www.tgrthaber.com\/mavikadin\/wp-content\/uploads\/melisa-asli-pamuk.webp 640w\" sizes=\"(max-width: 1280px) 100vw, 1280px\" \/><\/p>\n<p>&nbsp;<\/p>\n","protected":false},"excerpt":{"rendered":"<p>Milli futbolcu Yusuf Yaz\u0131c\u0131 ile evli olan ve annelik i\u00e7in g\u00fcn sayan \u00fcnl\u00fc oyuncu Melisa Asl\u0131 Pamuk, sosyal medya hesab\u0131ndan yeni g\u00f6nderiler payla\u015ft\u0131. Karn\u0131 burnunda anne aday\u0131 Pamuk\u2019un payla\u015ft\u0131\u011f\u0131 g\u00f6rsellerde e\u015fi Yusuf Yaz\u0131c\u0131 da yer ald\u0131. <\/p>\n","protected":false},"author":33,"featured_media":127018,"comment_status":"closed","ping_status":"closed","sticky":false,"template":"","format":"standard","meta":{"rank_math_lock_modified_date":false,"footnotes":""},"categories":[76],"tags":[9341,9342],"class_list":["post-127013","post","type-post","status-publish","format-standard","has-post-thumbnail","hentry","category-magazin","tag-melisa-asli-pamuk-bebek","tag-yusuf-yazici"],"_links":{"self":[{"href":"https:\/\/www.tgrthaber.com\/mavikadin\/wp-json\/wp\/v2\/posts\/127013"}],"collection":[{"href":"https:\/\/www.tgrthaber.com\/mavikadin\/wp-json\/wp\/v2\/posts"}],"about":[{"href":"https:\/\/www.tgrthaber.com\/mavikadin\/wp-json\/wp\/v2\/types\/post"}],"author":[{"embeddable":true,"href":"https:\/\/www.tgrthaber.com\/mavikadin\/wp-json\/wp\/v2\/users\/33"}],"replies":[{"embeddable":true,"href":"https:\/\/www.tgrthaber.com\/mavikadin\/wp-json\/wp\/v2\/comments?post=127013"}],"version-history":[{"count":2,"href":"https:\/\/www.tgrthaber.com\/mavikadin\/wp-json\/wp\/v2\/posts\/127013\/revisions"}],"predecessor-version":[{"id":127021,"href":"https:\/\/www.tgrthaber.com\/mavikadin\/wp-json\/wp\/v2\/posts\/127013\/revisions\/127021"}],"wp:featuredmedia":[{"embeddable":true,"href":"https:\/\/www.tgrthaber.com\/mavikadin\/wp-json\/wp\/v2\/media\/127018"}],"wp:attachment":[{"href":"https:\/\/www.tgrthaber.com\/mavikadin\/wp-json\/wp\/v2\/media?parent=127013"}],"wp:term":[{"taxonomy":"category","embeddable":true,"href":"https:\/\/www.tgrthaber.com\/mavikadin\/wp-json\/wp\/v2\/categories?post=127013"},{"taxonomy":"post_tag","embeddable":true,"href":"https:\/\/www.tgrthaber.com\/mavikadin\/wp-json\/wp\/v2\/tags?post=127013"}],"curies":[{"name":"wp","href":"https:\/\/api.w.org\/{rel}","templated":true}]}}