{"id":127030,"date":"2025-01-29T15:09:26","date_gmt":"2025-01-29T12:09:26","guid":{"rendered":"https:\/\/www.tgrthaber.com\/mavikadin\/?p=127030"},"modified":"2025-01-29T15:09:26","modified_gmt":"2025-01-29T12:09:26","slug":"cocuklara-oruc-kac-yasinda-farz-olur-erkek-ve-kiz-farkli-mi-cocuklar-oruc-tutmazsa-gunah-olur-mu","status":"publish","type":"post","link":"https:\/\/www.tgrthaber.com\/mavikadin\/cocuklara-oruc-kac-yasinda-farz-olur-erkek-ve-kiz-farkli-mi-cocuklar-oruc-tutmazsa-gunah-olur-mu\/","title":{"rendered":"\u00c7ocuklara oru\u00e7 ka\u00e7 ya\u015f\u0131nda farz olur, erkek ve k\u0131z farkl\u0131 m\u0131? \u00c7ocuklar oru\u00e7 tutmazsa g\u00fcnah olur mu?"},"content":{"rendered":"<p>Ramazan ay\u0131nda oru\u00e7 tutmak \u0130slamiyetin 5 \u015fart\u0131ndand\u0131r. Oru\u00e7 tutmak farz, dini bir mazeret olmadan tutmamak ise b\u00fcy\u00fck g\u00fcnaht\u0131r. Ancak \u00e7ocuklara oru\u00e7 tutmak farz de\u011fildir. Peki oru\u00e7 \u00e7ocuklara ne zaman farz olur?<\/p>\n<p>\u0130msaktan ba\u015flay\u0131p g\u00fcne\u015f batana kadar yeme, i\u00e7me, cinsel ili\u015fki ve orucu bozan \u015feylerden uzak durarak oru\u00e7 tutulur.<\/p>\n<p>Oru\u00e7 sayesinde ki\u015finin iradesi g\u00fc\u00e7lenir, sabr\u0131 artar, nefis kontrol alt\u0131na al\u0131n\u0131r. Manevi olarak da ki\u015fiyi yaradana yakla\u015ft\u0131ran farz bir ibadettir.<\/p>\n<p>Kur&#8217;an-\u0131 kerimde mealen buyuruluyor ki: \u201cEy iman edenler! Oru\u00e7, sizden \u00f6nceki \u00fcmmetlere farz oldu\u011fu gibi sizin \u00fczerinize de farzd\u0131r.\u201d<\/p>\n<p>Ak\u0131l bali\u011f olmu\u015f yani ergenli\u011fe girmi\u015f ak\u0131ll\u0131 her M\u00fcsl\u00fcmana oru\u00e7 tutmaz farzd\u0131r. \u00d6z\u00fcrs\u00fcz oru\u00e7 tutmamak ise haramd\u0131r. Peki \u00e7ocuklar ka\u00e7 ya\u015f\u0131na geldiklerinde oru\u00e7 tutmak zorunda?<\/p>\n<h3>\u00c7OCUKLARA KA\u00c7 YA\u015eINDA ORU\u00c7 TUTMAK FARZDIR?<\/h3>\n<p>Dinimizde \u00e7ocuklar g\u00fcnahs\u0131z olarak d\u00fcnyaya gelir. Masumdurlar, emirler ile farzla, haramla m\u00fckellef de\u011fildirler. Fakat \u0130slamiyet\u2019in emirlerine yerine getirdiklerinde \u00e7ok sevap kazan\u0131rlar.<\/p>\n<p>G\u00fcnah defterleri hen\u00fcz a\u00e7\u0131lmam\u0131\u015ft\u0131r. Haram i\u015fleseler de onlara g\u00fcnah yaz\u0131lmaz.<\/p>\n<figure id=\"attachment_127032\" aria-describedby=\"caption-attachment-127032\" style=\"width: 1208px\" class=\"wp-caption alignnone\"><img loading=\"lazy\" decoding=\"async\" class=\"wp-image-127032\" src=\"https:\/\/www.tgrthaber.com\/mavikadin\/wp-content\/uploads\/cocuklara-oruc-kac-yasinda-farz-olur-2.jpg\" alt=\"\u00e7ocuklara oru\u00e7 ka\u00e7 ya\u015f\u0131nda farz olur\" width=\"1208\" height=\"680\" title=\"\" srcset=\"https:\/\/www.tgrthaber.com\/mavikadin\/wp-content\/uploads\/cocuklara-oruc-kac-yasinda-farz-olur-2.jpg 1920w, https:\/\/www.tgrthaber.com\/mavikadin\/wp-content\/uploads\/cocuklara-oruc-kac-yasinda-farz-olur-2-300x169.jpg 300w, https:\/\/www.tgrthaber.com\/mavikadin\/wp-content\/uploads\/cocuklara-oruc-kac-yasinda-farz-olur-2-1024x576.jpg 1024w, https:\/\/www.tgrthaber.com\/mavikadin\/wp-content\/uploads\/cocuklara-oruc-kac-yasinda-farz-olur-2-768x432.jpg 768w, https:\/\/www.tgrthaber.com\/mavikadin\/wp-content\/uploads\/cocuklara-oruc-kac-yasinda-farz-olur-2-1536x864.jpg 1536w\" sizes=\"(max-width: 1208px) 100vw, 1208px\" \/><figcaption id=\"caption-attachment-127032\" class=\"wp-caption-text\">\u00a0<\/figcaption><\/figure>\n<hr \/>\n<p>\u00c7ocuklar\u0131n dini emirlerle m\u00fckellef olmas\u0131 ergenlikle ba\u015flar. <strong>Ergenlik \u00e7a\u011f\u0131na girmi\u015f olan k\u0131z ve erke\u011fe oru\u00e7 tutmak farz olur. <\/strong><\/p>\n<p><strong>Bir k\u0131z adet g\u00f6rd\u00fc\u011f\u00fcnde, erkek \u00e7ocu\u011fu ihtilam oldu\u011funda ergenlik \u00e7a\u011f\u0131 ba\u015flar.<\/strong><\/p>\n<p><strong>K\u0131zlar 9, erkekler ise 12 ya\u015f\u0131nda bulu\u011fa erebilirler. 9 ya\u015f\u0131nda k\u0131z adet g\u00f6rd\u00fcyse, 12 ya\u015f\u0131nda erkek ihtilam olduysa oru\u00e7 tutmalar\u0131 farz olur. Bulu\u011fa erip oru\u00e7 tutmazlarsa b\u00fcy\u00fck g\u00fcnah olur.<\/strong><\/p>\n<p>\u0130htilam olmak r\u00fcyada \u015fehvetlenip meni gelmesi, uykuda c\u00fcn\u00fcp olmak demektir.<\/p>\n<p>15\u2019ini doldurdu\u011fu halde ergenli\u011fe girilmediyse h\u00fckmen girmi\u015f say\u0131l\u0131r ve dinin emirlerini yapmakla y\u00fck\u00fcml\u00fcd\u00fcr.<\/p>\n<p>\u00c2k\u0131l ve bali\u011f olan \u00a0(ak\u0131ll\u0131 ve ergenlik ya\u015f\u0131na gelen) erkek ve kad\u0131n\u0131n birinci vaz\u00eefesi, \u00eetik\u00e2d\u0131n\u0131 (\u00eem\u00e2n\u0131n\u0131)Ehl-i s\u00fcnnet \u00e2limlerinin yazd\u0131klar\u0131 \u015fekilde d\u00fczeltmek ve buna uygun ya\u015famak olmal\u0131d\u0131r.<\/p>\n<h3>11 VE 12 YA\u015eINDAK\u0130 \u00c7OCU\u011eA ORU\u00c7 TUTMAK FARZ MIDIR?<\/h3>\n<p>Ergenlik ya\u015f\u0131 k\u0131zlarda 9\u2019dan ba\u015flar. 9 ya\u015f\u0131nda olup da adet g\u00f6ren (regl kan\u0131 ba\u015flayan) bir k\u0131z art\u0131k m\u00fckellef say\u0131l\u0131r, oru\u00e7 tutmas\u0131 farz, tutmamas\u0131 ise b\u00fcy\u00fck g\u00fcnaht\u0131r.<\/p>\n<p>Erkeklerde ise ergenlik ya\u015f\u0131 12\u2019dir. 12 ya\u015f\u0131ndaki bir erkek ihtilam olduysa (r\u00fcyada \u015fehvetlenip meni gelmesiyle) ergenlik \u00e7a\u011f\u0131na girmi\u015f olur, art\u0131k dinin emirlerinden sorumludur. Oru\u00e7 tutmas\u0131 farz, tutmamas\u0131 haramd\u0131r.<\/p>\n<p>11 ve 12 ya\u015f\u0131na gelmi\u015f erkek ve k\u0131z \u00e7ocuklar\u0131 hen\u00fcz bulu\u011fa ermedilerse oru\u00e7 tutmalar\u0131 farz de\u011fildir.<\/p>\n<p>\u00c7ocuk ak\u0131l bali\u011f olunca \u0130slamiyet\u2019in emirlerini bilmezse, inanmazsa, be\u011fenmezse m\u00fcrted olur, M\u00fcsl\u00fcmanl\u0131ktan \u00e7\u0131kar. Bu nedenle emir ve yasaklar\u0131 mutlaka \u00f6\u011frenmeli, bunlara uygun hareket etmelidir.<\/p>\n<p><img loading=\"lazy\" decoding=\"async\" class=\"wp-image-127033\" src=\"https:\/\/www.tgrthaber.com\/mavikadin\/wp-content\/uploads\/cocuklara-oruc-kac-yasinda-farz-olur-3.jpg\" alt=\"\u00e7ocuklara oru\u00e7 ka\u00e7 ya\u015f\u0131nda farz olur\" width=\"1208\" height=\"680\" title=\"\" srcset=\"https:\/\/www.tgrthaber.com\/mavikadin\/wp-content\/uploads\/cocuklara-oruc-kac-yasinda-farz-olur-3.jpg 1920w, https:\/\/www.tgrthaber.com\/mavikadin\/wp-content\/uploads\/cocuklara-oruc-kac-yasinda-farz-olur-3-300x169.jpg 300w, https:\/\/www.tgrthaber.com\/mavikadin\/wp-content\/uploads\/cocuklara-oruc-kac-yasinda-farz-olur-3-1024x576.jpg 1024w, https:\/\/www.tgrthaber.com\/mavikadin\/wp-content\/uploads\/cocuklara-oruc-kac-yasinda-farz-olur-3-768x432.jpg 768w, https:\/\/www.tgrthaber.com\/mavikadin\/wp-content\/uploads\/cocuklara-oruc-kac-yasinda-farz-olur-3-1536x864.jpg 1536w\" sizes=\"(max-width: 1208px) 100vw, 1208px\" \/><\/p>\n<hr \/>\n<h3>12 YA\u015eINDAK\u0130 \u00c7OCU\u011eUN ORUCU BOZMASI G\u00dcNAH MI?<\/h3>\n<p>12 ya\u015f\u0131ndaki k\u0131z veya erkek \u00e7ocuk hen\u00fcz ergenli\u011fe ula\u015fmad\u0131ysa orucu bozmas\u0131 g\u00fcnah olmaz.<\/p>\n<p>\u00c7ocuklar sabidir, g\u00fcnahs\u0131zd\u0131r, onlara g\u00fcnah yaz\u0131lmaz.<\/p>\n<p>Fakat 12 ya\u015f\u0131nda olup da ergenli\u011fe girmi\u015f k\u0131z veya erkek \u00f6z\u00fcrs\u00fcz oru\u00e7 bozarsa kefaret gerekir.<\/p>\n<h3>9 VE 11 YA\u015eINDA ORU\u00c7 TUTULUR MU?<\/h3>\n<p>Ergenlik d\u00f6nemi k\u0131zlarda 9, erkeklerde ise 12 ya\u015f\u0131nda ba\u015flar. Ergenlik \u00e7a\u011f\u0131na girmemi\u015f \u00e7ocuklara oru\u00e7 farz de\u011fildir. Tutarlarsa b\u00fcy\u00fck sevap kazan\u0131rlar.<\/p>\n","protected":false},"excerpt":{"rendered":"<p>Ramazan ay\u0131n\u0131n gelmesiyle beraber oru\u00e7la ilgili sualler M\u00fcsl\u00fcmanlar taraf\u0131ndan ara\u015ft\u0131r\u0131l\u0131p merak ediliyor. \u00c7ocuklar\u0131n merak etti\u011fi suallerden biri de oru\u00e7 tutmak ka\u00e7 ya\u015f\u0131nda farz olur, \u00e7ocuklar oru\u00e7 tutabilir mi? Sorusudur. Ayr\u0131nt\u0131lar haberimizde<\/p>\n","protected":false},"author":30,"featured_media":127031,"comment_status":"closed","ping_status":"closed","sticky":false,"template":"","format":"standard","meta":{"rank_math_lock_modified_date":false,"footnotes":""},"categories":[78],"tags":[],"class_list":["post-127030","post","type-post","status-publish","format-standard","has-post-thumbnail","hentry","category-yasam"],"_links":{"self":[{"href":"https:\/\/www.tgrthaber.com\/mavikadin\/wp-json\/wp\/v2\/posts\/127030"}],"collection":[{"href":"https:\/\/www.tgrthaber.com\/mavikadin\/wp-json\/wp\/v2\/posts"}],"about":[{"href":"https:\/\/www.tgrthaber.com\/mavikadin\/wp-json\/wp\/v2\/types\/post"}],"author":[{"embeddable":true,"href":"https:\/\/www.tgrthaber.com\/mavikadin\/wp-json\/wp\/v2\/users\/30"}],"replies":[{"embeddable":true,"href":"https:\/\/www.tgrthaber.com\/mavikadin\/wp-json\/wp\/v2\/comments?post=127030"}],"version-history":[{"count":4,"href":"https:\/\/www.tgrthaber.com\/mavikadin\/wp-json\/wp\/v2\/posts\/127030\/revisions"}],"predecessor-version":[{"id":127038,"href":"https:\/\/www.tgrthaber.com\/mavikadin\/wp-json\/wp\/v2\/posts\/127030\/revisions\/127038"}],"wp:featuredmedia":[{"embeddable":true,"href":"https:\/\/www.tgrthaber.com\/mavikadin\/wp-json\/wp\/v2\/media\/127031"}],"wp:attachment":[{"href":"https:\/\/www.tgrthaber.com\/mavikadin\/wp-json\/wp\/v2\/media?parent=127030"}],"wp:term":[{"taxonomy":"category","embeddable":true,"href":"https:\/\/www.tgrthaber.com\/mavikadin\/wp-json\/wp\/v2\/categories?post=127030"},{"taxonomy":"post_tag","embeddable":true,"href":"https:\/\/www.tgrthaber.com\/mavikadin\/wp-json\/wp\/v2\/tags?post=127030"}],"curies":[{"name":"wp","href":"https:\/\/api.w.org\/{rel}","templated":true}]}}