{"id":127047,"date":"2025-01-29T15:45:24","date_gmt":"2025-01-29T12:45:24","guid":{"rendered":"https:\/\/www.tgrthaber.com\/mavikadin\/?p=127047"},"modified":"2025-01-29T15:45:24","modified_gmt":"2025-01-29T12:45:24","slug":"ask-sadece-bir-an-filminin-ilk-teaseri-yayinlandi-6-saatte-rekor-kirdi","status":"publish","type":"post","link":"https:\/\/www.tgrthaber.com\/mavikadin\/ask-sadece-bir-an-filminin-ilk-teaseri-yayinlandi-6-saatte-rekor-kirdi\/","title":{"rendered":"A\u015fk Sadece Bir An filminin ilk teaser\u2019\u0131 yay\u0131nland\u0131! 6 saatte rekor k\u0131rd\u0131"},"content":{"rendered":"<p>Ba\u015frollerinde \u00fcnl\u00fc rap\u00e7i Emirhan \u00c7akal ve ba\u015far\u0131l\u0131 oyuncu Nilsu Berfin Akta\u015f\u2019\u0131n yer ald\u0131\u011f\u0131 A\u015fk Sadece Bir An filmi b\u00fcy\u00fck bir heyecanla bekleniyor. Ge\u00e7ti\u011fimiz g\u00fcn filmin ilk teaser\u2019\u0131 yay\u0131nland\u0131. Filmin ilk teaser\u2019\u0131 sosyal medyada b\u00fcy\u00fck bir ilgi g\u00f6rd\u00fc. K\u0131sa s\u00fcrede b\u00fcy\u00fck bir ilgi g\u00f6ren A\u015fk Sadece Bir An filminin teaser\u2019\u0131 6 saatte YouTube Trend Videolar Listesi\u2019ne girmeyi ba\u015fararak rekor k\u0131rd\u0131\u2026<\/p>\n<hr \/>\n<h3>A\u015eK SADECE B\u0130R AN F\u0130LM\u0130 \u0130LK TEASER\u2019IYLA REKOR KIRDI!<\/h3>\n<p>Rap d\u00fcnyas\u0131n\u0131n sevilen isimleri aras\u0131nda yer alan \u00c7akal, oyunculu\u011fa ilk ad\u0131m\u0131n\u0131 \u201cA\u015fk Sadece Bir An\u201d filmiyle att\u0131. \u00a0\u00c7akal takma ad\u0131yla tan\u0131nan Emirhan \u00c7akal, rap d\u00fcnyas\u0131ndan beyazperdeye a\u00e7\u0131ld\u0131. Ba\u015frollerinde \u00fcnl\u00fc rap\u00e7i \u00c7akal ve ba\u015far\u0131l\u0131 oyuncu Nilsu Berfin Akta\u015f\u2019\u0131n yer ald\u0131\u011f\u0131 \u201cA\u015fk Sadece Bir An\u201d filminin ilk teaser\u2019\u0131 ge\u00e7ti\u011fimiz g\u00fcn yay\u0131nland\u0131. Seyirci taraf\u0131ndan b\u00fcy\u00fck bir heyecanla beklenen filmin ilk teaser\u2019\u0131 sosyal medyada k\u0131sa s\u00fcrede b\u00fcy\u00fck ilgi g\u00f6rd\u00fc.<\/p>\n<p><img loading=\"lazy\" decoding=\"async\" class=\"alignnone wp-image-127055\" src=\"https:\/\/www.tgrthaber.com\/mavikadin\/wp-content\/uploads\/Ask-Sadece-Bir-An-5-1-1024x576.jpg\" alt=\"A\u015fk Sadece Bir An filminin ilk teaser\u2019\u0131 yay\u0131nland\u0131! 6 saatte rekor k\u0131rd\u0131 \" width=\"1208\" height=\"680\" title=\"\" srcset=\"https:\/\/www.tgrthaber.com\/mavikadin\/wp-content\/uploads\/Ask-Sadece-Bir-An-5-1-1024x576.jpg 1024w, https:\/\/www.tgrthaber.com\/mavikadin\/wp-content\/uploads\/Ask-Sadece-Bir-An-5-1-300x169.jpg 300w, https:\/\/www.tgrthaber.com\/mavikadin\/wp-content\/uploads\/Ask-Sadece-Bir-An-5-1-768x432.jpg 768w, https:\/\/www.tgrthaber.com\/mavikadin\/wp-content\/uploads\/Ask-Sadece-Bir-An-5-1-1536x864.jpg 1536w, https:\/\/www.tgrthaber.com\/mavikadin\/wp-content\/uploads\/Ask-Sadece-Bir-An-5-1.jpg 1600w\" sizes=\"(max-width: 1208px) 100vw, 1208px\" \/><\/p>\n<hr \/>\n<p>14 \u015eubat Sevgililer G\u00fcn\u00fc\u2019nde vizyona girmeye haz\u0131rlanan A\u015fk Sadece Bir An filmi, daha yay\u0131nlanmadan seyircinin ilgisini \u00e7ekmeyi ba\u015fard\u0131. Ba\u015frollerinde \u00c7akal ve Nilsu Berfin Akta\u015f\u2019\u0131n yer ald\u0131\u011f\u0131, izleyici ile bulu\u015fmaya g\u00fcn sayan A\u015fk Sadece Bir An filminin ilk teaser\u2019\u0131 6 saatte YouTube Trend Videolar Listesi\u2019ne girmeyi ba\u015fararak rekor k\u0131rd\u0131. \u0130lk teaser\u2019\u0131n\u0131n bu kadar b\u00fcy\u00fck ilgi g\u00f6rmesinin ard\u0131ndan filmin vizyona girdikten sonra ne kadar izlenece\u011fi de merak konusu oldu.<\/p>\n<h3>A\u015eK SADECE B\u0130R AN KONUSU NED\u0130R?<\/h3>\n<p>Ba\u015frollerinde rap\u00e7i \u00c7akal ve Nilsu Berfin Akta\u015f\u2019\u0131n yer ald\u0131\u011f\u0131 \u201cA\u015fk Sadece Bir An\u201d filmi iki gencin a\u015fk hikayesini konu al\u0131yor. A\u015fk Sadece Bir An filmi, bir t\u00fcrl\u00fc pe\u015flerini b\u0131rakmayan ge\u00e7mi\u015flerinin yan\u0131 s\u0131ra birbirlerinden tamamen farkl\u0131 hayatlara ve k\u00fclt\u00fcrlere sahip olan R\u00fczgar ve Hayal\u2019in a\u015fka tutunmalar\u0131n\u0131 konu al\u0131yor. R\u00fczgar karakterini \u00c7akal \u00fcstlenirken, Hayal karakterini ise Nilsu Berfin Akta\u015f \u00fcstleniyor. Birbirlerinden z\u0131t iki karaktere sahip olan ikilinin a\u015fk hikayesi seyirci taraf\u0131ndan merakla bekleniyor.<\/p>\n<p><img loading=\"lazy\" decoding=\"async\" class=\"alignnone wp-image-127059\" src=\"https:\/\/www.tgrthaber.com\/mavikadin\/wp-content\/uploads\/Ask-Sadece-Bir-An-6-1-1024x576.jpg\" alt=\"\" width=\"1208\" height=\"680\" title=\"\" srcset=\"https:\/\/www.tgrthaber.com\/mavikadin\/wp-content\/uploads\/Ask-Sadece-Bir-An-6-1-1024x576.jpg 1024w, https:\/\/www.tgrthaber.com\/mavikadin\/wp-content\/uploads\/Ask-Sadece-Bir-An-6-1-300x169.jpg 300w, https:\/\/www.tgrthaber.com\/mavikadin\/wp-content\/uploads\/Ask-Sadece-Bir-An-6-1-768x432.jpg 768w, https:\/\/www.tgrthaber.com\/mavikadin\/wp-content\/uploads\/Ask-Sadece-Bir-An-6-1-1536x864.jpg 1536w, https:\/\/www.tgrthaber.com\/mavikadin\/wp-content\/uploads\/Ask-Sadece-Bir-An-6-1.jpg 1600w\" sizes=\"(max-width: 1208px) 100vw, 1208px\" \/><\/p>\n<hr \/>\n<p>R\u00fczgar karakterini \u00fcstlenen \u00c7akal, \u00f6zg\u00fcrl\u00fc\u011f\u00fcne d\u00fc\u015fk\u00fcn, karizmatik bir barmen olarak rol al\u0131yor. Bunun yan\u0131nda R\u00fczgar, hayattan ge\u00e7mi\u015fe dair derin izler ta\u015f\u0131yan ve kendi ayaklar\u0131 \u00fczerinde durmaya \u00e7al\u0131\u015fan biri olarak \u00f6n plana \u00e7\u0131k\u0131yor. Hayal karakterini \u00fcstlenen Nilsu Berfin Akta\u015f ise, varl\u0131kl\u0131 bir aileden gelen, hukuk fak\u00fcltesinde okuyan bir gen\u00e7 kad\u0131n olarak rol al\u0131yor. Ayn\u0131 zamanda Hayal, sahip oldu\u011fu t\u00fcm zenginli\u011fe ra\u011fmen, ge\u00e7mi\u015finden gelen s\u0131rlar\u0131n ve aile bask\u0131s\u0131n\u0131n g\u00f6lgesinde ya\u015fayan biri olarak \u00f6n plana \u00e7\u0131k\u0131yor. A\u015fk Sadece Bir An filmi, R\u00fczgar ve Hayal\u2019in zorluklara ra\u011fmen a\u015fklar\u0131n\u0131 korumaya \u00e7al\u0131\u015fmalar\u0131n\u0131 ve ge\u00e7mi\u015fin izlerini silmeye \u00e7al\u0131\u015f\u0131rken ya\u015fad\u0131klar\u0131 m\u00fccadeleyi konu al\u0131yor.<\/p>\n<p><img loading=\"lazy\" decoding=\"async\" class=\"alignnone wp-image-127057\" src=\"https:\/\/www.tgrthaber.com\/mavikadin\/wp-content\/uploads\/Adsiz-tasarim-32-28-1024x576.jpg\" alt=\"A\u015fk Sadece Bir An filminin ilk teaser\u2019\u0131 yay\u0131nland\u0131! 6 saatte rekor k\u0131rd\u0131 \" width=\"1208\" height=\"680\" title=\"\" srcset=\"https:\/\/www.tgrthaber.com\/mavikadin\/wp-content\/uploads\/Adsiz-tasarim-32-28-1024x576.jpg 1024w, https:\/\/www.tgrthaber.com\/mavikadin\/wp-content\/uploads\/Adsiz-tasarim-32-28-300x169.jpg 300w, https:\/\/www.tgrthaber.com\/mavikadin\/wp-content\/uploads\/Adsiz-tasarim-32-28-768x432.jpg 768w, https:\/\/www.tgrthaber.com\/mavikadin\/wp-content\/uploads\/Adsiz-tasarim-32-28-1536x864.jpg 1536w, https:\/\/www.tgrthaber.com\/mavikadin\/wp-content\/uploads\/Adsiz-tasarim-32-28.jpg 1600w\" sizes=\"(max-width: 1208px) 100vw, 1208px\" \/><\/p>\n<hr \/>\n<h3>A\u015eK SADECE B\u0130R AN F\u0130LM\u0130 OYUNCULARI<\/h3>\n<p>A\u015fk Sadece Bir An filmi hem konusu hem de g\u00fc\u00e7l\u00fc oyuncu kadrosuyla dikkatleri \u00fczerine \u00e7ekiyor. \u0130lk oyunculuk deneyimini ba\u015far\u0131l\u0131 oyuncularla ger\u00e7ekle\u015ftiren \u00fcnl\u00fc rap\u00e7i \u00c7akal\u2019\u0131n oyunculuk performans\u0131 da seyirciler taraf\u0131ndan merak ediliyor.<\/p>\n<p>Emirhan \u00c7akal<\/p>\n<p>Nilsu Berfin Akta\u015f<\/p>\n<p>Recep Usta<\/p>\n<p>Tuana Naz Tiryaki<\/p>\n<p>Emre K\u0131nay<\/p>\n<p>Burcu Kara<\/p>\n<p>Diren Polato\u011fullar\u0131<\/p>\n<p>Gonca Vuslateri<\/p>\n<p>Cihan \u015eim\u015fek<\/p>\n<p>Tuba \u00dcnsal<\/p>\n<p>G\u00fcrgen \u00d6z<\/p>\n<p>Nazl\u0131 Ya\u011fc\u0131<\/p>\n<p>Deniz Sar\u0131ka\u015f<\/p>\n<p>Caner Top\u00e7u<\/p>\n<p>Atakan Ho\u015fg\u00f6ren<\/p>\n<p>Teoman (konuk oyuncu)<\/p>\n","protected":false},"excerpt":{"rendered":"<p>\u00dcnl\u00fc rap\u00e7i \u00c7akal ve ba\u015far\u0131l\u0131 oyuncu Nilsu Berfin Akta\u015f\u2019\u0131n ba\u015frollerinde oynad\u0131\u011f\u0131 \u201cA\u015fk Sadece Bir An\u201d filminin ilk teaser\u2019\u0131 yay\u0131nland\u0131! Teaser k\u0131sa s\u00fcrede b\u00fcy\u00fck ilgi g\u00f6rd\u00fc. \u0130\u015fte detaylar\u2026 <\/p>\n","protected":false},"author":26,"featured_media":127058,"comment_status":"closed","ping_status":"closed","sticky":false,"template":"","format":"standard","meta":{"rank_math_lock_modified_date":false,"footnotes":""},"categories":[76],"tags":[9235,9236,3214,3215],"class_list":["post-127047","post","type-post","status-publish","format-standard","has-post-thumbnail","hentry","category-magazin","tag-ask-sadece-bir-an","tag-ask-sadece-bir-an-filmi","tag-emirhan-cakal","tag-nilsu-berfin-aktas"],"_links":{"self":[{"href":"https:\/\/www.tgrthaber.com\/mavikadin\/wp-json\/wp\/v2\/posts\/127047"}],"collection":[{"href":"https:\/\/www.tgrthaber.com\/mavikadin\/wp-json\/wp\/v2\/posts"}],"about":[{"href":"https:\/\/www.tgrthaber.com\/mavikadin\/wp-json\/wp\/v2\/types\/post"}],"author":[{"embeddable":true,"href":"https:\/\/www.tgrthaber.com\/mavikadin\/wp-json\/wp\/v2\/users\/26"}],"replies":[{"embeddable":true,"href":"https:\/\/www.tgrthaber.com\/mavikadin\/wp-json\/wp\/v2\/comments?post=127047"}],"version-history":[{"count":2,"href":"https:\/\/www.tgrthaber.com\/mavikadin\/wp-json\/wp\/v2\/posts\/127047\/revisions"}],"predecessor-version":[{"id":127061,"href":"https:\/\/www.tgrthaber.com\/mavikadin\/wp-json\/wp\/v2\/posts\/127047\/revisions\/127061"}],"wp:featuredmedia":[{"embeddable":true,"href":"https:\/\/www.tgrthaber.com\/mavikadin\/wp-json\/wp\/v2\/media\/127058"}],"wp:attachment":[{"href":"https:\/\/www.tgrthaber.com\/mavikadin\/wp-json\/wp\/v2\/media?parent=127047"}],"wp:term":[{"taxonomy":"category","embeddable":true,"href":"https:\/\/www.tgrthaber.com\/mavikadin\/wp-json\/wp\/v2\/categories?post=127047"},{"taxonomy":"post_tag","embeddable":true,"href":"https:\/\/www.tgrthaber.com\/mavikadin\/wp-json\/wp\/v2\/tags?post=127047"}],"curies":[{"name":"wp","href":"https:\/\/api.w.org\/{rel}","templated":true}]}}