{"id":127090,"date":"2025-01-29T16:50:40","date_gmt":"2025-01-29T13:50:40","guid":{"rendered":"https:\/\/www.tgrthaber.com\/mavikadin\/?p=127090"},"modified":"2025-01-29T16:50:40","modified_gmt":"2025-01-29T13:50:40","slug":"halil-ibrahim-ceyhan-hic-bilinmeyen-yetenegini-acikladi-serdar-ortaca-3-sarki-verdim","status":"publish","type":"post","link":"https:\/\/www.tgrthaber.com\/mavikadin\/halil-ibrahim-ceyhan-hic-bilinmeyen-yetenegini-acikladi-serdar-ortaca-3-sarki-verdim\/","title":{"rendered":"Halil \u0130brahim Ceyhan hi\u00e7 bilinmeyen yetene\u011fini a\u00e7\u0131klad\u0131! \u201cSerdar Orta\u00e7\u2019a 3 \u015fark\u0131 verdim\u201d"},"content":{"rendered":"<p>\u015eimdilerde Leyla: Hayat\u2026A\u015fk\u2026Adalet\u2026 dizisinde \u201cTufan\u201d karakterini oynayan Halil \u0130brahim Ceyhan hi\u00e7 bilinmeyen yetene\u011fini a\u00e7\u0131klad\u0131. Kat\u0131ld\u0131\u011f\u0131 programda samimi a\u00e7\u0131klamalarda bulunan Ceyhan, s\u00f6yledikleriyle herkesi \u015fa\u015fk\u0131na \u00e7evirdi. Hem oyunculu\u011fu hem de yak\u0131\u015f\u0131kl\u0131l\u0131\u011f\u0131yla ad\u0131ndan s\u0131k s\u0131k s\u00f6z ettiren Ceyhan, \u00f6zel hayat\u0131 hakk\u0131nda da \u00e7e\u015fitli a\u00e7\u0131klamalarda bulundu. \u0130\u015fte Halil \u0130brahim Ceyhan\u2019\u0131n hi\u00e7 bilinmeyen yetene\u011fi\u2026<\/p>\n<hr \/>\n<h3>HAL\u0130L \u0130BRAH\u0130M CEYHAN H\u0130\u00c7 B\u0130L\u0130NMEYEN YETENE\u011e\u0130N\u0130 A\u00c7IKLADI!<\/h3>\n<p>Son zamanlarda ad\u0131ndan \u00e7ok\u00e7a s\u00f6z ettiren \u00fcnl\u00fc oyuncu Halil \u0130brahim Ceyhan, TV8 ekranlar\u0131n\u0131n sevilen program\u0131 \u201cGel Konu\u015fal\u0131m\u201da konuk oldu. Konuk oldu\u011fu programda samimi a\u00e7\u0131klamalarda bulunan Ceyhan, hi\u00e7 bilinmeyen yetene\u011finin ne oldu\u011funu a\u00e7\u0131klad\u0131.<\/p>\n<p><img loading=\"lazy\" decoding=\"async\" class=\"alignnone wp-image-127093\" src=\"https:\/\/www.tgrthaber.com\/mavikadin\/wp-content\/uploads\/Adsiz-tasarim-39-17-1024x576.jpg\" alt=\"Halil \u0130brahim Ceyhan hi\u00e7 bilinmeyen yetene\u011fini a\u00e7\u0131klad\u0131! \u201cSerdar Orta\u00e7\u2019a 3 \u015fark\u0131 verdim\u201d \" width=\"1208\" height=\"680\" title=\"\" srcset=\"https:\/\/www.tgrthaber.com\/mavikadin\/wp-content\/uploads\/Adsiz-tasarim-39-17-1024x576.jpg 1024w, https:\/\/www.tgrthaber.com\/mavikadin\/wp-content\/uploads\/Adsiz-tasarim-39-17-300x169.jpg 300w, https:\/\/www.tgrthaber.com\/mavikadin\/wp-content\/uploads\/Adsiz-tasarim-39-17-768x432.jpg 768w, https:\/\/www.tgrthaber.com\/mavikadin\/wp-content\/uploads\/Adsiz-tasarim-39-17-1536x864.jpg 1536w, https:\/\/www.tgrthaber.com\/mavikadin\/wp-content\/uploads\/Adsiz-tasarim-39-17.jpg 1600w\" sizes=\"(max-width: 1208px) 100vw, 1208px\" \/><\/p>\n<hr \/>\n<p>NOW TV ekranlar\u0131nda izleyici kar\u015f\u0131s\u0131na \u00e7\u0131kan Leyla: Hayat\u2026A\u015fk\u2026Adalet\u2026 dizisinde \u201cTufan\u201d karakterini oynayan Halil \u0130brahim Ceyhan hem ba\u015far\u0131l\u0131 oyunculu\u011fu hem de \u00f6zel hayat\u0131yla dikkatleri \u00fczerine \u00e7ekmeye devam ediyor. Kat\u0131ld\u0131\u011f\u0131 televizyon program\u0131nda hi\u00e7 bilinmeyen yetene\u011fini a\u00e7\u0131klayan Ceyhan, magazin d\u00fcnyas\u0131n\u0131n g\u00fcndemine bomba gibi oturdu. A\u00e7\u0131klamalar\u0131yla herkesi \u015fa\u015fk\u0131na \u00e7eviren Ceyhan, kimsenin bilmedi\u011fi a\u00e7\u0131klamalarda bulundu. \u0130\u015fte Halil \u0130brahim Ceyhan\u2019\u0131n kat\u0131ld\u0131\u011f\u0131 programda yapt\u0131\u011f\u0131 \u00e7arp\u0131c\u0131 a\u00e7\u0131klamalar\u2026<\/p>\n<p><img loading=\"lazy\" decoding=\"async\" class=\"alignnone wp-image-127102\" src=\"https:\/\/www.tgrthaber.com\/mavikadin\/wp-content\/uploads\/Adsiz-tasarim-40-22-1024x576.jpg\" alt=\"Halil \u0130brahim Ceyhan hi\u00e7 bilinmeyen yetene\u011fini a\u00e7\u0131klad\u0131! \u201cSerdar Orta\u00e7\u2019a 3 \u015fark\u0131 verdim\u201d \" width=\"1208\" height=\"680\" title=\"\" srcset=\"https:\/\/www.tgrthaber.com\/mavikadin\/wp-content\/uploads\/Adsiz-tasarim-40-22-1024x576.jpg 1024w, https:\/\/www.tgrthaber.com\/mavikadin\/wp-content\/uploads\/Adsiz-tasarim-40-22-300x169.jpg 300w, https:\/\/www.tgrthaber.com\/mavikadin\/wp-content\/uploads\/Adsiz-tasarim-40-22-768x432.jpg 768w, https:\/\/www.tgrthaber.com\/mavikadin\/wp-content\/uploads\/Adsiz-tasarim-40-22-1536x864.jpg 1536w, https:\/\/www.tgrthaber.com\/mavikadin\/wp-content\/uploads\/Adsiz-tasarim-40-22.jpg 1600w\" sizes=\"(max-width: 1208px) 100vw, 1208px\" \/><\/p>\n<hr \/>\n<h3>\u201cSERDAR ORTA\u00c7\u2019A 3 \u015eARKI VERD\u0130M\u201d<\/h3>\n<p>TV8 ekranlar\u0131nda izleyici kar\u015f\u0131s\u0131na \u00e7\u0131kan Ece Erken ve Nur Tu\u011fba Naml\u0131\u2019n\u0131n sundu\u011fu \u201cGel Konu\u015fal\u0131m\u201d program\u0131 birbirinden \u00f6zel isimleri konuk etmeye devam ediyor. Program\u0131n bug\u00fcnk\u00fc konu\u011fu ise Leyla dizisinin ba\u015far\u0131l\u0131 oyuncusu Halil \u0130brahim Ceyhan oldu. Ceyhan \u201cGel Konu\u015fal\u0131m\u201d program\u0131nda yapt\u0131\u011f\u0131 a\u00e7\u0131klamalarla magazin d\u00fcnyas\u0131n\u0131n g\u00fcndemine oturdu.<\/p>\n<p><img loading=\"lazy\" decoding=\"async\" class=\"alignnone wp-image-127094\" src=\"https:\/\/www.tgrthaber.com\/mavikadin\/wp-content\/uploads\/Adsiz-tasarim-33-26-1024x576.jpg\" alt=\"Halil \u0130brahim Ceyhan hi\u00e7 bilinmeyen yetene\u011fini a\u00e7\u0131klad\u0131! \u201cSerdar Orta\u00e7\u2019a 3 \u015fark\u0131 verdim\u201d \" width=\"1208\" height=\"680\" title=\"\" srcset=\"https:\/\/www.tgrthaber.com\/mavikadin\/wp-content\/uploads\/Adsiz-tasarim-33-26-1024x576.jpg 1024w, https:\/\/www.tgrthaber.com\/mavikadin\/wp-content\/uploads\/Adsiz-tasarim-33-26-300x169.jpg 300w, https:\/\/www.tgrthaber.com\/mavikadin\/wp-content\/uploads\/Adsiz-tasarim-33-26-768x432.jpg 768w, https:\/\/www.tgrthaber.com\/mavikadin\/wp-content\/uploads\/Adsiz-tasarim-33-26-1536x864.jpg 1536w, https:\/\/www.tgrthaber.com\/mavikadin\/wp-content\/uploads\/Adsiz-tasarim-33-26.jpg 1600w\" sizes=\"(max-width: 1208px) 100vw, 1208px\" \/><\/p>\n<hr \/>\n<p>Hem i\u015f hayat\u0131 hem de \u00f6zel hayat\u0131 hakk\u0131nda \u00e7arp\u0131c\u0131 a\u00e7\u0131klamalarda bulunan Halil \u0130brahim Ceyhan, hi\u00e7 bilinmeyen yetene\u011fini itiraf etti. Ceyhan a\u00e7\u0131klamalar\u0131nda: \u201cSerdar Orta\u00e7\u2019\u0131 \u00e7ok be\u011fenirdim, dinlerdim, \u00e7ok iyi \u015fark\u0131lar yapard\u0131. O zamanlar \u015fark\u0131 vermeyi \u00fcmit etmi\u015ftim. Ve ben \u015fu an Serdar\u2019\u0131n son alb\u00fcm\u00fcne 3 tane \u015fark\u0131 verdim. \u2018Yakla\u015f\u2019 benim beraber yazd\u0131k Serdar\u2019la. \u2018Zil Zurna\u2019 benim. \u015eu an son \u00e7\u0131kard\u0131\u011f\u0131 \u2018Pare Pare\u2019 isimli bir \u015fark\u0131 var, o benim.\u201d ifadelerini kulland\u0131.<\/p>\n<p><img loading=\"lazy\" decoding=\"async\" class=\"alignnone wp-image-127096\" src=\"https:\/\/www.tgrthaber.com\/mavikadin\/wp-content\/uploads\/Adsiz-tasarim-35-26-1024x576.jpg\" alt=\"Halil \u0130brahim Ceyhan hi\u00e7 bilinmeyen yetene\u011fini a\u00e7\u0131klad\u0131! \u201cSerdar Orta\u00e7\u2019a 3 \u015fark\u0131 verdim\u201d \" width=\"1208\" height=\"680\" title=\"\" srcset=\"https:\/\/www.tgrthaber.com\/mavikadin\/wp-content\/uploads\/Adsiz-tasarim-35-26-1024x576.jpg 1024w, https:\/\/www.tgrthaber.com\/mavikadin\/wp-content\/uploads\/Adsiz-tasarim-35-26-300x169.jpg 300w, https:\/\/www.tgrthaber.com\/mavikadin\/wp-content\/uploads\/Adsiz-tasarim-35-26-768x432.jpg 768w, https:\/\/www.tgrthaber.com\/mavikadin\/wp-content\/uploads\/Adsiz-tasarim-35-26-1536x864.jpg 1536w, https:\/\/www.tgrthaber.com\/mavikadin\/wp-content\/uploads\/Adsiz-tasarim-35-26.jpg 1600w\" sizes=\"(max-width: 1208px) 100vw, 1208px\" \/><\/p>\n<hr \/>\n<h3>\u201c\u015eARKILARIMI \u0130LK ANNEME D\u0130NLET\u0130YORUM\u201d<\/h3>\n<p>Halil \u0130brahim Ceyhan hi\u00e7 bilinmeyen yetene\u011fini a\u00e7\u0131klad\u0131ktan sonra, \u201c\u0130stikrar g\u00f6sterdikten ve g\u00fczel bir \u015fekilde \u00e7al\u0131\u015ft\u0131ktan sonra hedefinize ula\u015f\u0131yorsunuz. \u00a0Bu \u015fark\u0131lar\u0131n yaz\u0131ld\u0131\u011f\u0131 insanlar da var yaz\u0131lmad\u0131\u011f\u0131 insanlar da var. Filmden de etkilenebiliyorsunuz. \u015eark\u0131lar\u0131m\u0131 ilk anneme dinletiyorum.\u201d \u015feklinde konu\u015ftu.<\/p>\n<p><img loading=\"lazy\" decoding=\"async\" class=\"alignnone wp-image-127100\" src=\"https:\/\/www.tgrthaber.com\/mavikadin\/wp-content\/uploads\/Adsiz-tasarim-34-28-1024x576.jpg\" alt=\"Halil \u0130brahim Ceyhan hi\u00e7 bilinmeyen yetene\u011fini a\u00e7\u0131klad\u0131! \u201cSerdar Orta\u00e7\u2019a 3 \u015fark\u0131 verdim\u201d \" width=\"1208\" height=\"680\" title=\"\" srcset=\"https:\/\/www.tgrthaber.com\/mavikadin\/wp-content\/uploads\/Adsiz-tasarim-34-28-1024x576.jpg 1024w, https:\/\/www.tgrthaber.com\/mavikadin\/wp-content\/uploads\/Adsiz-tasarim-34-28-300x169.jpg 300w, https:\/\/www.tgrthaber.com\/mavikadin\/wp-content\/uploads\/Adsiz-tasarim-34-28-768x432.jpg 768w, https:\/\/www.tgrthaber.com\/mavikadin\/wp-content\/uploads\/Adsiz-tasarim-34-28-1536x864.jpg 1536w, https:\/\/www.tgrthaber.com\/mavikadin\/wp-content\/uploads\/Adsiz-tasarim-34-28.jpg 1600w\" sizes=\"(max-width: 1208px) 100vw, 1208px\" \/><\/p>\n<hr \/>\n<h3>\u201cBUG\u00dcNE KADAR HEP BA\u015eARI ODAKLI \u00c7ALI\u015eTIM\u201d<\/h3>\n<p>\u00d6zel hayat\u0131n\u0131n yan\u0131 s\u0131ra kariyer hayat\u0131 hakk\u0131nda da \u00e7e\u015fitli a\u00e7\u0131klamalarda bulunan Halil \u0130brahim Ceyhan, \u201cBest of Model\u2019a \u015fans eseri kat\u0131ld\u0131m. G\u00fczel de bir derece ald\u0131k. Sonras\u0131nda da i\u015fler ba\u015flad\u0131. Ben o d\u00f6nemlerde oyunculuk e\u011fitimleri almaya devam ediyordum. Do\u011fru i\u015f ne zaman geliyor bilmiyorsunuz. Bir \u015fekilde ba\u015far\u0131 geliyor. Hep ba\u015far\u0131 odakl\u0131 \u00e7al\u0131\u015ft\u0131m bug\u00fcne kadar.\u201d ifadelerine yer verdi.<\/p>\n<p><img loading=\"lazy\" decoding=\"async\" class=\"alignnone wp-image-127097\" src=\"https:\/\/www.tgrthaber.com\/mavikadin\/wp-content\/uploads\/Adsiz-tasarim-38-20-1024x576.jpg\" alt=\"Halil \u0130brahim Ceyhan hi\u00e7 bilinmeyen yetene\u011fini a\u00e7\u0131klad\u0131! \u201cSerdar Orta\u00e7\u2019a 3 \u015fark\u0131 verdim\u201d \" width=\"1208\" height=\"680\" title=\"\" srcset=\"https:\/\/www.tgrthaber.com\/mavikadin\/wp-content\/uploads\/Adsiz-tasarim-38-20-1024x576.jpg 1024w, https:\/\/www.tgrthaber.com\/mavikadin\/wp-content\/uploads\/Adsiz-tasarim-38-20-300x169.jpg 300w, https:\/\/www.tgrthaber.com\/mavikadin\/wp-content\/uploads\/Adsiz-tasarim-38-20-768x432.jpg 768w, https:\/\/www.tgrthaber.com\/mavikadin\/wp-content\/uploads\/Adsiz-tasarim-38-20-1536x864.jpg 1536w, https:\/\/www.tgrthaber.com\/mavikadin\/wp-content\/uploads\/Adsiz-tasarim-38-20.jpg 1600w\" sizes=\"(max-width: 1208px) 100vw, 1208px\" \/><\/p>\n<hr \/>\n<h3>\u201cKIZ ARKADA\u015eIMI AYNI SEKT\u00d6RDEN SE\u00c7MEK ZORUNDA DE\u011e\u0130L\u0130M\u201d<\/h3>\n<p>Ge\u00e7ti\u011fimiz aylarda a\u015fk dedikodular\u0131yla g\u00fcndeme gelen Halil \u0130brahim Ceyhan, \u00f6zel hayat\u0131 hakk\u0131nda da \u00e7e\u015fitli a\u00e7\u0131klamalarda bulundu. \u00dcnl\u00fc oyuncunun kendisini gen\u00e7 ve g\u00fczel oyuncu R\u00fcya \u00c7ori\u00e7\u2019e kapt\u0131rd\u0131\u011f\u0131\u00a0konu\u015fulmu\u015ftu.<\/p>\n<p>Sunucular\u0131n Halil \u0130brahim Ceyhan\u2019a \u00f6zel hayat\u0131n\u0131 sormas\u0131 \u00fczerine \u00fcnl\u00fc oyuncu, \u201c\u00d6zel hayat\u0131 konu\u015fmak istemiyorum. K\u0131z arkada\u015f\u0131m\u0131 ayn\u0131 sekt\u00f6rden se\u00e7mek zorunda de\u011filim. Ayn\u0131 sekt\u00f6r olmayabilir. K\u00fclt\u00fcrel seviye ona uygun olmal\u0131. O y\u00fczden sekt\u00f6r g\u00f6zetmek zor.\u201d ifadelerine yer verdi.<\/p>\n","protected":false},"excerpt":{"rendered":"<p>Leyla dizisinin Tufo\u2019su Halil \u0130brahim Ceyhan hi\u00e7 bilinmeyen yetene\u011fini a\u00e7\u0131klad\u0131! Kat\u0131ld\u0131\u011f\u0131 programda samimi a\u00e7\u0131klamalarda bulunan Ceyhan, herkesi \u015fa\u015fk\u0131na \u00e7evirdi. \u0130\u015fte detaylar\u2026 <\/p>\n","protected":false},"author":26,"featured_media":127092,"comment_status":"closed","ping_status":"closed","sticky":false,"template":"","format":"standard","meta":{"rank_math_lock_modified_date":false,"footnotes":""},"categories":[76],"tags":[131,4004,2674],"class_list":["post-127090","post","type-post","status-publish","format-standard","has-post-thumbnail","hentry","category-magazin","tag-gel-konusalim","tag-halil-ibrahim-ceyhan","tag-serdar-ortac"],"_links":{"self":[{"href":"https:\/\/www.tgrthaber.com\/mavikadin\/wp-json\/wp\/v2\/posts\/127090"}],"collection":[{"href":"https:\/\/www.tgrthaber.com\/mavikadin\/wp-json\/wp\/v2\/posts"}],"about":[{"href":"https:\/\/www.tgrthaber.com\/mavikadin\/wp-json\/wp\/v2\/types\/post"}],"author":[{"embeddable":true,"href":"https:\/\/www.tgrthaber.com\/mavikadin\/wp-json\/wp\/v2\/users\/26"}],"replies":[{"embeddable":true,"href":"https:\/\/www.tgrthaber.com\/mavikadin\/wp-json\/wp\/v2\/comments?post=127090"}],"version-history":[{"count":2,"href":"https:\/\/www.tgrthaber.com\/mavikadin\/wp-json\/wp\/v2\/posts\/127090\/revisions"}],"predecessor-version":[{"id":127104,"href":"https:\/\/www.tgrthaber.com\/mavikadin\/wp-json\/wp\/v2\/posts\/127090\/revisions\/127104"}],"wp:featuredmedia":[{"embeddable":true,"href":"https:\/\/www.tgrthaber.com\/mavikadin\/wp-json\/wp\/v2\/media\/127092"}],"wp:attachment":[{"href":"https:\/\/www.tgrthaber.com\/mavikadin\/wp-json\/wp\/v2\/media?parent=127090"}],"wp:term":[{"taxonomy":"category","embeddable":true,"href":"https:\/\/www.tgrthaber.com\/mavikadin\/wp-json\/wp\/v2\/categories?post=127090"},{"taxonomy":"post_tag","embeddable":true,"href":"https:\/\/www.tgrthaber.com\/mavikadin\/wp-json\/wp\/v2\/tags?post=127090"}],"curies":[{"name":"wp","href":"https:\/\/api.w.org\/{rel}","templated":true}]}}