{"id":127238,"date":"2025-01-30T09:37:58","date_gmt":"2025-01-30T06:37:58","guid":{"rendered":"https:\/\/www.tgrthaber.com\/mavikadin\/?p=127238"},"modified":"2025-01-30T09:37:58","modified_gmt":"2025-01-30T06:37:58","slug":"gassal-dizisinin-yildizi-sahin-kendirciden-dikkat-ceken-ferdi-tayfur-yorumu-bu-allahin-bir-denklemi","status":"publish","type":"post","link":"https:\/\/www.tgrthaber.com\/mavikadin\/gassal-dizisinin-yildizi-sahin-kendirciden-dikkat-ceken-ferdi-tayfur-yorumu-bu-allahin-bir-denklemi\/","title":{"rendered":"Gassal dizisinin y\u0131ld\u0131z\u0131 \u015eahin Kendirci\u2019den dikkat \u00e7eken Ferdi Tayfur yorumu! \u201cBu Allah\u2019\u0131n bir denklemi\u201d"},"content":{"rendered":"<p>Gassal dizisinde s\u00f6yledi\u011fi arabesk \u015fark\u0131larla dikkatleri \u00fczerine \u00e7eken \u015eahin Kendirci, kat\u0131ld\u0131\u011f\u0131 bir davette \u00e7e\u015fitli a\u00e7\u0131klamalarda bulundu. Ferdi Tayfur hakk\u0131nda da \u00e7arp\u0131c\u0131 a\u00e7\u0131klamalarda bulunan Kendirci, yeni nesil \u015fark\u0131c\u0131lar i\u00e7in neler d\u00fc\u015f\u00fcnd\u00fc\u011f\u00fcn\u00fc de dile getirdi. Kendirci, Ferdi Tayfur i\u00e7in \u201cFerdi Baba arabeskin kral\u0131d\u0131r\u201d ifadelerini kulland\u0131. \u0130\u015fte \u015eahin Kendirci\u2019nin dikkat \u00e7eken a\u00e7\u0131klamalar\u0131\u2026<\/p>\n<hr \/>\n<h3>\u201c\u0130\u00c7\u0130M YANAR\u2019A \u00c7OK G\u00dcVEN\u0130YORDUM\u201d<\/h3>\n<p>Gassal dizisindeki muhte\u015fem \u015fark\u0131 performans\u0131yla dikkatleri \u00fczerine \u00e7ekmeyi ba\u015faran \u015eahin Kendirci, ge\u00e7ti\u011fimiz ak\u015fam kat\u0131ld\u0131\u011f\u0131 bir davette gazetecilerin sorular\u0131n\u0131 yan\u0131tlad\u0131. Seslendirdi\u011fi Ferdi Tayfur ve arabesk \u015fark\u0131lar\u0131yla pop\u00fclerli\u011fini art\u0131ran Kendirci, \u015fimdilerde \u201c\u0130\u00e7im Yanar\u201d \u015fark\u0131s\u0131yla s\u0131k s\u0131k g\u00fcndeme geliyor.<\/p>\n<p><img loading=\"lazy\" decoding=\"async\" class=\"alignnone wp-image-127240\" src=\"https:\/\/www.tgrthaber.com\/mavikadin\/wp-content\/uploads\/Sahin-Kendirci-4-1024x576.jpg\" alt=\"Gassal dizisinin y\u0131ld\u0131z\u0131 \u015eahin Kendirci\u2019den dikkat \u00e7eken Ferdi Tayfur yorumu! \" width=\"1208\" height=\"680\" title=\"\" srcset=\"https:\/\/www.tgrthaber.com\/mavikadin\/wp-content\/uploads\/Sahin-Kendirci-4-1024x576.jpg 1024w, https:\/\/www.tgrthaber.com\/mavikadin\/wp-content\/uploads\/Sahin-Kendirci-4-300x169.jpg 300w, https:\/\/www.tgrthaber.com\/mavikadin\/wp-content\/uploads\/Sahin-Kendirci-4-768x432.jpg 768w, https:\/\/www.tgrthaber.com\/mavikadin\/wp-content\/uploads\/Sahin-Kendirci-4-1536x864.jpg 1536w, https:\/\/www.tgrthaber.com\/mavikadin\/wp-content\/uploads\/Sahin-Kendirci-4.jpg 1600w\" sizes=\"(max-width: 1208px) 100vw, 1208px\" \/><\/p>\n<hr \/>\n<p>Kat\u0131ld\u0131\u011f\u0131 davette sahne \u00f6ncesi bas\u0131n mensuplar\u0131yla bir araya gelen Kendirci, \u201c\u0130\u00e7im Yanar\u201d \u015fark\u0131s\u0131 i\u00e7in: \u201c\u00c7ok g\u00fczel. \u0130\u00e7im Yanar\u2019a \u00e7ok g\u00fcveniyordum. Hem Ferdi Baban\u0131n b\u00f6yle bir \u015fark\u0131y\u0131 \u00fclkeye bildiriyor olmas\u0131, biliniyor olmas\u0131 hem de benim a\u011fz\u0131mdan hi\u00e7bir k\u00f6t\u00fc ele\u015ftiri almadan onlar\u0131n y\u00fcreklerine girmek \u00e7ok k\u0131ymetli bir \u015fey.\u201d ifadelerini kulland\u0131.<\/p>\n<h3>\u201cBU ALLAH\u2019IN B\u0130R DENKLEM\u0130\u201d<\/h3>\n<p>Ferdi Tayfur\u2019un vefat\u0131 hakk\u0131nda da konu\u015fan \u015eahin Kendirci, \u201cFerdi Tayfur\u2019un vefat\u0131 diziden 1 hafta sonra oldu. Bu Allah\u2019\u0131n bir denklemi. \u0130\u015fi yapt\u0131k, i\u015f patlad\u0131 sonra Ferdi Baba rahmetli oldu. Bence bunu hi\u00e7 kimse tats\u0131z bir yorum yapmamal\u0131 \u00e7\u00fcnk\u00fc bizimle alakal\u0131 olan bir \u015fey de\u011fil Allah\u2019\u0131n bir denklemi bu. Ferdi Babam\u0131z\u0131 unutturmayacak bir i\u015f yapt\u0131\u011f\u0131m\u0131z\u0131 d\u00fc\u015f\u00fcn\u00fcyorum.<\/p>\n<p><img loading=\"lazy\" decoding=\"async\" class=\"alignnone wp-image-127241\" src=\"https:\/\/www.tgrthaber.com\/mavikadin\/wp-content\/uploads\/Sahin-Kendirci-3-1024x576.jpg\" alt=\"Gassal dizisinin y\u0131ld\u0131z\u0131 \u015eahin Kendirci\u2019den dikkat \u00e7eken Ferdi Tayfur yorumu! \" width=\"1208\" height=\"680\" title=\"\" srcset=\"https:\/\/www.tgrthaber.com\/mavikadin\/wp-content\/uploads\/Sahin-Kendirci-3-1024x576.jpg 1024w, https:\/\/www.tgrthaber.com\/mavikadin\/wp-content\/uploads\/Sahin-Kendirci-3-300x169.jpg 300w, https:\/\/www.tgrthaber.com\/mavikadin\/wp-content\/uploads\/Sahin-Kendirci-3-768x432.jpg 768w, https:\/\/www.tgrthaber.com\/mavikadin\/wp-content\/uploads\/Sahin-Kendirci-3-1536x864.jpg 1536w, https:\/\/www.tgrthaber.com\/mavikadin\/wp-content\/uploads\/Sahin-Kendirci-3.jpg 1600w\" sizes=\"(max-width: 1208px) 100vw, 1208px\" \/><\/p>\n<hr \/>\n<h3>\u015eAH\u0130N KEND\u0130RC\u0130\u2019DEN LVC5\u2019E M\u0130YAV M\u0130YAV G\u00d6NDERMES\u0130!<\/h3>\n<p>Ge\u00e7ti\u011fimiz ak\u015fam NO:3 sahnesinde performans sergileyen \u015eahin Kendirci, gazetecilerin sorular\u0131n\u0131 yan\u0131tlad\u0131. Ferdi Tayfur hakk\u0131nda konu\u015fan Kendirci, yeni nesil rap\u00e7i ya\u015f\u0131tlar\u0131 hakk\u0131nda da \u00e7e\u015fitli a\u00e7\u0131klamalarda bulundu. LvbelC5 lakapl\u0131 \u00fcnl\u00fc rap\u00e7inin yeni \u015fark\u0131s\u0131 \u201cHavhavhav\u201d hakk\u0131nda yorumunu dile getiren Kendirci, \u201cLvbel C5\u2019i \u00e7ok taktir ediyorum. Bir\u00e7ok ya\u015fta\u015f\u0131m olan rap\u00e7i var. Hepsini taktir ediyorum. Hemen menajerimle konu\u015ftum. Biz de \u2018miyav miyav\u2019 diye bir \u015fark\u0131 \u00e7\u0131karal\u0131m.\u201d ifadelerini kulland\u0131.<\/p>\n<p><img loading=\"lazy\" decoding=\"async\" class=\"alignnone wp-image-127242\" src=\"https:\/\/www.tgrthaber.com\/mavikadin\/wp-content\/uploads\/Sahin-Kendirci-2-1024x576.jpg\" alt=\"Gassal dizisinin y\u0131ld\u0131z\u0131 \u015eahin Kendirci\u2019den dikkat \u00e7eken Ferdi Tayfur yorumu! \" width=\"1208\" height=\"680\" title=\"\" srcset=\"https:\/\/www.tgrthaber.com\/mavikadin\/wp-content\/uploads\/Sahin-Kendirci-2-1024x576.jpg 1024w, https:\/\/www.tgrthaber.com\/mavikadin\/wp-content\/uploads\/Sahin-Kendirci-2-300x169.jpg 300w, https:\/\/www.tgrthaber.com\/mavikadin\/wp-content\/uploads\/Sahin-Kendirci-2-768x432.jpg 768w, https:\/\/www.tgrthaber.com\/mavikadin\/wp-content\/uploads\/Sahin-Kendirci-2-1536x864.jpg 1536w, https:\/\/www.tgrthaber.com\/mavikadin\/wp-content\/uploads\/Sahin-Kendirci-2.jpg 1600w\" sizes=\"(max-width: 1208px) 100vw, 1208px\" \/><\/p>\n<hr \/>\n<p>\u0130\u015fin \u015fakas\u0131nda oldu\u011funu da belirten \u015eahin Kendirci, a\u00e7\u0131klamalar\u0131na: \u201cBenim geldi\u011fim topraklarda, benim co\u011frafyamda b\u00fcy\u00fcyen insanlar, benim kitlem bunu dinlemez. \u0130\u00e7im Yanar\u2019\u0131 dinler, Mutlu Ol Yeter\u2019i dinler, Ka\u00e7 Kadeh K\u0131r\u0131ld\u0131\u2019y\u0131 dinler\u2026 \u00c7\u00fcnk\u00fc biz onlarla b\u00fcy\u00fcd\u00fck. Onu dinleyen kitleye de sayg\u0131 duyuyorum. Herkes ekme\u011finde\u2026 Lvbel C5 ve di\u011fer rap\u00e7i arkada\u015flar\u0131ma da ba\u015far\u0131lar diliyorum.\u201d \u015feklinde devam etti.<\/p>\n","protected":false},"excerpt":{"rendered":"<p>Gassal dizisindeki performans\u0131yla dikkatleri \u00fczerine \u00e7eken \u015eahin Kendirci, Ferdi Tayfur a\u00e7\u0131klamalar\u0131yla g\u00fcndeme geldi. \u0130\u015fte detaylar\u2026 <\/p>\n","protected":false},"author":26,"featured_media":127239,"comment_status":"closed","ping_status":"closed","sticky":false,"template":"","format":"standard","meta":{"rank_math_lock_modified_date":false,"footnotes":""},"categories":[76],"tags":[4326,9395,6224],"class_list":["post-127238","post","type-post","status-publish","format-standard","has-post-thumbnail","hentry","category-magazin","tag-ferdi-tayfur","tag-lvbel-c5","tag-sahin-kendirci"],"_links":{"self":[{"href":"https:\/\/www.tgrthaber.com\/mavikadin\/wp-json\/wp\/v2\/posts\/127238"}],"collection":[{"href":"https:\/\/www.tgrthaber.com\/mavikadin\/wp-json\/wp\/v2\/posts"}],"about":[{"href":"https:\/\/www.tgrthaber.com\/mavikadin\/wp-json\/wp\/v2\/types\/post"}],"author":[{"embeddable":true,"href":"https:\/\/www.tgrthaber.com\/mavikadin\/wp-json\/wp\/v2\/users\/26"}],"replies":[{"embeddable":true,"href":"https:\/\/www.tgrthaber.com\/mavikadin\/wp-json\/wp\/v2\/comments?post=127238"}],"version-history":[{"count":2,"href":"https:\/\/www.tgrthaber.com\/mavikadin\/wp-json\/wp\/v2\/posts\/127238\/revisions"}],"predecessor-version":[{"id":127244,"href":"https:\/\/www.tgrthaber.com\/mavikadin\/wp-json\/wp\/v2\/posts\/127238\/revisions\/127244"}],"wp:featuredmedia":[{"embeddable":true,"href":"https:\/\/www.tgrthaber.com\/mavikadin\/wp-json\/wp\/v2\/media\/127239"}],"wp:attachment":[{"href":"https:\/\/www.tgrthaber.com\/mavikadin\/wp-json\/wp\/v2\/media?parent=127238"}],"wp:term":[{"taxonomy":"category","embeddable":true,"href":"https:\/\/www.tgrthaber.com\/mavikadin\/wp-json\/wp\/v2\/categories?post=127238"},{"taxonomy":"post_tag","embeddable":true,"href":"https:\/\/www.tgrthaber.com\/mavikadin\/wp-json\/wp\/v2\/tags?post=127238"}],"curies":[{"name":"wp","href":"https:\/\/api.w.org\/{rel}","templated":true}]}}